{"id":37447,"date":"2026-03-08T12:45:00","date_gmt":"2026-03-08T15:45:00","guid":{"rendered":"https:\/\/diariodocomercio.com.br\/mix\/?p=37447"},"modified":"2026-03-05T13:50:09","modified_gmt":"2026-03-05T16:50:09","slug":"maridos-e-esposas-podem-perder-direito-de-heranca-em-caso-de-falecimento-do-conjuge","status":"publish","type":"post","link":"https:\/\/diariodocomercio.com.br\/mix\/maridos-e-esposas-podem-perder-direito-de-heranca-em-caso-de-falecimento-do-conjuge\/","title":{"rendered":"Maridos e esposas podem perder direito de heran\u00e7a em caso de falecimento do c\u00f4njuge"},"content":{"rendered":"\n<p>Mudan\u00e7as significativas nas leis que regem a uni\u00e3o est\u00e1vel est\u00e3o prestes a impactar casais em todo o Brasil. O <strong>Projeto de Lei 1072\/25<\/strong>, proposto pelo deputado Antonio Carlos Rodrigues (PL-SP), atualmente em an\u00e1lise na C\u00e2mara dos Deputados, sugere que a uni\u00e3o est\u00e1vel <strong>n\u00e3o seja mais reconhecida <\/strong>ap\u00f3s a morte de um dos parceiros.<\/p>\n\n\n\n<p>A tramita\u00e7\u00e3o acontece em 2026, destacando a exig\u00eancia de formaliza\u00e7\u00e3o em cart\u00f3rio como elemento crucial para a legaliza\u00e7\u00e3o dessas rela\u00e7\u00f5es. O objetivo principal \u00e9 evitar fraudes e garantir maior seguran\u00e7a jur\u00eddica nos processos de sucess\u00e3o.<\/p>\n\n\n\n<h2 class=\"wp-block-heading\">Altera\u00e7\u00f5es no C\u00f3digo Civil&nbsp;<\/h2>\n\n\n\n<p>Este projeto de lei busca modificar o C\u00f3digo Civil e a Lei da Uni\u00e3o Est\u00e1vel. Atualmente, a conviv\u00eancia p\u00fablica e cont\u00ednua entre duas pessoas pode configurar uma uni\u00e3o est\u00e1vel.<\/p>\n\n\n\n<p>Contudo, com a nova proposta, somente a oficializa\u00e7\u00e3o em vida, por meio de <strong>escritura p\u00fablica, <\/strong>seria suficiente para manter esses direitos legais. Essa mudan\u00e7a visa impedir que direitos sejam reivindicados sem uma formaliza\u00e7\u00e3o pr\u00e9via.<\/p>\n\n\n\n<h2 class=\"wp-block-heading\">Consequ\u00eancias no direito de conviv\u00eancia p\u00f3s-falecimento<\/h2>\n\n\n\n<p>Caso aprovado, o projeto de lei impactar\u00e1 diretamente o reconhecimento legal da conviv\u00eancia ap\u00f3s a morte, independentemente de provas substanciais de conviv\u00eancia.<\/p>\n\n\n\n<p>Isso representa uma altera\u00e7\u00e3o significativa para parceiros que ainda dependem de testemunhos ou documentos digitais para valida\u00e7\u00e3o. A modifica\u00e7\u00e3o projetada tamb\u00e9m influencia a concess\u00e3o de benef\u00edcios previdenci\u00e1rios, como a pens\u00e3o por morte do INSS.<\/p>\n\n\n\n<h2 class=\"wp-block-heading\">A\u00e7\u00e3o preventiva para casais<\/h2>\n\n\n\n<p>Devido \u00e0 potencial urg\u00eancia do projeto, casais em uni\u00e3o est\u00e1vel s\u00e3o aconselhados a <strong>formalizar suas uni\u00f5es em cart\u00f3rio<\/strong> o quanto antes. A obten\u00e7\u00e3o de uma escritura p\u00fablica pode tornar-se uma medida preventiva decisiva para assegurar direitos como pens\u00e3o e heran\u00e7a numa eventualidade.&nbsp;<\/p>\n\n\n\n<h2 class=\"wp-block-heading\">Panorama atual do projeto de lei<\/h2>\n\n\n\n<p>O projeto <strong>ainda est\u00e1 em tramita\u00e7\u00e3o<\/strong> na C\u00e2mara dos Deputados e passar\u00e1 pela an\u00e1lise das comiss\u00f5es de Previd\u00eancia e Justi\u00e7a. Para se tornar lei, o texto necessita de aprova\u00e7\u00e3o tanto na C\u00e2mara quanto no Senado.<\/p>\n","protected":false},"excerpt":{"rendered":"<p>Mudan\u00e7as significativas nas leis que regem a uni\u00e3o est\u00e1vel est\u00e3o prestes a impactar casais.<\/p>\n","protected":false},"author":12,"featured_media":22451,"comment_status":"closed","ping_status":"closed","sticky":false,"template":"","format":"standard","meta":{"jnews-multi-image_gallery":[],"jnews_single_post":{"format":"standard"},"jnews_primary_category":[],"jnews_social_meta":[],"jnews_override_counter":[],"jnews_post_split":[],"footnotes":""},"categories":[1],"tags":[],"class_list":["post-37447","post","type-post","status-publish","format-standard","has-post-thumbnail","hentry","category-geral"],"_referencia":"","_links":{"self":[{"href":"https:\/\/diariodocomercio.com.br\/mix\/wp-json\/wp\/v2\/posts\/37447","targetHints":{"allow":["GET"]}}],"collection":[{"href":"https:\/\/diariodocomercio.com.br\/mix\/wp-json\/wp\/v2\/posts"}],"about":[{"href":"https:\/\/diariodocomercio.com.br\/mix\/wp-json\/wp\/v2\/types\/post"}],"author":[{"embeddable":true,"href":"https:\/\/diariodocomercio.com.br\/mix\/wp-json\/wp\/v2\/users\/12"}],"replies":[{"embeddable":true,"href":"https:\/\/diariodocomercio.com.br\/mix\/wp-json\/wp\/v2\/comments?post=37447"}],"version-history":[{"count":1,"href":"https:\/\/diariodocomercio.com.br\/mix\/wp-json\/wp\/v2\/posts\/37447\/revisions"}],"predecessor-version":[{"id":37450,"href":"https:\/\/diariodocomercio.com.br\/mix\/wp-json\/wp\/v2\/posts\/37447\/revisions\/37450"}],"wp:featuredmedia":[{"embeddable":true,"href":"https:\/\/diariodocomercio.com.br\/mix\/wp-json\/wp\/v2\/media\/22451"}],"wp:attachment":[{"href":"https:\/\/diariodocomercio.com.br\/mix\/wp-json\/wp\/v2\/media?parent=37447"}],"wp:term":[{"taxonomy":"category","embeddable":true,"href":"https:\/\/diariodocomercio.com.br\/mix\/wp-json\/wp\/v2\/categories?post=37447"},{"taxonomy":"post_tag","embeddable":true,"href":"https:\/\/diariodocomercio.com.br\/mix\/wp-json\/wp\/v2\/tags?post=37447"}],"curies":[{"name":"wp","href":"https:\/\/api.w.org\/{rel}","templated":true}]}}