{"id":37456,"date":"2026-03-08T14:12:00","date_gmt":"2026-03-08T17:12:00","guid":{"rendered":"https:\/\/diariodocomercio.com.br\/mix\/?p=37456"},"modified":"2026-03-05T14:05:26","modified_gmt":"2026-03-05T17:05:26","slug":"maes-de-criancas-e-adolescentes-com-deficiencia-podem-ter-direito-a-beneficio-de-r-1-62100","status":"publish","type":"post","link":"https:\/\/diariodocomercio.com.br\/mix\/maes-de-criancas-e-adolescentes-com-deficiencia-podem-ter-direito-a-beneficio-de-r-1-62100\/","title":{"rendered":"M\u00e3es de crian\u00e7as e adolescentes com defici\u00eancia podem ter direito a benef\u00edcio de R$ 1.621,00"},"content":{"rendered":"\n<p>Um projeto de lei aprovado em agosto de 2025 por uma comiss\u00e3o da C\u00e2mara dos Deputados prev\u00ea a cria\u00e7\u00e3o de um novo benef\u00edcio para m\u00e3es ou respons\u00e1veis legais por crian\u00e7as e adolescentes com defici\u00eancia. A proposta institui o Aux\u00edlio M\u00e3e At\u00edpica (AMA), que pode chegar a um sal\u00e1rio m\u00ednimo \u2014 atualmente R$ 1.621,00.<\/p>\n\n\n\n<p>Apesar da aprova\u00e7\u00e3o inicial, o texto <strong>ainda precisa passar por outras comiss\u00f5es da C\u00e2mara<\/strong>, antes de seguir para an\u00e1lise do <strong>Senado Federal<\/strong>. Somente ap\u00f3s aprova\u00e7\u00e3o nas duas Casas e san\u00e7\u00e3o presidencial \u00e9 que a medida poder\u00e1 entrar em vigor.<\/p>\n\n\n\n<p>O projeto prev\u00ea que o benef\u00edcio seja destinado a m\u00e3es biol\u00f3gicas, adotivas ou respons\u00e1veis legais que cuidam de crian\u00e7as ou adolescentes com Transtorno do Espectro Autista (TEA) ou outras defici\u00eancias graves que demandem aten\u00e7\u00e3o constante.<\/p>\n\n\n\n<p>De acordo com o texto, o valor do aux\u00edlio poder\u00e1 variar entre <strong>meio sal\u00e1rio m\u00ednimo e um sal\u00e1rio m\u00ednimo<\/strong>, dependendo do grau de comprometimento da crian\u00e7a e da situa\u00e7\u00e3o socioecon\u00f4mica da fam\u00edlia.<\/p>\n\n\n\n<p>Entre os crit\u00e9rios previstos para ter acesso ao benef\u00edcio est\u00e3o:<\/p>\n\n\n\n<ul class=\"wp-block-list\">\n<li>ser respons\u00e1vel legal por crian\u00e7a ou adolescente com TEA ou defici\u00eancia grave;<\/li>\n\n\n\n<li>apresentar <strong>laudos m\u00e9dicos ou relat\u00f3rios profissionais<\/strong> que comprovem a necessidade de cuidados intensivos;<\/li>\n\n\n\n<li>estar <strong>inscrito no Cadastro \u00danico para Programas Sociais (Cad\u00danico)<\/strong>.<\/li>\n<\/ul>\n\n\n\n<p>A elegibilidade dever\u00e1 ser avaliada por uma <strong>equipe multiprofissional<\/strong>, formada por assistente social, psic\u00f3logo e profissional da \u00e1rea da sa\u00fade.<\/p>\n\n\n\n<h2 class=\"wp-block-heading\"><strong>Benef\u00edcio poder\u00e1 ser acumulado com o BPC<\/strong><\/h2>\n\n\n\n<p>Segundo o projeto, o Aux\u00edlio M\u00e3e At\u00edpica poder\u00e1 ser <strong>acumulado com o Benef\u00edcio de Presta\u00e7\u00e3o Continuada (BPC)<\/strong> recebido pela pessoa com defici\u00eancia.<\/p>\n\n\n\n<p>A proposta tamb\u00e9m prev\u00ea <strong>atendimento psicossocial<\/strong> \u00e0s m\u00e3es e respons\u00e1veis, reconhecendo a sobrecarga f\u00edsica e emocional enfrentada por fam\u00edlias que cuidam de pessoas com defici\u00eancia.<\/p>\n\n\n\n<p>Para o relator da proposta na comiss\u00e3o, deputado <strong>Duarte Jr. (PSB-MA)<\/strong>, o aux\u00edlio representa um reconhecimento da realidade enfrentada por essas fam\u00edlias.<\/p>\n\n\n\n<blockquote class=\"wp-block-quote is-layout-flow wp-block-quote-is-layout-flow\">\n<p>\u201c\u00c9 um reconhecimento do papel central da m\u00e3e at\u00edpica, que muitas vezes precisa abrir m\u00e3o da carreira e da independ\u00eancia financeira para cuidar integralmente do filho\u201d, afirmou.<\/p>\n<\/blockquote>\n\n\n\n<h2 class=\"wp-block-heading\"><strong>Pr\u00f3ximos passos do projeto<\/strong><\/h2>\n\n\n\n<p>O projeto, apresentado pelo deputado <strong>Glaustin da Fokus (Pode-GO)<\/strong>, recebeu parecer favor\u00e1vel da relatora <strong>Katia Dias (Republicanos-MG)<\/strong> na Comiss\u00e3o de Defesa dos Direitos das Pessoas com Defici\u00eancia.<\/p>\n\n\n\n<p>Agora, a proposta ainda precisa ser analisada por tr\u00eas comiss\u00f5es da C\u00e2mara:<\/p>\n\n\n\n<ul class=\"wp-block-list\">\n<li><strong>Previd\u00eancia, Assist\u00eancia Social, Inf\u00e2ncia, Adolesc\u00eancia e Fam\u00edlia<\/strong><\/li>\n\n\n\n<li><strong>Finan\u00e7as e Tributa\u00e7\u00e3o<\/strong><\/li>\n\n\n\n<li><strong>Constitui\u00e7\u00e3o e Justi\u00e7a e de Cidadania (CCJ)<\/strong><\/li>\n<\/ul>\n\n\n\n<p>Somente ap\u00f3s essa etapa o texto poder\u00e1 ser enviado ao <strong>Senado<\/strong> para nova vota\u00e7\u00e3o.<\/p>\n","protected":false},"excerpt":{"rendered":"<p>Um projeto de lei aprovado em agosto de 2025 por uma comiss\u00e3o da C\u00e2mara dos Deputados prev\u00ea a cria\u00e7\u00e3o de um novo benef\u00edcio para m\u00e3es ou respons\u00e1veis legais por crian\u00e7as e adolescentes com defici\u00eancia. A proposta institui o Aux\u00edlio M\u00e3e At\u00edpica (AMA), que pode chegar a um sal\u00e1rio m\u00ednimo \u2014 atualmente R$ 1.621,00. Apesar da [&hellip;]<\/p>\n","protected":false},"author":9,"featured_media":5571,"comment_status":"closed","ping_status":"closed","sticky":false,"template":"","format":"standard","meta":{"jnews-multi-image_gallery":[],"jnews_single_post":{"format":"standard"},"jnews_primary_category":[],"jnews_social_meta":[],"jnews_override_counter":[],"jnews_post_split":[],"footnotes":""},"categories":[1],"tags":[],"class_list":["post-37456","post","type-post","status-publish","format-standard","has-post-thumbnail","hentry","category-geral"],"_referencia":"","_links":{"self":[{"href":"https:\/\/diariodocomercio.com.br\/mix\/wp-json\/wp\/v2\/posts\/37456","targetHints":{"allow":["GET"]}}],"collection":[{"href":"https:\/\/diariodocomercio.com.br\/mix\/wp-json\/wp\/v2\/posts"}],"about":[{"href":"https:\/\/diariodocomercio.com.br\/mix\/wp-json\/wp\/v2\/types\/post"}],"author":[{"embeddable":true,"href":"https:\/\/diariodocomercio.com.br\/mix\/wp-json\/wp\/v2\/users\/9"}],"replies":[{"embeddable":true,"href":"https:\/\/diariodocomercio.com.br\/mix\/wp-json\/wp\/v2\/comments?post=37456"}],"version-history":[{"count":1,"href":"https:\/\/diariodocomercio.com.br\/mix\/wp-json\/wp\/v2\/posts\/37456\/revisions"}],"predecessor-version":[{"id":37459,"href":"https:\/\/diariodocomercio.com.br\/mix\/wp-json\/wp\/v2\/posts\/37456\/revisions\/37459"}],"wp:featuredmedia":[{"embeddable":true,"href":"https:\/\/diariodocomercio.com.br\/mix\/wp-json\/wp\/v2\/media\/5571"}],"wp:attachment":[{"href":"https:\/\/diariodocomercio.com.br\/mix\/wp-json\/wp\/v2\/media?parent=37456"}],"wp:term":[{"taxonomy":"category","embeddable":true,"href":"https:\/\/diariodocomercio.com.br\/mix\/wp-json\/wp\/v2\/categories?post=37456"},{"taxonomy":"post_tag","embeddable":true,"href":"https:\/\/diariodocomercio.com.br\/mix\/wp-json\/wp\/v2\/tags?post=37456"}],"curies":[{"name":"wp","href":"https:\/\/api.w.org\/{rel}","templated":true}]}}