{"id":37709,"date":"2026-03-08T12:36:00","date_gmt":"2026-03-08T15:36:00","guid":{"rendered":"https:\/\/diariodocomercio.com.br\/mix\/?p=37709"},"modified":"2026-03-06T19:45:12","modified_gmt":"2026-03-06T22:45:12","slug":"usuarios-do-chatgpt-recebem-proibicao-no-whatsapp","status":"publish","type":"post","link":"https:\/\/diariodocomercio.com.br\/mix\/usuarios-do-chatgpt-recebem-proibicao-no-whatsapp\/","title":{"rendered":"Usu\u00e1rios do ChatGPT recebem proibi\u00e7\u00e3o no WhatsApp"},"content":{"rendered":"\n<p>A Meta, empresa respons\u00e1vel pelo <strong>WhatsApp<\/strong>, anunciou a proibi\u00e7\u00e3o do uso de <strong>chatbots de intelig\u00eancia artificial <\/strong>na API do WhatsApp Business. Essa decis\u00e3o foi tomada para restringir a plataforma a intera\u00e7\u00f5es entre empresas e clientes, permitindo apenas o assistente Meta AI. Provedores de IA como o ChatGPT ser\u00e3o diretamente impactados por essa restri\u00e7\u00e3o.<\/p>\n\n\n\n<p>A proibi\u00e7\u00e3o dos chatbots de IA no WhatsApp Business coloca desafios significativos para empresas que utilizam essas tecnologias em seus servi\u00e7os. A Meta argumenta que a mudan\u00e7a \u00e9 necess\u00e1ria para evitar sobrecarga nos sistemas do WhatsApp.<\/p>\n\n\n\n<p>Enquanto isso, na Europa, a situa\u00e7\u00e3o \u00e9 distinta. A Meta permitir\u00e1 que chatbots rivais continuem operando por mais 12 meses, conforme exigido pela Comiss\u00e3o Europeia, que investiga o impacto dessa restri\u00e7\u00e3o sobre a concorr\u00eancia. Essa mudan\u00e7a cria um cen\u00e1rio em que apenas grandes empresas conseguem operar de forma sustent\u00e1vel.<\/p>\n\n\n\n<h2 class=\"wp-block-heading\">Brasil&nbsp;<\/h2>\n\n\n\n<p>No Brasil, o Conselho Administrativo de Defesa Econ\u00f4mica (Cade) interveio, inicialmente <strong>suspendendo as novas regras,<\/strong> mas essa decis\u00e3o foi posteriormente revertida.<\/p>\n\n\n\n<p>No entanto, em mar\u00e7o de 2026, a revoga\u00e7\u00e3o das restri\u00e7\u00f5es foi restabelecida, permitindo novamente o uso de IAs de terceiros.&nbsp;<\/p>\n\n\n\n<h2 class=\"wp-block-heading\">Futuro do WhatsApp Business API<\/h2>\n\n\n\n<p>A adapta\u00e7\u00e3o da Meta \u00e0s exig\u00eancias regulat\u00f3rias locais mostra que o futuro da API do WhatsApp Business depender\u00e1 das rea\u00e7\u00f5es de cada mercado. Especialistas est\u00e3o de olho em como essas mudan\u00e7as podem afetar a inova\u00e7\u00e3o.<\/p>\n\n\n\n<p>Enquanto a Meta busca fortalecer sua posi\u00e7\u00e3o com o Meta AI, empresas menores ter\u00e3o que reconsiderar suas estrat\u00e9gias via WhatsApp.<\/p>\n","protected":false},"excerpt":{"rendered":"<p>A Meta argumenta que a mudan\u00e7a \u00e9 necess\u00e1ria para evitar sobrecarga nos sistemas do WhatsApp.<\/p>\n","protected":false},"author":12,"featured_media":10467,"comment_status":"closed","ping_status":"closed","sticky":false,"template":"","format":"standard","meta":{"jnews-multi-image_gallery":[],"jnews_single_post":{"format":"standard"},"jnews_primary_category":[],"jnews_social_meta":[],"jnews_override_counter":[],"jnews_post_split":[],"footnotes":""},"categories":[1],"tags":[],"class_list":["post-37709","post","type-post","status-publish","format-standard","has-post-thumbnail","hentry","category-geral"],"_referencia":"","_links":{"self":[{"href":"https:\/\/diariodocomercio.com.br\/mix\/wp-json\/wp\/v2\/posts\/37709","targetHints":{"allow":["GET"]}}],"collection":[{"href":"https:\/\/diariodocomercio.com.br\/mix\/wp-json\/wp\/v2\/posts"}],"about":[{"href":"https:\/\/diariodocomercio.com.br\/mix\/wp-json\/wp\/v2\/types\/post"}],"author":[{"embeddable":true,"href":"https:\/\/diariodocomercio.com.br\/mix\/wp-json\/wp\/v2\/users\/12"}],"replies":[{"embeddable":true,"href":"https:\/\/diariodocomercio.com.br\/mix\/wp-json\/wp\/v2\/comments?post=37709"}],"version-history":[{"count":1,"href":"https:\/\/diariodocomercio.com.br\/mix\/wp-json\/wp\/v2\/posts\/37709\/revisions"}],"predecessor-version":[{"id":37710,"href":"https:\/\/diariodocomercio.com.br\/mix\/wp-json\/wp\/v2\/posts\/37709\/revisions\/37710"}],"wp:featuredmedia":[{"embeddable":true,"href":"https:\/\/diariodocomercio.com.br\/mix\/wp-json\/wp\/v2\/media\/10467"}],"wp:attachment":[{"href":"https:\/\/diariodocomercio.com.br\/mix\/wp-json\/wp\/v2\/media?parent=37709"}],"wp:term":[{"taxonomy":"category","embeddable":true,"href":"https:\/\/diariodocomercio.com.br\/mix\/wp-json\/wp\/v2\/categories?post=37709"},{"taxonomy":"post_tag","embeddable":true,"href":"https:\/\/diariodocomercio.com.br\/mix\/wp-json\/wp\/v2\/tags?post=37709"}],"curies":[{"name":"wp","href":"https:\/\/api.w.org\/{rel}","templated":true}]}}