{"id":37711,"date":"2026-03-08T13:31:00","date_gmt":"2026-03-08T16:31:00","guid":{"rendered":"https:\/\/diariodocomercio.com.br\/mix\/?p=37711"},"modified":"2026-03-06T19:51:56","modified_gmt":"2026-03-06T22:51:56","slug":"lista-de-brasileiros-tera-o-bolsa-familia-adiantado-em-marco","status":"publish","type":"post","link":"https:\/\/diariodocomercio.com.br\/mix\/lista-de-brasileiros-tera-o-bolsa-familia-adiantado-em-marco\/","title":{"rendered":"Lista de brasileiros ter\u00e1 o Bolsa Fam\u00edlia adiantado em mar\u00e7o"},"content":{"rendered":"\n<p>Pagamentos antecipados do <strong>Bolsa Fam\u00edlia<\/strong> em <strong>Minas Gerais<\/strong> est\u00e3o previstos para os benefici\u00e1rios em cidades da Zona da Mata afetadas por enchentes. A Caixa Econ\u00f4mica Federal, em a\u00e7\u00e3o conjunta com o governo, anunciou essa medida para proporcionar al\u00edvio imediato \u00e0s fam\u00edlias atingidas.<\/p>\n\n\n\n<p>Os destes pagamentos come\u00e7ar\u00e3o em 18 de mar\u00e7o, com o objetivo de acelerar a entrega de recursos essenciais em tempos de crise.<\/p>\n\n\n\n<h2 class=\"wp-block-heading\">Motiva\u00e7\u00f5es para a medida<\/h2>\n\n\n\n<p>Moradores das cidades mineiras oficialmente reconhecidas em situa\u00e7\u00e3o de emerg\u00eancia ser\u00e3o os beneficiados. Essa decis\u00e3o visa mitigar as dificuldades financeiras enfrentadas pelas comunidades afetadas, garantindo suporte r\u00e1pido e eficiente.<\/p>\n\n\n\n<p>Ao contr\u00e1rio dos pagamentos regulares, que seguem um calend\u00e1rio escalonado conforme o final do NIS, o valor estar\u00e1 dispon\u00edvel no in\u00edcio do cronograma de pagamentos anunciado.<\/p>\n\n\n\n<h2 class=\"wp-block-heading\">Medidas financeiras complementares<\/h2>\n\n\n\n<p>Al\u00e9m da antecipa\u00e7\u00e3o, a Caixa permitir\u00e1 pausas tempor\u00e1rias em financiamentos habitacionais para os habitantes afetados pelas enchentes. Essa medida permite uma suspens\u00e3o de presta\u00e7\u00f5es por at\u00e9 seis meses, as quais ser\u00e3o incorporadas ao saldo devedor posteriormente.<\/p>\n\n\n\n<p>Esta abordagem busca aliviar a press\u00e3o financeira sem alterar as condi\u00e7\u00f5es iniciais dos juros.<\/p>\n\n\n\n<ul class=\"wp-block-list\">\n<li>Suspens\u00e3o por at\u00e9 seis meses nas presta\u00e7\u00f5es.<\/li>\n\n\n\n<li>Integra\u00e7\u00e3o das parcelas vencidas ao saldo devedor.<\/li>\n\n\n\n<li>Manuten\u00e7\u00e3o das condi\u00e7\u00f5es originais de juros.<\/li>\n<\/ul>\n\n\n\n<h2 class=\"wp-block-heading\">Suporte \u00e0s empresas e produtores rurais<\/h2>\n\n\n\n<p>Empresas locais afetadas pelas enchentes poder\u00e3o solicitar uma suspens\u00e3o de at\u00e9 tr\u00eas meses em contratos de cr\u00e9dito. Tais iniciativas incluem prazos de pagamento estendidos para ajudar produtores rurais e agroind\u00fastrias a superarem as dificuldades recentes, contribuindo para a recupera\u00e7\u00e3o econ\u00f4mica local.<\/p>\n\n\n\n<ul class=\"wp-block-list\">\n<li>Pausa de at\u00e9 tr\u00eas meses em contratos.<\/li>\n\n\n\n<li>Prazos de pagamento adapt\u00e1veis.<\/li>\n\n\n\n<li>Suporte financeiro para recuperar a atividade econ\u00f4mica.<\/li>\n<\/ul>\n\n\n\n<h2 class=\"wp-block-heading\">Continuidade da assist\u00eancia em abril<\/h2>\n\n\n\n<p>A antecipa\u00e7\u00e3o dos pagamentos tamb\u00e9m se estender\u00e1 em abril, oferecendo assist\u00eancia cont\u00ednua \u00e0s fam\u00edlias necessitadas. Os pagamentos ser\u00e3o efetuados consistentemente no primeiro dia previsto do calend\u00e1rio, evitando atrasos cr\u00edticos na libera\u00e7\u00e3o de fundos.&nbsp;<\/p>\n","protected":false},"excerpt":{"rendered":"<p>Pagamentos antecipados do Bolsa Fam\u00edlia est\u00e3o previstos para diversas cidades.<\/p>\n","protected":false},"author":12,"featured_media":10543,"comment_status":"closed","ping_status":"closed","sticky":false,"template":"","format":"standard","meta":{"jnews-multi-image_gallery":[],"jnews_single_post":{"format":"standard"},"jnews_primary_category":[],"jnews_social_meta":[],"jnews_override_counter":[],"jnews_post_split":[],"footnotes":""},"categories":[1],"tags":[],"class_list":["post-37711","post","type-post","status-publish","format-standard","has-post-thumbnail","hentry","category-geral"],"_referencia":"","_links":{"self":[{"href":"https:\/\/diariodocomercio.com.br\/mix\/wp-json\/wp\/v2\/posts\/37711","targetHints":{"allow":["GET"]}}],"collection":[{"href":"https:\/\/diariodocomercio.com.br\/mix\/wp-json\/wp\/v2\/posts"}],"about":[{"href":"https:\/\/diariodocomercio.com.br\/mix\/wp-json\/wp\/v2\/types\/post"}],"author":[{"embeddable":true,"href":"https:\/\/diariodocomercio.com.br\/mix\/wp-json\/wp\/v2\/users\/12"}],"replies":[{"embeddable":true,"href":"https:\/\/diariodocomercio.com.br\/mix\/wp-json\/wp\/v2\/comments?post=37711"}],"version-history":[{"count":1,"href":"https:\/\/diariodocomercio.com.br\/mix\/wp-json\/wp\/v2\/posts\/37711\/revisions"}],"predecessor-version":[{"id":37712,"href":"https:\/\/diariodocomercio.com.br\/mix\/wp-json\/wp\/v2\/posts\/37711\/revisions\/37712"}],"wp:featuredmedia":[{"embeddable":true,"href":"https:\/\/diariodocomercio.com.br\/mix\/wp-json\/wp\/v2\/media\/10543"}],"wp:attachment":[{"href":"https:\/\/diariodocomercio.com.br\/mix\/wp-json\/wp\/v2\/media?parent=37711"}],"wp:term":[{"taxonomy":"category","embeddable":true,"href":"https:\/\/diariodocomercio.com.br\/mix\/wp-json\/wp\/v2\/categories?post=37711"},{"taxonomy":"post_tag","embeddable":true,"href":"https:\/\/diariodocomercio.com.br\/mix\/wp-json\/wp\/v2\/tags?post=37711"}],"curies":[{"name":"wp","href":"https:\/\/api.w.org\/{rel}","templated":true}]}}