{"id":37769,"date":"2026-03-09T13:45:00","date_gmt":"2026-03-09T16:45:00","guid":{"rendered":"https:\/\/diariodocomercio.com.br\/mix\/?p=37769"},"modified":"2026-03-09T13:44:53","modified_gmt":"2026-03-09T16:44:53","slug":"jogo-do-futebol-brasileiro-termina-com-pancadaria-e-23-cartoes-vermelhos","status":"publish","type":"post","link":"https:\/\/diariodocomercio.com.br\/mix\/jogo-do-futebol-brasileiro-termina-com-pancadaria-e-23-cartoes-vermelhos\/","title":{"rendered":"Jogo do futebol brasileiro termina com pancadaria e 23 cart\u00f5es vermelhos"},"content":{"rendered":"\n<p>A Federa\u00e7\u00e3o Mineira de Futebol (FMF) tornou p\u00fablica a s\u00famula da partida decisiva do Campeonato Mineiro, na qual o <strong>Cruzeiro<\/strong> saiu vitorioso diante do <strong>Atl\u00e9tico. <\/strong>O documento, assinado pelo \u00e1rbitro Matheus Delgado Candan\u00e7an, registra um total de <strong>23 expuls\u00f5es,<\/strong> todas decorrentes de um conflito generalizado ocorrido nos acr\u00e9scimos da final\u00edssima. Jogo ocorreu neste domingo, dia 8.<\/p>\n\n\n\n<p>De acordo com o relato da arbitragem, a confus\u00e3o foi iniciada a partir de uma infra\u00e7\u00e3o cometida pelo atleta Christian, do Cruzeiro, sobre o goleiro \u00c9verson, do Atl\u00e9tico. O \u00e1rbitro descreveu na s\u00famula que o jogador cruzeirense atingiu a regi\u00e3o da cabe\u00e7a do advers\u00e1rio com a canela, em uma jogada considerada de for\u00e7a excessiva e alta intensidade, em um momento no qual a bola j\u00e1 estava sob o dom\u00ednio do arqueiro.<\/p>\n\n\n\n<p>Em rea\u00e7\u00e3o \u00e0 falta, o goleiro atleticano foi punido por ter derrubado o oponente e, em seguida, acertado o rosto do jogador do Cruzeiro com o joelho, em uma a\u00e7\u00e3o classificada como brutal.<\/p>\n\n\n\n<h2 class=\"wp-block-heading\">Briga envolvendo a maioria dos jogadores em campo<\/h2>\n\n\n\n<p>O documento detalha que, imediatamente ap\u00f3s esse segundo lance, instaurou-se uma briga envolvendo a maioria dos jogadores em campo. O \u00e1rbitro fundamentou a lista de expulsos afirmando que os atletas envolvidos trocaram socos e pontap\u00e9s, mas que a apresenta\u00e7\u00e3o individual dos cart\u00f5es vermelhos se tornou impratic\u00e1vel devido ao estado de tumulto.<\/p>\n\n\n\n<p>Apesar de a partida ter sido encerrada sem a exibi\u00e7\u00e3o de penalidades no gramado, a s\u00famula oficializa as puni\u00e7\u00f5es e poder\u00e1 embasar futuras den\u00fancias dos envolvidos na esfera da Justi\u00e7a Desportiva.<\/p>\n\n\n\n<h2 class=\"wp-block-heading\">Atletas expulsos<\/h2>\n\n\n\n<p>Entre os jogadores do Atl\u00e9tico listados como expulsos, est\u00e3o:<\/p>\n\n\n\n<ul class=\"wp-block-list\">\n<li>Everson<\/li>\n\n\n\n<li>Gabriel Delfim<\/li>\n\n\n\n<li>Preciado<\/li>\n\n\n\n<li>Lyanco<\/li>\n\n\n\n<li>Ruan Tressoldi<\/li>\n\n\n\n<li>Junior Alonso<\/li>\n\n\n\n<li>Renan Lodi<\/li>\n\n\n\n<li>Alan Franco<\/li>\n\n\n\n<li>Alan Minda<\/li>\n\n\n\n<li>Cassierra<\/li>\n\n\n\n<li>Hulk<\/li>\n<\/ul>\n\n\n\n<p>Pelo lado do Cruzeiro, constam na rela\u00e7\u00e3o:<\/p>\n\n\n\n<ul class=\"wp-block-list\">\n<li>C\u00e1ssio<\/li>\n\n\n\n<li>Fagner<\/li>\n\n\n\n<li>Fabr\u00edcio Bruno<\/li>\n\n\n\n<li>Jo\u00e3o Marcelo<\/li>\n\n\n\n<li>Villalba<\/li>\n\n\n\n<li>Kau\u00e3 Prates<\/li>\n\n\n\n<li>Christian<\/li>\n\n\n\n<li>Lucas Romero<\/li>\n\n\n\n<li>Matheus Henrique<\/li>\n\n\n\n<li>Walace<\/li>\n\n\n\n<li>Gerson<\/li>\n\n\n\n<li>Kaio Jorge<\/li>\n<\/ul>\n\n\n\n<p>O elevado n\u00famero de san\u00e7\u00f5es impostas pela arbitragem configura um dos epis\u00f3dios mais punitivos da hist\u00f3ria recente do cl\u00e1ssico estadual.<\/p>\n","protected":false},"excerpt":{"rendered":"<p>Documento detalha briga envolvendo a maioria dos jogadores em campo.<\/p>\n","protected":false},"author":12,"featured_media":26245,"comment_status":"closed","ping_status":"closed","sticky":false,"template":"","format":"standard","meta":{"jnews-multi-image_gallery":[],"jnews_single_post":{"format":"standard"},"jnews_primary_category":[],"jnews_social_meta":[],"jnews_override_counter":[],"jnews_post_split":[],"footnotes":""},"categories":[1],"tags":[],"class_list":["post-37769","post","type-post","status-publish","format-standard","has-post-thumbnail","hentry","category-geral"],"_referencia":"","_links":{"self":[{"href":"https:\/\/diariodocomercio.com.br\/mix\/wp-json\/wp\/v2\/posts\/37769","targetHints":{"allow":["GET"]}}],"collection":[{"href":"https:\/\/diariodocomercio.com.br\/mix\/wp-json\/wp\/v2\/posts"}],"about":[{"href":"https:\/\/diariodocomercio.com.br\/mix\/wp-json\/wp\/v2\/types\/post"}],"author":[{"embeddable":true,"href":"https:\/\/diariodocomercio.com.br\/mix\/wp-json\/wp\/v2\/users\/12"}],"replies":[{"embeddable":true,"href":"https:\/\/diariodocomercio.com.br\/mix\/wp-json\/wp\/v2\/comments?post=37769"}],"version-history":[{"count":2,"href":"https:\/\/diariodocomercio.com.br\/mix\/wp-json\/wp\/v2\/posts\/37769\/revisions"}],"predecessor-version":[{"id":37772,"href":"https:\/\/diariodocomercio.com.br\/mix\/wp-json\/wp\/v2\/posts\/37769\/revisions\/37772"}],"wp:featuredmedia":[{"embeddable":true,"href":"https:\/\/diariodocomercio.com.br\/mix\/wp-json\/wp\/v2\/media\/26245"}],"wp:attachment":[{"href":"https:\/\/diariodocomercio.com.br\/mix\/wp-json\/wp\/v2\/media?parent=37769"}],"wp:term":[{"taxonomy":"category","embeddable":true,"href":"https:\/\/diariodocomercio.com.br\/mix\/wp-json\/wp\/v2\/categories?post=37769"},{"taxonomy":"post_tag","embeddable":true,"href":"https:\/\/diariodocomercio.com.br\/mix\/wp-json\/wp\/v2\/tags?post=37769"}],"curies":[{"name":"wp","href":"https:\/\/api.w.org\/{rel}","templated":true}]}}