{"id":37778,"date":"2026-03-14T12:11:00","date_gmt":"2026-03-14T15:11:00","guid":{"rendered":"https:\/\/diariodocomercio.com.br\/mix\/?p=37778"},"modified":"2026-03-09T14:08:43","modified_gmt":"2026-03-09T17:08:43","slug":"trabalhadores-terao-acrescimo-no-salario-ate-15-de-agosto-no-brasi","status":"publish","type":"post","link":"https:\/\/diariodocomercio.com.br\/mix\/trabalhadores-terao-acrescimo-no-salario-ate-15-de-agosto-no-brasi\/","title":{"rendered":"Trabalhadores ter\u00e3o acr\u00e9scimo no sal\u00e1rio at\u00e9 15 de agosto no Brasi"},"content":{"rendered":"\n<p>Trabalhadores brasileiros que t\u00eam direito ao abono salarial PIS\/Pasep come\u00e7aram a receber os pagamentos em 2026, que seguem um calend\u00e1rio definido pelo governo federal e se estendem at\u00e9 o dia 15 de agosto. O benef\u00edcio pode representar um acr\u00e9scimo de at\u00e9 um sal\u00e1rio m\u00ednimo na renda de quem atende aos crit\u00e9rios estabelecidos.<\/p>\n\n\n\n<p>O cronograma foi aprovado pelo Codefat (Conselho Deliberativo do Fundo de Amparo ao Trabalhador) e prev\u00ea pagamentos escalonados de acordo com o m\u00eas de nascimento do trabalhador no caso do PIS e conforme o n\u00famero de inscri\u00e7\u00e3o no caso do Pasep.<\/p>\n\n\n\n<p>O abono salarial \u00e9 destinado a trabalhadores que atenderam a algumas condi\u00e7\u00f5es no <strong>ano-base de 2024<\/strong>. Para receber o benef\u00edcio \u00e9 necess\u00e1rio:<\/p>\n\n\n\n<ul class=\"wp-block-list\">\n<li>Ter trabalhado com carteira assinada por pelo menos 30 dias em 2024<\/li>\n\n\n\n<li>Ter recebido at\u00e9 dois sal\u00e1rios m\u00ednimos mensais em m\u00e9dia<\/li>\n\n\n\n<li>Estar inscrito no PIS\/Pasep h\u00e1 pelo menos cinco anos<\/li>\n\n\n\n<li>Ter os dados corretamente informados pelo empregador na Rela\u00e7\u00e3o Anual de Informa\u00e7\u00f5es Sociais (RAIS) ou no eSocial<\/li>\n<\/ul>\n\n\n\n<p>O valor pago varia conforme o n\u00famero de meses trabalhados durante o ano-base e pode chegar <strong>ao equivalente a um sal\u00e1rio m\u00ednimo<\/strong>.<\/p>\n\n\n\n<h2 class=\"wp-block-heading\"><strong>Mais de 25 milh\u00f5es de benefici\u00e1rios<\/strong><\/h2>\n\n\n\n<p>De acordo com estimativas do governo, cerca de <strong>25,4 milh\u00f5es de trabalhadores<\/strong> devem receber o benef\u00edcio em 2026. O total de recursos liberados deve chegar a <strong>R$ 32,3 bilh\u00f5es<\/strong>.<\/p>\n\n\n\n<p>O primeiro lote de pagamento foi liberado em <strong>16 de fevereiro<\/strong>, beneficiando trabalhadores nascidos em janeiro. Nesta etapa inicial, cerca de <strong>1,8 milh\u00e3o de pessoas<\/strong> receberam o abono, totalizando aproximadamente <strong>R$ 2,5 bilh\u00f5es<\/strong>.<\/p>\n\n\n\n<h2 class=\"wp-block-heading\"><strong>Como consultar o benef\u00edcio<\/strong><\/h2>\n\n\n\n<p>Os trabalhadores podem verificar se t\u00eam direito ao abono e consultar o valor do pagamento por meio de diferentes canais oficiais:<\/p>\n\n\n\n<ul class=\"wp-block-list\">\n<li><strong>Aplicativo Carteira de Trabalho Digital<\/strong><\/li>\n\n\n\n<li><strong>Portal <a href=\"http:\/\/Gov.br\" target=\"_blank\" rel=\"noopener\">Gov.br<\/a> ou Emprega Brasil<\/strong><\/li>\n\n\n\n<li><strong>Central telef\u00f4nica 158<\/strong><\/li>\n<\/ul>\n\n\n\n<p>No caso do <strong>PIS<\/strong>, o pagamento \u00e9 feito pela <strong>Caixa Econ\u00f4mica Federal<\/strong>. J\u00e1 o <strong>Pasep<\/strong>, destinado aos servidores p\u00fablicos, \u00e9 pago pelo <strong>Banco do Brasil<\/strong>.<\/p>\n\n\n\n<p>Embora o calend\u00e1rio de dep\u00f3sitos termine em <strong>15 de agosto de 2026<\/strong>, os trabalhadores ter\u00e3o at\u00e9 <strong>30 de dezembro de 2026<\/strong> para realizar o saque do benef\u00edcio.<\/p>\n\n\n\n<p>Caso o valor n\u00e3o seja retirado at\u00e9 essa data, o trabalhador perde o prazo previsto e o recurso retorna ao fundo do programa.<\/p>\n","protected":false},"excerpt":{"rendered":"<p>Trabalhadores brasileiros que t\u00eam direito ao abono salarial PIS\/Pasep come\u00e7aram a receber os pagamentos em 2026, que seguem um calend\u00e1rio definido pelo governo federal e se estendem at\u00e9 o dia 15 de agosto. O benef\u00edcio pode representar um acr\u00e9scimo de at\u00e9 um sal\u00e1rio m\u00ednimo na renda de quem atende aos crit\u00e9rios estabelecidos. O cronograma foi [&hellip;]<\/p>\n","protected":false},"author":9,"featured_media":31942,"comment_status":"closed","ping_status":"closed","sticky":false,"template":"","format":"standard","meta":{"jnews-multi-image_gallery":[],"jnews_single_post":{"format":"standard"},"jnews_primary_category":[],"jnews_social_meta":[],"jnews_override_counter":[],"jnews_post_split":[],"footnotes":""},"categories":[1],"tags":[],"class_list":["post-37778","post","type-post","status-publish","format-standard","has-post-thumbnail","hentry","category-geral"],"_referencia":"","_links":{"self":[{"href":"https:\/\/diariodocomercio.com.br\/mix\/wp-json\/wp\/v2\/posts\/37778","targetHints":{"allow":["GET"]}}],"collection":[{"href":"https:\/\/diariodocomercio.com.br\/mix\/wp-json\/wp\/v2\/posts"}],"about":[{"href":"https:\/\/diariodocomercio.com.br\/mix\/wp-json\/wp\/v2\/types\/post"}],"author":[{"embeddable":true,"href":"https:\/\/diariodocomercio.com.br\/mix\/wp-json\/wp\/v2\/users\/9"}],"replies":[{"embeddable":true,"href":"https:\/\/diariodocomercio.com.br\/mix\/wp-json\/wp\/v2\/comments?post=37778"}],"version-history":[{"count":1,"href":"https:\/\/diariodocomercio.com.br\/mix\/wp-json\/wp\/v2\/posts\/37778\/revisions"}],"predecessor-version":[{"id":37781,"href":"https:\/\/diariodocomercio.com.br\/mix\/wp-json\/wp\/v2\/posts\/37778\/revisions\/37781"}],"wp:featuredmedia":[{"embeddable":true,"href":"https:\/\/diariodocomercio.com.br\/mix\/wp-json\/wp\/v2\/media\/31942"}],"wp:attachment":[{"href":"https:\/\/diariodocomercio.com.br\/mix\/wp-json\/wp\/v2\/media?parent=37778"}],"wp:term":[{"taxonomy":"category","embeddable":true,"href":"https:\/\/diariodocomercio.com.br\/mix\/wp-json\/wp\/v2\/categories?post=37778"},{"taxonomy":"post_tag","embeddable":true,"href":"https:\/\/diariodocomercio.com.br\/mix\/wp-json\/wp\/v2\/tags?post=37778"}],"curies":[{"name":"wp","href":"https:\/\/api.w.org\/{rel}","templated":true}]}}