{"id":37782,"date":"2026-03-09T14:23:03","date_gmt":"2026-03-09T17:23:03","guid":{"rendered":"https:\/\/diariodocomercio.com.br\/mix\/?p=37782"},"modified":"2026-03-09T18:34:02","modified_gmt":"2026-03-09T21:34:02","slug":"cientistas-do-taiwan-descobrem-novo-tratamento-que-faz-crescer-cabelo-ate-em-calvos","status":"publish","type":"post","link":"https:\/\/diariodocomercio.com.br\/mix\/cientistas-do-taiwan-descobrem-novo-tratamento-que-faz-crescer-cabelo-ate-em-calvos\/","title":{"rendered":"Cientistas do Taiwan descobrem novo tratamento que faz crescer cabelo at\u00e9 em calvos"},"content":{"rendered":"\n<p>Pesquisadores da Universidade Nacional de Taiwan anunciaram uma descoberta que pode abrir caminho para um novo tratamento contra a calv\u00edcie. Segundo um estudo publicado na revista cient\u00edfica Cell Metabolism, um soro experimental baseado em \u00e1cidos graxos liberados por c\u00e9lulas de gordura foi capaz de estimular o crescimento de pelos em testes realizados em laborat\u00f3rio.<\/p>\n\n\n\n<p>Nos experimentos, os cientistas observaram que as c\u00e9lulas de gordura localizadas sob a pele desempenham um papel importante na regenera\u00e7\u00e3o dos cabelos. Quando ocorre uma pequena les\u00e3o na pele, essas c\u00e9lulas passam por um processo chamado lip\u00f3lise, no qual a gordura armazenada \u00e9 quebrada e libera \u00e1cidos graxos.<\/p>\n\n\n\n<p>Essas mol\u00e9culas funcionariam como um sinal qu\u00edmico capaz de ativar c\u00e9lulas-tronco presentes nos fol\u00edculos capilares, iniciando o crescimento de novos fios.<\/p>\n\n\n\n<p>Durante os testes em camundongos, os pesquisadores verificaram que bloquear a quebra de gordura interrompia o crescimento dos pelos. Por outro lado, quando os <strong>\u00e1cidos graxos foram aplicados diretamente na pele<\/strong>, houve regenera\u00e7\u00e3o completa dos pelos nas \u00e1reas tratadas em cerca de <strong>20 dias<\/strong>.<\/p>\n\n\n\n<p>De acordo com o estudo, a descoberta ocorreu ap\u00f3s a equipe notar que as c\u00e9lulas de gordura encolhiam rapidamente durante experimentos que provocavam irrita\u00e7\u00e3o na pele, pouco antes do in\u00edcio do crescimento capilar.<\/p>\n\n\n\n<p>Segundo ele, esse processo pode gerar uma esp\u00e9cie de <strong>\u201cexplos\u00e3o tempor\u00e1ria de energia\u201d<\/strong>, capaz de despertar c\u00e9lulas-tronco respons\u00e1veis pela repara\u00e7\u00e3o dos tecidos e pelo crescimento do cabelo.<\/p>\n\n\n<style>@media (min-width: 992px) {\n    .recomendadorV2Area1 {\n        width: 280px;\n    }\n    .recomendadorV2Area2 {\n        padding: 0px 20px;\n        width: calc(100% - 280px);\n    }\n}\n\n@media (max-width: 992px) {\n    .recomendadorV2Button {\n        margin: 0 auto;\n    }\n    .recomendadorV2Area {\n        flex-direction: column;\n        text-align: center;\n    }\n    .recomendadorV2Area2 {\n        padding: 0px 20px;\n    }\n}\n\n.recomendadorV2Area {\n    background: #eeeeee3d;\n    border-radius: 10px;\n    padding: 15px;\n    display: flex;\n    margin: 15px auto;\n    border: 1px solid #00000014;\n    max-width: 800px;\n}\n\n.recomendadorV2Area1 img {\n    width: 280px;\n    height: auto;\n    border-radius: 8px;\n}\n\n.linkrecomendadorv2 {\n    text-decoration: none !important;\n}\n\n.recomendadorV2Area2 .recomendadorV2Type {\n    text-transform: uppercase;\n    font-weight: 500;\n    font-size: 11px;\n    letter-spacing: 2px;\n    color: #666;\n    margin: 12px 0;\n    display: block;\n}\n\n.recomendadorV2Title h2 {\n    padding-top: 0px !important;\n    margin: 0px !important;\n    border-left: none !important;\n    padding-left: 0px !important;\n    line-height: 1.3;\n    color: #000 !important;\n    font-size: 24px;\n    margin-bottom: 12px !important;\n}\n\n.recomendadorV2Desc {\n    color: #333;\n    margin: 12px 0px !important;\n    font-size: 15px;\n    line-height: 1.5;\n}\n\n.recomendadorV2Button {\n    width: auto;\n    max-width: 200px;\n    margin: 0;\n    display: inline-flex;\n    align-items: center;\n    background: #1D3557;\n    border-radius: 8px;\n    color: #fff;\n    height: 36px;\n    justify-content: center;\n    text-align: center;\n    font-size: 14px;\n    padding: 0 20px;\n    transition: background-color 0.2s ease;\n}\n\n.recomendadorV2Button:hover {\n    background: #2a4d7a;\n}\n\n.recomendadorV2Button:after {\n    margin-top: -2px;\n    content: \"\u2192\";\n    padding: 0px 0px 0px 8px;\n}\n\n.recomendadorV2Alert {\n    text-align: left;\n    font-size: 11px;\n    margin-top: 8px;\n    color: #666;\n}\n\n.recomendadorFixedArea {\n    width: 100%;\n    display: flex;\n    justify-content: center;\n    align-items: center;\n}\n\n@media (min-width: 992px) {\n    #recomendadorFixed {\n        width: 32% !important;\n        left: 5%;\n    }\n    .recomendadorCloseFixed{\n        right: inherit !important;\n        left: 378px !important;\n    }\n}\n\n#recomendadorFixed {\n    width: 90%;\n    box-shadow: 0 10px 20px 0px #00000057;\n    display: none;\n    height: 90px;\n    background: #F6F6F6;\n    position: fixed;\n    flex-direction: row;\n    bottom: 10px;\n    z-index: 9999;\n    border-radius: 16px;\n    padding: 7px 10px;\n}\n\n.recomendadorLeftArea {\n    width: 160px;\n}\n\n.recomendadorRightArea h2 {\n    padding-top: 0px;\n    margin: 2px 0px 4px 0px !important;\n    font-weight: 400;\n    text-align: center;\n    padding-left: 0px !important;\n    color: #000 !important;\n    border-left: none !important;\n    line-height: 20px;\n    font-size: 12px !important;\n}\n\n.recomendadorImgFixed {\n    overflow: hidden;\n    padding: 8px 6px;\n    height: 100%;\n}\n\n.recomendadorImgFixed img {\n    height: 100% !important;\n    border-radius: 16px;\n}\n\n.recomendadorRightArea {\n    padding-top: 6px;\n    display: flex;\n    width: calc(100% - 130px);\n    justify-content: space-between;\n    align-items: center;\n    flex-direction: column;\n}\n\n.recomendadorButtonFixed {\n    margin: 0 auto;\n    background: #1D3557;\n    width: 80%;\n    text-align: center;\n    font-size: 10px;\n    color: #FFF;\n    padding: 2px 10px;\n    border-radius: 3px;\n}\n\n.recomendadorButtonFixed:after {\n    margin-top: -3px;\n    content: \"\u2192\";\n    padding: 0px 0px 0px 10px;\n}\n\n.recomendadorAlertFixed {\n    font-weight: 400;\n    text-align: center;\n    color: #484848;\n    font-size: 8px;\n}\n\n.recomendadorCloseFixed {\n    z-index: 99999;\n    display: none;\n    right: 0px;\n    left: inherit;\n    bottom: 99px;\n    position: fixed;\n    justify-content: center;\n    background: #F6F6F6;\n    width: 25px;\n    align-items: center;\n    height: 25px;\n    font-weight: 800;\n    border-radius: 50%;\n    border: 1px solid #EBEBEB;\n}\n\n.recomendadorV2Desc{\n    color: #000000;\n    margin: 20px 0px;\n}\n\n@media (max-width: 576px) {\n    .recomendadorV2Area {\n      padding: 10px;\n      max-width: 100%;\n    }\n  \n    .recomendadorV2Area1 img {\n      width: 100%;\n      border-radius: 6px;\n    }\n  \n    .recomendadorV2Area2 .recomendadorV2Type {\n      font-size: 9px;\n      letter-spacing: 1px;\n      margin: 8px 0;\n    }\n  \n    .recomendadorV2Title h2 {\n      font-size: 18px !important;\n      margin-bottom: 8px !important;\n      line-height: 1.2;\n    }\n  \n    .recomendadorV2Desc {\n      font-size: 14px;\n      margin: 8px 0 !important;\n      line-height: 1.4;\n    }\n  \n    .recomendadorV2Button {\n      font-size: 14px;\n      height: 40px;\n      padding: 0 12px;\n      max-width: 100%;\n      width: 100%;\n    }\n  \n    .recomendadorV2Button:after {\n      padding-left: 6px;\n    }\n  }\n  <\/style>\n        <div class=\"lazyblock-recomendador-v2-2jDGz wp-block-lazyblock-recomendador-v2\">\n        <a class=\"linkrecomendadorv2\" href=\"https:\/\/diariodocomercio.com.br\/mix\/sus-passara-a-oferecer-irmao-do-ozempic-gratuitamente-em-3-cidades-brasileiras-em-2026\/?utm_source=lazy\">\n            <div class=\"recomendadorV2Area\">\n            <div class=\"recomendadorV2Area1\">\n                <div class=\"recomendadorV2Img\">\n                <img class=\"lazyloaded\" decoding=\"async\" src=\"https:\/\/diariodocomercio.com.br\/mix\/wp-content\/uploads\/2025\/07\/image-64-1140x570.jpg\" data-src=\"https:\/\/diariodocomercio.com.br\/mix\/wp-content\/uploads\/2025\/07\/image-64-1140x570.jpg\" alt=\"\">\n                <\/div>\n            <\/div>\n            <div class=\"recomendadorV2Area2\">\n                <div class=\"recomendadorV2Type\">\n                    <span>Novo rem\u00e9dio<\/span>\n                <\/div>\n                <div class=\"recomendadorV2Title\">\n                <h2><span>Tipo Ozempic \ud83d\udc89<\/span><\/h2>\n                <\/div>\n                <div class=\"recomendadorV2Desc\">\n                <span>SUS ter\u00e1 vers\u00e3o gratuita<\/span>\n                <\/div>\n                <div class=\"recomendadorV2Button\">Ver cidades<\/div>\n                <div class=\"recomendadorV2Alert\"><\/div>\n            <\/div>\n            <\/div>\n        <\/a>\n        <div>\n            <div style=\"z-index:99999;\" id=\"buttonClose\" onclick=\"closeRecomendadorFixed()\">\n            <div class=\"recomendadorCloseFixed\">X<\/div>\n            <\/div>\n            <a href=\"https:\/\/diariodocomercio.com.br\/mix\/sus-passara-a-oferecer-irmao-do-ozempic-gratuitamente-em-3-cidades-brasileiras-em-2026\/?utm_source=lazy\">\n            <div class=\"recomendadorFixedArea\">\n                <div id=\"recomendadorFixed\">\n                <div class=\"recomendadorLeftArea\">\n                    <div class=\"recomendadorImgFixed\">\n                    <img class=\"lazyload\" decoding=\"async\" src=\"https:\/\/diariodocomercio.com.br\/mix\/wp-content\/uploads\/2025\/07\/image-64-1140x570.jpg\" alt=\"\">\n                    <\/div>\n                <\/div>\n                <div class=\"recomendadorRightArea\">\n                    <div class=\"recomendadorTitleFixed\">\n                    <h2><span>Tipo Ozempic \ud83d\udc89<\/span><\/h2>\n                    <\/div>\n                    <div class=\"recomendadorButtonFixed\">Ver cidades<\/div>\n                    <div class=\"recomendadorAlertFixed\"><\/div>\n                <\/div>\n                <\/div>\n            <\/div>\n            <\/a>\n        <\/div>\n        <\/div>\n\n\n\n<p>Apesar dos resultados considerados promissores, especialistas alertam que a pesquisa ainda est\u00e1 em est\u00e1gio inicial. Al\u00e9m disso, o estudo foi realizado em uma escala reduzida e n\u00e3o utilizou diretamente <strong>pele do couro cabeludo humano<\/strong>, o que exige novos testes para confirmar a efic\u00e1cia do m\u00e9todo.<\/p>\n\n\n\n<h2 class=\"wp-block-heading\"><strong>Pr\u00f3ximos passos da pesquisa<\/strong><\/h2>\n\n\n\n<p>Os cientistas j\u00e1 registraram <strong>patente da descoberta<\/strong> e trabalham no desenvolvimento de uma <strong>formula\u00e7\u00e3o t\u00f3pica segura<\/strong> para iniciar futuros testes cl\u00ednicos em humanos.<\/p>\n\n\n\n<p>Caso os resultados sejam confirmados em estudos mais avan\u00e7ados, o m\u00e9todo poder\u00e1 representar <strong>uma nova abordagem no tratamento da calv\u00edcie<\/strong>, potencialmente com menos efeitos colaterais do que terapias atuais.<\/p>\n\n\n\n<p>Al\u00e9m da \u00e1rea capilar, os pesquisadores acreditam que entender melhor o papel dos <strong>\u00e1cidos graxos na regenera\u00e7\u00e3o de tecidos<\/strong> pode ajudar no desenvolvimento de novas estrat\u00e9gias m\u00e9dicas, inclusive em estudos relacionados ao crescimento de tumores e processos de cicatriza\u00e7\u00e3o.<\/p>\n","protected":false},"excerpt":{"rendered":"<p>Pesquisadores da Universidade Nacional de Taiwan anunciaram uma descoberta que pode abrir caminho para um novo tratamento contra a calv\u00edcie. Segundo um estudo publicado na revista cient\u00edfica Cell Metabolism, um soro experimental baseado em \u00e1cidos graxos liberados por c\u00e9lulas de gordura foi capaz de estimular o crescimento de pelos em testes realizados em laborat\u00f3rio. Nos [&hellip;]<\/p>\n","protected":false},"author":9,"featured_media":37786,"comment_status":"closed","ping_status":"closed","sticky":false,"template":"","format":"standard","meta":{"jnews-multi-image_gallery":[],"jnews_single_post":{"format":"standard"},"jnews_primary_category":[],"jnews_social_meta":[],"jnews_override_counter":[],"jnews_post_split":[],"footnotes":""},"categories":[1],"tags":[],"class_list":["post-37782","post","type-post","status-publish","format-standard","has-post-thumbnail","hentry","category-geral"],"_referencia":"","_links":{"self":[{"href":"https:\/\/diariodocomercio.com.br\/mix\/wp-json\/wp\/v2\/posts\/37782","targetHints":{"allow":["GET"]}}],"collection":[{"href":"https:\/\/diariodocomercio.com.br\/mix\/wp-json\/wp\/v2\/posts"}],"about":[{"href":"https:\/\/diariodocomercio.com.br\/mix\/wp-json\/wp\/v2\/types\/post"}],"author":[{"embeddable":true,"href":"https:\/\/diariodocomercio.com.br\/mix\/wp-json\/wp\/v2\/users\/9"}],"replies":[{"embeddable":true,"href":"https:\/\/diariodocomercio.com.br\/mix\/wp-json\/wp\/v2\/comments?post=37782"}],"version-history":[{"count":2,"href":"https:\/\/diariodocomercio.com.br\/mix\/wp-json\/wp\/v2\/posts\/37782\/revisions"}],"predecessor-version":[{"id":37842,"href":"https:\/\/diariodocomercio.com.br\/mix\/wp-json\/wp\/v2\/posts\/37782\/revisions\/37842"}],"wp:featuredmedia":[{"embeddable":true,"href":"https:\/\/diariodocomercio.com.br\/mix\/wp-json\/wp\/v2\/media\/37786"}],"wp:attachment":[{"href":"https:\/\/diariodocomercio.com.br\/mix\/wp-json\/wp\/v2\/media?parent=37782"}],"wp:term":[{"taxonomy":"category","embeddable":true,"href":"https:\/\/diariodocomercio.com.br\/mix\/wp-json\/wp\/v2\/categories?post=37782"},{"taxonomy":"post_tag","embeddable":true,"href":"https:\/\/diariodocomercio.com.br\/mix\/wp-json\/wp\/v2\/tags?post=37782"}],"curies":[{"name":"wp","href":"https:\/\/api.w.org\/{rel}","templated":true}]}}