{"id":37788,"date":"2026-03-14T13:46:00","date_gmt":"2026-03-14T16:46:00","guid":{"rendered":"https:\/\/diariodocomercio.com.br\/mix\/?p=37788"},"modified":"2026-03-09T14:34:44","modified_gmt":"2026-03-09T17:34:44","slug":"sem-saber-de-fianca-de-apenas-r-800-homem-passou-5-meses-na-cadeia","status":"publish","type":"post","link":"https:\/\/diariodocomercio.com.br\/mix\/sem-saber-de-fianca-de-apenas-r-800-homem-passou-5-meses-na-cadeia\/","title":{"rendered":"Sem saber de fian\u00e7a de apenas R$ 8,00, homem passou 5 meses na cadeia"},"content":{"rendered":"\n<p>Um caso ocorrido nos Estados Unidos chamou aten\u00e7\u00e3o para poss\u00edveis falhas no sistema judicial. Entre 2014 e 2015, o argelino Aitabdel Salem, ent\u00e3o com 41 anos, passou cinco meses preso na penitenci\u00e1ria de Rikers Island, em Nova York, sem saber que poderia deixar a cadeia mediante o pagamento de apenas US$ 2, cerca de R$ 8 na cota\u00e7\u00e3o da \u00e9poca.<\/p>\n\n\n\n<p>Salem foi preso em 21 de novembro de 2014, ap\u00f3s ser acusado de tentar furtar um casaco em uma loja da rede Zara, em Manhattan, e de resistir \u00e0 abordagem policial. Inicialmente, a Justi\u00e7a estipulou uma fian\u00e7a de US$ 25 mil, valor muito acima da capacidade financeira do acusado.<\/p>\n\n\n\n<p>Dias depois da pris\u00e3o, os promotores retiraram a acusa\u00e7\u00e3o de agress\u00e3o contra o policial, o que alterou significativamente o processo. Restaram apenas duas acusa\u00e7\u00f5es menores relacionadas \u00e0 falsifica\u00e7\u00e3o de cart\u00f5es de metr\u00f4, cada uma com fian\u00e7a simb\u00f3lica de US$ 1.<\/p>\n\n\n\n<p>Com isso, Salem poderia deixar a pris\u00e3o pagando apenas US$ 2. No entanto, segundo seus novos advogados, ele nunca foi informado dessa mudan\u00e7a por seu defensor p\u00fablico na \u00e9poca.<\/p>\n\n\n\n<p>Sem saber da redu\u00e7\u00e3o, o homem permaneceu encarcerado por meses, enquanto a possibilidade de liberdade dependia apenas do pagamento de um valor equivalente a algumas moedas.<\/p>\n\n\n\n<h2 class=\"wp-block-heading\"><strong>Liberta\u00e7\u00e3o ocorreu meses depois<\/strong><\/h2>\n\n\n\n<p>Salem acabou sendo libertado <strong>na primavera de 2015<\/strong>, ap\u00f3s a situa\u00e7\u00e3o vir \u00e0 tona. Posteriormente, seus novos advogados, <strong>Glenn Hardy e Theodore Goldbergh<\/strong>, criticaram a condu\u00e7\u00e3o do caso e apontaram falhas graves na comunica\u00e7\u00e3o da defesa.<\/p>\n\n\n\n<p>Segundo Hardy, o cliente ficou <strong>\u201cchocado e frustrado\u201d<\/strong> ao descobrir que poderia ter sido libertado imediatamente se tivesse sido informado sobre o novo valor da fian\u00e7a.<\/p>\n\n\n\n<h2 class=\"wp-block-heading\"><strong>Sistema de fian\u00e7as<\/strong><\/h2>\n\n\n\n<p>O epis\u00f3dio trouxe discuss\u00f5es nos Estados Unidos sobre o uso de \u201cfian\u00e7as simb\u00f3licas\u201d, pr\u00e1tica aplicada quando um r\u00e9u responde a m\u00faltiplas acusa\u00e7\u00f5es simultaneamente.<\/p>\n\n\n\n<p>Estudos de organiza\u00e7\u00f5es que analisam o sistema judicial apontam que situa\u00e7\u00f5es semelhantes podem ocorrer quando h\u00e1 falta de comunica\u00e7\u00e3o entre tribunais, defensores p\u00fablicos e r\u00e9us, especialmente em casos envolvendo pessoas com poucos recursos ou acesso limitado \u00e0 informa\u00e7\u00e3o.<\/p>\n","protected":false},"excerpt":{"rendered":"<p>Um caso ocorrido nos Estados Unidos chamou aten\u00e7\u00e3o para poss\u00edveis falhas no sistema judicial. Entre 2014 e 2015, o argelino Aitabdel Salem, ent\u00e3o com 41 anos, passou cinco meses preso na penitenci\u00e1ria de Rikers Island, em Nova York, sem saber que poderia deixar a cadeia mediante o pagamento de apenas US$ 2, cerca de R$ [&hellip;]<\/p>\n","protected":false},"author":9,"featured_media":23989,"comment_status":"closed","ping_status":"closed","sticky":false,"template":"","format":"standard","meta":{"jnews-multi-image_gallery":[],"jnews_single_post":{"format":"standard"},"jnews_primary_category":[],"jnews_social_meta":[],"jnews_override_counter":[],"jnews_post_split":[],"footnotes":""},"categories":[1],"tags":[],"class_list":["post-37788","post","type-post","status-publish","format-standard","has-post-thumbnail","hentry","category-geral"],"_referencia":"","_links":{"self":[{"href":"https:\/\/diariodocomercio.com.br\/mix\/wp-json\/wp\/v2\/posts\/37788","targetHints":{"allow":["GET"]}}],"collection":[{"href":"https:\/\/diariodocomercio.com.br\/mix\/wp-json\/wp\/v2\/posts"}],"about":[{"href":"https:\/\/diariodocomercio.com.br\/mix\/wp-json\/wp\/v2\/types\/post"}],"author":[{"embeddable":true,"href":"https:\/\/diariodocomercio.com.br\/mix\/wp-json\/wp\/v2\/users\/9"}],"replies":[{"embeddable":true,"href":"https:\/\/diariodocomercio.com.br\/mix\/wp-json\/wp\/v2\/comments?post=37788"}],"version-history":[{"count":1,"href":"https:\/\/diariodocomercio.com.br\/mix\/wp-json\/wp\/v2\/posts\/37788\/revisions"}],"predecessor-version":[{"id":37792,"href":"https:\/\/diariodocomercio.com.br\/mix\/wp-json\/wp\/v2\/posts\/37788\/revisions\/37792"}],"wp:featuredmedia":[{"embeddable":true,"href":"https:\/\/diariodocomercio.com.br\/mix\/wp-json\/wp\/v2\/media\/23989"}],"wp:attachment":[{"href":"https:\/\/diariodocomercio.com.br\/mix\/wp-json\/wp\/v2\/media?parent=37788"}],"wp:term":[{"taxonomy":"category","embeddable":true,"href":"https:\/\/diariodocomercio.com.br\/mix\/wp-json\/wp\/v2\/categories?post=37788"},{"taxonomy":"post_tag","embeddable":true,"href":"https:\/\/diariodocomercio.com.br\/mix\/wp-json\/wp\/v2\/tags?post=37788"}],"curies":[{"name":"wp","href":"https:\/\/api.w.org\/{rel}","templated":true}]}}