{"id":37804,"date":"2026-03-14T16:18:09","date_gmt":"2026-03-14T19:18:09","guid":{"rendered":"https:\/\/diariodocomercio.com.br\/mix\/?p=37804"},"modified":"2026-03-09T16:31:48","modified_gmt":"2026-03-09T19:31:48","slug":"governo-surpreendeu-e-aumentou-o-valor-do-bolsa-familia-em-10-vezes","status":"publish","type":"post","link":"https:\/\/diariodocomercio.com.br\/mix\/governo-surpreendeu-e-aumentou-o-valor-do-bolsa-familia-em-10-vezes\/","title":{"rendered":"Governo surpreendeu e aumentou o valor do Bolsa Fam\u00edlia em 10 vezes"},"content":{"rendered":"\n<p>O Bolsa Fam\u00edlia, principal programa de transfer\u00eancia de renda do governo federal, registrou uma expans\u00e3o significativa ao longo das \u00faltimas duas d\u00e9cadas. Desde a cria\u00e7\u00e3o, em 2004, os repasses mensais destinados ao benef\u00edcio foram multiplicados em quase dez vezes, acompanhando o crescimento do n\u00famero de fam\u00edlias atendidas e a amplia\u00e7\u00e3o do valor pago aos benefici\u00e1rios.<\/p>\n\n\n\n<p>De acordo com dados citados pelo jornalista Cl\u00e1udio Humberto, colunista do <em>Di\u00e1rio do Poder<\/em>, o programa movimentava cerca de R$ 269 milh\u00f5es por m\u00eas em 2004, valor que corresponde a aproximadamente R$ 1,32 bilh\u00e3o em valores corrigidos pela infla\u00e7\u00e3o. Em 2026, o montante mensal destinado ao Bolsa Fam\u00edlia chega a cerca de R$ 13 bilh\u00f5es.<\/p>\n\n\n\n<p>Para este ano, o or\u00e7amento total do Bolsa Fam\u00edlia foi fixado em R$ 158 bilh\u00f5es, o mesmo valor previsto no or\u00e7amento federal de 2025. O programa continua sendo a principal pol\u00edtica social voltada \u00e0 redu\u00e7\u00e3o da pobreza no pa\u00eds, atendendo milh\u00f5es de fam\u00edlias em situa\u00e7\u00e3o de vulnerabilidade.<\/p>\n\n\n\n<p>Al\u00e9m do Bolsa Fam\u00edlia, o or\u00e7amento federal tamb\u00e9m prev\u00ea recursos para outras iniciativas sociais. Entre elas est\u00e1 o programa P\u00e9-de-Meia, que destina incentivos financeiros para estudantes do ensino m\u00e9dio permanecerem na escola, com R$ 11,47 bilh\u00f5es previstos para 2026. J\u00e1 o G\u00e1s para Todos, voltado \u00e0 compra de botij\u00e3o de g\u00e1s por fam\u00edlias de baixa renda, contar\u00e1 com R$ 4,7 bilh\u00f5es.<\/p>\n\n\n\n<h2 class=\"wp-block-heading\"><strong>Poss\u00edvel reformula\u00e7\u00e3o no modelo de assist\u00eancia<\/strong><\/h2>\n\n\n\n<p>Apesar da manuten\u00e7\u00e3o dos valores, o governo federal discute mudan\u00e7as na estrutura das pol\u00edticas sociais. O <strong>ministro da Fazenda, Fernando Haddad<\/strong>, j\u00e1 defendeu publicamente a possibilidade de <strong>unificar benef\u00edcios assistenciais<\/strong> e evoluir para um modelo de <strong>renda b\u00e1sica<\/strong>, com o objetivo de tornar o sistema mais eficiente.<\/p>\n\n\n\n<p>A discuss\u00e3o envolve tamb\u00e9m a necessidade de controlar o crescimento de alguns programas sociais, como o <strong>Benef\u00edcio de Presta\u00e7\u00e3o Continuada (BPC)<\/strong>, que paga um sal\u00e1rio m\u00ednimo a idosos e pessoas com defici\u00eancia de baixa renda.<\/p>\n\n\n\n<h2 class=\"wp-block-heading\"><strong>Debate sobre sustentabilidade fiscal<\/strong><\/h2>\n\n\n\n<p>Qualquer altera\u00e7\u00e3o no modelo de prote\u00e7\u00e3o social depende do cumprimento das regras do <strong>arcabou\u00e7o fiscal<\/strong>, que estabelece limites para o crescimento das despesas p\u00fablicas. A proposta em an\u00e1lise busca manter <strong>neutralidade fiscal<\/strong>, ou seja, evitar aumento significativo no gasto total do governo.<\/p>\n\n\n\n<p>O or\u00e7amento federal previsto para <strong>2026<\/strong> \u00e9 de cerca de <strong>R$ 6,3 trilh\u00f5es<\/strong>, dos quais <strong>R$ 1,82 trilh\u00e3o<\/strong> ser\u00e3o destinados ao refinanciamento da d\u00edvida p\u00fablica.<\/p>\n","protected":false},"excerpt":{"rendered":"<p>O Bolsa Fam\u00edlia, principal programa de transfer\u00eancia de renda do governo federal, registrou uma expans\u00e3o significativa ao longo das \u00faltimas duas d\u00e9cadas. Desde a cria\u00e7\u00e3o, em 2004, os repasses mensais destinados ao benef\u00edcio foram multiplicados em quase dez vezes, acompanhando o crescimento do n\u00famero de fam\u00edlias atendidas e a amplia\u00e7\u00e3o do valor pago aos benefici\u00e1rios. [&hellip;]<\/p>\n","protected":false},"author":9,"featured_media":6538,"comment_status":"closed","ping_status":"closed","sticky":false,"template":"","format":"standard","meta":{"jnews-multi-image_gallery":[],"jnews_single_post":{"format":"standard"},"jnews_primary_category":[],"jnews_social_meta":[],"jnews_override_counter":[],"jnews_post_split":[],"footnotes":""},"categories":[1],"tags":[],"class_list":["post-37804","post","type-post","status-publish","format-standard","has-post-thumbnail","hentry","category-geral"],"_referencia":"","_links":{"self":[{"href":"https:\/\/diariodocomercio.com.br\/mix\/wp-json\/wp\/v2\/posts\/37804","targetHints":{"allow":["GET"]}}],"collection":[{"href":"https:\/\/diariodocomercio.com.br\/mix\/wp-json\/wp\/v2\/posts"}],"about":[{"href":"https:\/\/diariodocomercio.com.br\/mix\/wp-json\/wp\/v2\/types\/post"}],"author":[{"embeddable":true,"href":"https:\/\/diariodocomercio.com.br\/mix\/wp-json\/wp\/v2\/users\/9"}],"replies":[{"embeddable":true,"href":"https:\/\/diariodocomercio.com.br\/mix\/wp-json\/wp\/v2\/comments?post=37804"}],"version-history":[{"count":1,"href":"https:\/\/diariodocomercio.com.br\/mix\/wp-json\/wp\/v2\/posts\/37804\/revisions"}],"predecessor-version":[{"id":37809,"href":"https:\/\/diariodocomercio.com.br\/mix\/wp-json\/wp\/v2\/posts\/37804\/revisions\/37809"}],"wp:featuredmedia":[{"embeddable":true,"href":"https:\/\/diariodocomercio.com.br\/mix\/wp-json\/wp\/v2\/media\/6538"}],"wp:attachment":[{"href":"https:\/\/diariodocomercio.com.br\/mix\/wp-json\/wp\/v2\/media?parent=37804"}],"wp:term":[{"taxonomy":"category","embeddable":true,"href":"https:\/\/diariodocomercio.com.br\/mix\/wp-json\/wp\/v2\/categories?post=37804"},{"taxonomy":"post_tag","embeddable":true,"href":"https:\/\/diariodocomercio.com.br\/mix\/wp-json\/wp\/v2\/tags?post=37804"}],"curies":[{"name":"wp","href":"https:\/\/api.w.org\/{rel}","templated":true}]}}