{"id":37806,"date":"2026-03-14T15:28:00","date_gmt":"2026-03-14T18:28:00","guid":{"rendered":"https:\/\/diariodocomercio.com.br\/mix\/?p=37806"},"modified":"2026-03-09T16:51:04","modified_gmt":"2026-03-09T19:51:04","slug":"brasileiros-que-quiserem-viajar-podem-ser-obrigados-a-pagar-taxa-de-r-43160-em-2026","status":"publish","type":"post","link":"https:\/\/diariodocomercio.com.br\/mix\/brasileiros-que-quiserem-viajar-podem-ser-obrigados-a-pagar-taxa-de-r-43160-em-2026\/","title":{"rendered":"Brasileiros que quiserem viajar podem ser obrigados a pagar taxa de R$ 431,60 em 2026"},"content":{"rendered":"\n<p>O <strong>valor do passaporte <\/strong>brasileiro pode passar de R$ 257,25 para <strong>R$ 430,00 <\/strong>em breve, caso a proposta de reajuste seja aprovada pelo Minist\u00e9rio da Justi\u00e7a e Seguran\u00e7a P\u00fablica. A altera\u00e7\u00e3o visa ajustar a taxa \u00e0 infla\u00e7\u00e3o acumulada desde 2015, quando o valor atual foi estabelecido.<\/p>\n\n\n\n<p>A Pol\u00edcia Federal, autoridade respons\u00e1vel pela emiss\u00e3o, j\u00e1 alertou sobre poss\u00edveis implica\u00e7\u00f5es se n\u00e3o houver recursos suficientes.<\/p>\n\n\n\n<h2 class=\"wp-block-heading\">Passos para solicitar o passaporte<\/h2>\n\n\n\n<p>O processo para solicitar o passaporte come\u00e7a online no site da Pol\u00edcia Federal. \u00c9 necess\u00e1rio preencher um formul\u00e1rio eletr\u00f4nico, realizar o pagamento da GRU (Guia de Recolhimento da Uni\u00e3o) e agendar o atendimento presencial.<\/p>\n\n\n\n<p>Essa etapa presencial \u00e9 obrigat\u00f3ria para a coleta de biometria e confer\u00eancia de documentos originais.<\/p>\n\n\n\n<h2 class=\"wp-block-heading\">Documentos necess\u00e1rios<\/h2>\n\n\n\n<p>Para solicitar o passaporte, s\u00e3o exigidos documentos como <strong>identidade, CPF, t\u00edtulo de eleitor <\/strong>e <strong>comprovantes de quita\u00e7\u00e3o militar<\/strong>. Estes documentos garantem que a solicita\u00e7\u00e3o ocorra de forma fluida.<\/p>\n\n\n\n<p>O passaporte novo tem validade de 10 anos, o que o torna um investimento a longo prazo para quem pretende viajar.<\/p>\n\n\n\n<p>Planejar uma viagem internacional requer um passaporte v\u00e1lido. Com a possibilidade de aumento na taxa, \u00e9 estrat\u00e9gico adiantar o processo de emiss\u00e3o. Essa prepara\u00e7\u00e3o evita custos adicionais e problemas com documenta\u00e7\u00e3o, permitindo ao viajante focar nos aspectos mais agrad\u00e1veis de sua jornada.<\/p>\n","protected":false},"excerpt":{"rendered":"<p>O valor do passaporte brasileiro pode passar para R$ 430,00 em breve.<\/p>\n","protected":false},"author":12,"featured_media":23126,"comment_status":"closed","ping_status":"closed","sticky":false,"template":"","format":"standard","meta":{"jnews-multi-image_gallery":[],"jnews_single_post":{"format":"standard"},"jnews_primary_category":[],"jnews_social_meta":[],"jnews_override_counter":[],"jnews_post_split":[],"footnotes":""},"categories":[1],"tags":[],"class_list":["post-37806","post","type-post","status-publish","format-standard","has-post-thumbnail","hentry","category-geral"],"_referencia":"","_links":{"self":[{"href":"https:\/\/diariodocomercio.com.br\/mix\/wp-json\/wp\/v2\/posts\/37806","targetHints":{"allow":["GET"]}}],"collection":[{"href":"https:\/\/diariodocomercio.com.br\/mix\/wp-json\/wp\/v2\/posts"}],"about":[{"href":"https:\/\/diariodocomercio.com.br\/mix\/wp-json\/wp\/v2\/types\/post"}],"author":[{"embeddable":true,"href":"https:\/\/diariodocomercio.com.br\/mix\/wp-json\/wp\/v2\/users\/12"}],"replies":[{"embeddable":true,"href":"https:\/\/diariodocomercio.com.br\/mix\/wp-json\/wp\/v2\/comments?post=37806"}],"version-history":[{"count":3,"href":"https:\/\/diariodocomercio.com.br\/mix\/wp-json\/wp\/v2\/posts\/37806\/revisions"}],"predecessor-version":[{"id":37817,"href":"https:\/\/diariodocomercio.com.br\/mix\/wp-json\/wp\/v2\/posts\/37806\/revisions\/37817"}],"wp:featuredmedia":[{"embeddable":true,"href":"https:\/\/diariodocomercio.com.br\/mix\/wp-json\/wp\/v2\/media\/23126"}],"wp:attachment":[{"href":"https:\/\/diariodocomercio.com.br\/mix\/wp-json\/wp\/v2\/media?parent=37806"}],"wp:term":[{"taxonomy":"category","embeddable":true,"href":"https:\/\/diariodocomercio.com.br\/mix\/wp-json\/wp\/v2\/categories?post=37806"},{"taxonomy":"post_tag","embeddable":true,"href":"https:\/\/diariodocomercio.com.br\/mix\/wp-json\/wp\/v2\/tags?post=37806"}],"curies":[{"name":"wp","href":"https:\/\/api.w.org\/{rel}","templated":true}]}}