{"id":37816,"date":"2026-03-14T17:31:00","date_gmt":"2026-03-14T20:31:00","guid":{"rendered":"https:\/\/diariodocomercio.com.br\/mix\/?p=37816"},"modified":"2026-03-09T17:00:32","modified_gmt":"2026-03-09T20:00:32","slug":"canetas-emagrecedoras-de-graca-em-2026-sus-define-2-exigencias-para-solicitar-o-medicamento","status":"publish","type":"post","link":"https:\/\/diariodocomercio.com.br\/mix\/canetas-emagrecedoras-de-graca-em-2026-sus-define-2-exigencias-para-solicitar-o-medicamento\/","title":{"rendered":"Canetas emagrecedoras de gra\u00e7a em 2026: SUS define 2 exig\u00eancias para solicitar o medicamento"},"content":{"rendered":"\n<p>O Sistema \u00danico de Sa\u00fade (SUS) do Brasil, em parceria com a Novo Nordisk, iniciar\u00e1 um programa inovador para tratar a obesidade grave. Este projeto piloto, previsto para come\u00e7ar em 2026, envolver\u00e1 a distribui\u00e7\u00e3o do medicamento <strong>Wegovy <\/strong>em tr\u00eas centros especializados nas cidades de Porto Alegre e Rio de Janeiro, com uma terceira localiza\u00e7\u00e3o ainda a confirmar.<\/p>\n\n\n\n<p><strong>Regras para uso do medicamento pelo SUS:<\/strong><\/p>\n\n\n\n<ul class=\"wp-block-list\">\n<li>S\u00f3 pode ser usado por pacientes j\u00e1 em acompanhamento em hospitais ou centros credenciados.<\/li>\n\n\n\n<li>A prioridade de cada paciente ser\u00e1 definida pelo pr\u00f3prio hospital, seguindo os protocolos m\u00e9dicos da regi\u00e3o.<\/li>\n<\/ul>\n\n\n\n<h2 class=\"wp-block-heading\">Detalhes do projeto Wegovy no SUS<\/h2>\n\n\n\n<p>O programa visa verificar como a semaglutida, princ\u00edpio ativo do Wegovy, age em pacientes com obesidade grave na rede p\u00fablica. Cada institui\u00e7\u00e3o definir\u00e1 os crit\u00e9rios de participa\u00e7\u00e3o, baseando-se em diretrizes locais e protocolos m\u00e9dicos.<\/p>\n\n\n\n<p>O projeto foi projetado para n\u00e3o incluir imediatamente toda a popula\u00e7\u00e3o devido aos custos elevados estimados para um fornecimento amplo, que o governo calcula em bilh\u00f5es de reais.<\/p>\n\n\n\n<h2 class=\"wp-block-heading\">Benef\u00edcios esperados<\/h2>\n\n\n\n<p>Os dados colhidos dessa iniciativa ser\u00e3o cr\u00edticos para analisar o impacto socioecon\u00f4mico do Wegovy no SUS. Com essas informa\u00e7\u00f5es, espera-se avaliar a poss\u00edvel expans\u00e3o do tratamento para outras regi\u00f5es, beneficiando popula\u00e7\u00f5es que mais necessitam.<\/p>\n\n\n\n<p>Segundo estudos, a obesidade grave afeta mais de 20% dos adultos brasileiros, associando-se a enfermidades como diabetes e doen\u00e7as cardiovasculares, o que torna urgentemente necess\u00e1ria uma interven\u00e7\u00e3o efetiva na sa\u00fade p\u00fablica.<\/p>\n\n\n\n<p>A implementa\u00e7\u00e3o deste programa sinaliza um avan\u00e7o promissor no combate \u00e0 obesidade. Este movimento tamb\u00e9m cria precedentes para futuras decis\u00f5es sobre tratamentos similares no SUS.&nbsp;<\/p>\n","protected":false},"excerpt":{"rendered":"<p>O SUS, em parceria com a Novo Nordisk, iniciar\u00e1 um programa inovador.<\/p>\n","protected":false},"author":12,"featured_media":37818,"comment_status":"closed","ping_status":"closed","sticky":false,"template":"","format":"standard","meta":{"jnews-multi-image_gallery":[],"jnews_single_post":{"format":"standard"},"jnews_primary_category":[],"jnews_social_meta":[],"jnews_override_counter":[],"jnews_post_split":[],"footnotes":""},"categories":[1],"tags":[],"class_list":["post-37816","post","type-post","status-publish","format-standard","has-post-thumbnail","hentry","category-geral"],"_referencia":"","_links":{"self":[{"href":"https:\/\/diariodocomercio.com.br\/mix\/wp-json\/wp\/v2\/posts\/37816","targetHints":{"allow":["GET"]}}],"collection":[{"href":"https:\/\/diariodocomercio.com.br\/mix\/wp-json\/wp\/v2\/posts"}],"about":[{"href":"https:\/\/diariodocomercio.com.br\/mix\/wp-json\/wp\/v2\/types\/post"}],"author":[{"embeddable":true,"href":"https:\/\/diariodocomercio.com.br\/mix\/wp-json\/wp\/v2\/users\/12"}],"replies":[{"embeddable":true,"href":"https:\/\/diariodocomercio.com.br\/mix\/wp-json\/wp\/v2\/comments?post=37816"}],"version-history":[{"count":1,"href":"https:\/\/diariodocomercio.com.br\/mix\/wp-json\/wp\/v2\/posts\/37816\/revisions"}],"predecessor-version":[{"id":37821,"href":"https:\/\/diariodocomercio.com.br\/mix\/wp-json\/wp\/v2\/posts\/37816\/revisions\/37821"}],"wp:featuredmedia":[{"embeddable":true,"href":"https:\/\/diariodocomercio.com.br\/mix\/wp-json\/wp\/v2\/media\/37818"}],"wp:attachment":[{"href":"https:\/\/diariodocomercio.com.br\/mix\/wp-json\/wp\/v2\/media?parent=37816"}],"wp:term":[{"taxonomy":"category","embeddable":true,"href":"https:\/\/diariodocomercio.com.br\/mix\/wp-json\/wp\/v2\/categories?post=37816"},{"taxonomy":"post_tag","embeddable":true,"href":"https:\/\/diariodocomercio.com.br\/mix\/wp-json\/wp\/v2\/tags?post=37816"}],"curies":[{"name":"wp","href":"https:\/\/api.w.org\/{rel}","templated":true}]}}