{"id":37849,"date":"2026-03-14T22:51:00","date_gmt":"2026-03-15T01:51:00","guid":{"rendered":"https:\/\/diariodocomercio.com.br\/mix\/?p=37849"},"modified":"2026-03-09T19:22:13","modified_gmt":"2026-03-09T22:22:13","slug":"conheca-a-historia-bizarra-do-jornalista-assassino-que-escrevia-sobre-os-proprios-crimes","status":"publish","type":"post","link":"https:\/\/diariodocomercio.com.br\/mix\/conheca-a-historia-bizarra-do-jornalista-assassino-que-escrevia-sobre-os-proprios-crimes\/","title":{"rendered":"Conhe\u00e7a a hist\u00f3ria bizarra do jornalista assassino que escrevia sobre os pr\u00f3prios crimes"},"content":{"rendered":"\n<p>Aqui no Brasil, temos a hist\u00f3ria bizarra e fascinante de Wallace Souza, um jornalista de Manaus, Amazonas, que fazia sucesso com suas coberturas sensacionalistas de casos chocantes de viol\u00eancia na cidade. S\u00f3 que, em 2008, veio \u00e0 tona a verdade chocante de que ele mesmo era o mandante de v\u00e1rios desses crimes. Temos uma hist\u00f3ria um pouco semelhante que aconteceu na cidade de Ki\u010devo, na Maced\u00f4nia: o caso de Vlado Taneski.<\/p>\n\n\n\n<h2 class=\"wp-block-heading\">Vlado Taneski: o jornalista que escreveu sobre os pr\u00f3prios crimes<\/h2>\n\n\n\n<p>Nascido em 1952, em uma fam\u00edlia conservadora, Vlado tinha uma rela\u00e7\u00e3o dif\u00edcil com a m\u00e3e e, em 1990, perdeu o pai para o suic\u00eddio. Na vida adulta, ele se casou, teve dois filhos e era considerado um homem quieto e gentil.<\/p>\n\n\n\n<p>A hist\u00f3ria que queremos comentar come\u00e7ou no final de 2004, quando uma mulher de 64 anos chamada Mitra Simjanoska desapareceu. Vlado, que era jornalista, foi um dos respons\u00e1veis pela cobertura. Posteriormente, a idosa foi encontrada em um saco pl\u00e1stico e descobriram que ela havia sido estuprada, torturada e, por fim, estrangulada.<\/p>\n\n\n\n<p>Nos tr\u00eas anos seguintes, aconteceram mais dois casos muito semelhantes: Ljubica Licoska, de 56 anos, desapareceu em novembro de 2007 e seu corpo foi encontrado em fevereiro de 2008; e Zivana Temelkoska, de 65 anos, desapareceu em maio de 2008 e o corpo foi encontrado cerca de uma semana depois. <\/p>\n\n\n\n<p>Al\u00e9m das semelhan\u00e7as entre o <em>modus operandi<\/em> dos crimes, os tr\u00eas casos tinham outra semelhan\u00e7a: todos foram cobertos na imprensa por Taneski. O jornalista reportava detalhes t\u00e3o minuciosos que come\u00e7aram a chamar aten\u00e7\u00e3o dos investigadores, que come\u00e7aram a perceber que ele dava detalhes t\u00e3o precisos que apenas o pr\u00f3prio assassino poderia saber disso. <\/p>\n\n\n\n<p>Em 2008, eles descobriram que o DNA do jornalista correspondia ao s\u00eamen encontrado nas v\u00edtimas. Em uma busca na casa dele, encontraram pertences de algumas delas e um fio de telefone semelhante ao que teria sido usado para estrangul\u00e1-las. <\/p>\n\n\n\n<p>Ele foi acusado de dois assassinatos e a pol\u00edtica estava em busca das provas para acus\u00e1-lo do terceiro, mas antes que ele pudesse ser interrogado, ele cometeu suic\u00eddio se afogando em um balde de \u00e1gua na cela. <\/p>\n\n\n\n<style>@media (min-width: 992px) {\n    .recomendadorV2Area1 {\n        width: 280px;\n    }\n    .recomendadorV2Area2 {\n        padding: 0px 20px;\n        width: calc(100% - 280px);\n    }\n}\n\n@media (max-width: 992px) {\n    .recomendadorV2Button {\n        margin: 0 auto;\n    }\n    .recomendadorV2Area {\n        flex-direction: column;\n        text-align: center;\n    }\n    .recomendadorV2Area2 {\n        padding: 0px 20px;\n    }\n}\n\n.recomendadorV2Area {\n    background: #eeeeee3d;\n    border-radius: 10px;\n    padding: 15px;\n    display: flex;\n    margin: 15px auto;\n    border: 1px solid #00000014;\n    max-width: 800px;\n}\n\n.recomendadorV2Area1 img {\n    width: 280px;\n    height: auto;\n    border-radius: 8px;\n}\n\n.linkrecomendadorv2 {\n    text-decoration: none !important;\n}\n\n.recomendadorV2Area2 .recomendadorV2Type {\n    text-transform: uppercase;\n    font-weight: 500;\n    font-size: 11px;\n    letter-spacing: 2px;\n    color: #666;\n    margin: 12px 0;\n    display: block;\n}\n\n.recomendadorV2Title h2 {\n    padding-top: 0px !important;\n    margin: 0px !important;\n    border-left: none !important;\n    padding-left: 0px !important;\n    line-height: 1.3;\n    color: #000 !important;\n    font-size: 24px;\n    margin-bottom: 12px !important;\n}\n\n.recomendadorV2Desc {\n    color: #333;\n    margin: 12px 0px !important;\n    font-size: 15px;\n    line-height: 1.5;\n}\n\n.recomendadorV2Button {\n    width: auto;\n    max-width: 200px;\n    margin: 0;\n    display: inline-flex;\n    align-items: center;\n    background: #1D3557;\n    border-radius: 8px;\n    color: #fff;\n    height: 36px;\n    justify-content: center;\n    text-align: center;\n    font-size: 14px;\n    padding: 0 20px;\n    transition: background-color 0.2s ease;\n}\n\n.recomendadorV2Button:hover {\n    background: #2a4d7a;\n}\n\n.recomendadorV2Button:after {\n    margin-top: -2px;\n    content: \"\u2192\";\n    padding: 0px 0px 0px 8px;\n}\n\n.recomendadorV2Alert {\n    text-align: left;\n    font-size: 11px;\n    margin-top: 8px;\n    color: #666;\n}\n\n.recomendadorFixedArea {\n    width: 100%;\n    display: flex;\n    justify-content: center;\n    align-items: center;\n}\n\n@media (min-width: 992px) {\n    #recomendadorFixed {\n        width: 32% !important;\n        left: 5%;\n    }\n    .recomendadorCloseFixed{\n        right: inherit !important;\n        left: 378px !important;\n    }\n}\n\n#recomendadorFixed {\n    width: 90%;\n    box-shadow: 0 10px 20px 0px #00000057;\n    display: none;\n    height: 90px;\n    background: #F6F6F6;\n    position: fixed;\n    flex-direction: row;\n    bottom: 10px;\n    z-index: 9999;\n    border-radius: 16px;\n    padding: 7px 10px;\n}\n\n.recomendadorLeftArea {\n    width: 160px;\n}\n\n.recomendadorRightArea h2 {\n    padding-top: 0px;\n    margin: 2px 0px 4px 0px !important;\n    font-weight: 400;\n    text-align: center;\n    padding-left: 0px !important;\n    color: #000 !important;\n    border-left: none !important;\n    line-height: 20px;\n    font-size: 12px !important;\n}\n\n.recomendadorImgFixed {\n    overflow: hidden;\n    padding: 8px 6px;\n    height: 100%;\n}\n\n.recomendadorImgFixed img {\n    height: 100% !important;\n    border-radius: 16px;\n}\n\n.recomendadorRightArea {\n    padding-top: 6px;\n    display: flex;\n    width: calc(100% - 130px);\n    justify-content: space-between;\n    align-items: center;\n    flex-direction: column;\n}\n\n.recomendadorButtonFixed {\n    margin: 0 auto;\n    background: #1D3557;\n    width: 80%;\n    text-align: center;\n    font-size: 10px;\n    color: #FFF;\n    padding: 2px 10px;\n    border-radius: 3px;\n}\n\n.recomendadorButtonFixed:after {\n    margin-top: -3px;\n    content: \"\u2192\";\n    padding: 0px 0px 0px 10px;\n}\n\n.recomendadorAlertFixed {\n    font-weight: 400;\n    text-align: center;\n    color: #484848;\n    font-size: 8px;\n}\n\n.recomendadorCloseFixed {\n    z-index: 99999;\n    display: none;\n    right: 0px;\n    left: inherit;\n    bottom: 99px;\n    position: fixed;\n    justify-content: center;\n    background: #F6F6F6;\n    width: 25px;\n    align-items: center;\n    height: 25px;\n    font-weight: 800;\n    border-radius: 50%;\n    border: 1px solid #EBEBEB;\n}\n\n.recomendadorV2Desc{\n    color: #000000;\n    margin: 20px 0px;\n}\n\n@media (max-width: 576px) {\n    .recomendadorV2Area {\n      padding: 10px;\n      max-width: 100%;\n    }\n  \n    .recomendadorV2Area1 img {\n      width: 100%;\n      border-radius: 6px;\n    }\n  \n    .recomendadorV2Area2 .recomendadorV2Type {\n      font-size: 9px;\n      letter-spacing: 1px;\n      margin: 8px 0;\n    }\n  \n    .recomendadorV2Title h2 {\n      font-size: 18px !important;\n      margin-bottom: 8px !important;\n      line-height: 1.2;\n    }\n  \n    .recomendadorV2Desc {\n      font-size: 14px;\n      margin: 8px 0 !important;\n      line-height: 1.4;\n    }\n  \n    .recomendadorV2Button {\n      font-size: 14px;\n      height: 40px;\n      padding: 0 12px;\n      max-width: 100%;\n      width: 100%;\n    }\n  \n    .recomendadorV2Button:after {\n      padding-left: 6px;\n    }\n  }\n  <\/style>\n        <div class=\"lazyblock-recomendador-v2-2jDGz wp-block-lazyblock-recomendador-v2\">\n        <a class=\"linkrecomendadorv2\" href=\"https:\/\/diariodocomercio.com.br\/mix\/o-segredo-para-conservar-os-abacates-por-varios-meses\/\">\n            <div class=\"recomendadorV2Area\">\n            <div class=\"recomendadorV2Area1\">\n                <div class=\"recomendadorV2Img\">\n                <img class=\"lazyloaded\" decoding=\"async\" src=\"https:\/\/diariodocomercio.com.br\/mix\/wp-content\/uploads\/2026\/03\/abacate.jpg\" data-src=\"https:\/\/diariodocomercio.com.br\/mix\/wp-content\/uploads\/2026\/03\/abacate.jpg\" alt=\"\">\n                <\/div>\n            <\/div>\n            <div class=\"recomendadorV2Area2\">\n                <div class=\"recomendadorV2Type\">\n                    <span>ALIMENTA\u00c7\u00c3O<\/span>\n                <\/div>\n                <div class=\"recomendadorV2Title\">\n                <h2><span>O segredo para conservar os abacates por v\u00e1rios meses<\/span><\/h2>\n                <\/div>\n                <div class=\"recomendadorV2Desc\">\n                <span>Se voc\u00ea mora sozinho ou \u00e9 a \u00fanica pessoa da sua casa que gosta de abacate, \u00e9 bem prov\u00e1vel que \u2026<\/span>\n                <\/div>\n                <div class=\"recomendadorV2Button\">Leia mais<\/div>\n                <div class=\"recomendadorV2Alert\"><\/div>\n            <\/div>\n            <\/div>\n        <\/a>\n        <div>\n            <div style=\"z-index:99999;\" id=\"buttonClose\" onclick=\"closeRecomendadorFixed()\">\n            <div class=\"recomendadorCloseFixed\">X<\/div>\n            <\/div>\n            <a href=\"https:\/\/diariodocomercio.com.br\/mix\/o-segredo-para-conservar-os-abacates-por-varios-meses\/\">\n            <div class=\"recomendadorFixedArea\">\n                <div id=\"recomendadorFixed\">\n                <div class=\"recomendadorLeftArea\">\n                    <div class=\"recomendadorImgFixed\">\n                    <img class=\"lazyload\" decoding=\"async\" src=\"https:\/\/diariodocomercio.com.br\/mix\/wp-content\/uploads\/2026\/03\/abacate.jpg\" alt=\"\">\n                    <\/div>\n                <\/div>\n                <div class=\"recomendadorRightArea\">\n                    <div class=\"recomendadorTitleFixed\">\n                    <h2><span>O segredo para conservar os abacates por v\u00e1rios meses<\/span><\/h2>\n                    <\/div>\n                    <div class=\"recomendadorButtonFixed\">Leia mais<\/div>\n                    <div class=\"recomendadorAlertFixed\"><\/div>\n                <\/div>\n                <\/div>\n            <\/div>\n            <\/a>\n        <\/div>\n        <\/div>\n","protected":false},"excerpt":{"rendered":"<p>Aqui no Brasil, temos a hist\u00f3ria bizarra e fascinante de Wallace Souza, um jornalista de Manaus, Amazonas, que fazia sucesso com suas coberturas sensacionalistas de casos chocantes de viol\u00eancia na cidade. S\u00f3 que, em 2008, veio \u00e0 tona a verdade chocante de que ele mesmo era o mandante de v\u00e1rios desses crimes. Temos uma hist\u00f3ria [&hellip;]<\/p>\n","protected":false},"author":6,"featured_media":37850,"comment_status":"closed","ping_status":"closed","sticky":false,"template":"","format":"standard","meta":{"jnews-multi-image_gallery":[],"jnews_single_post":{"format":"standard"},"jnews_primary_category":[],"jnews_social_meta":[],"jnews_override_counter":[],"jnews_post_split":[],"footnotes":""},"categories":[1],"tags":[],"class_list":["post-37849","post","type-post","status-publish","format-standard","has-post-thumbnail","hentry","category-geral"],"_referencia":"","_links":{"self":[{"href":"https:\/\/diariodocomercio.com.br\/mix\/wp-json\/wp\/v2\/posts\/37849","targetHints":{"allow":["GET"]}}],"collection":[{"href":"https:\/\/diariodocomercio.com.br\/mix\/wp-json\/wp\/v2\/posts"}],"about":[{"href":"https:\/\/diariodocomercio.com.br\/mix\/wp-json\/wp\/v2\/types\/post"}],"author":[{"embeddable":true,"href":"https:\/\/diariodocomercio.com.br\/mix\/wp-json\/wp\/v2\/users\/6"}],"replies":[{"embeddable":true,"href":"https:\/\/diariodocomercio.com.br\/mix\/wp-json\/wp\/v2\/comments?post=37849"}],"version-history":[{"count":1,"href":"https:\/\/diariodocomercio.com.br\/mix\/wp-json\/wp\/v2\/posts\/37849\/revisions"}],"predecessor-version":[{"id":37855,"href":"https:\/\/diariodocomercio.com.br\/mix\/wp-json\/wp\/v2\/posts\/37849\/revisions\/37855"}],"wp:featuredmedia":[{"embeddable":true,"href":"https:\/\/diariodocomercio.com.br\/mix\/wp-json\/wp\/v2\/media\/37850"}],"wp:attachment":[{"href":"https:\/\/diariodocomercio.com.br\/mix\/wp-json\/wp\/v2\/media?parent=37849"}],"wp:term":[{"taxonomy":"category","embeddable":true,"href":"https:\/\/diariodocomercio.com.br\/mix\/wp-json\/wp\/v2\/categories?post=37849"},{"taxonomy":"post_tag","embeddable":true,"href":"https:\/\/diariodocomercio.com.br\/mix\/wp-json\/wp\/v2\/tags?post=37849"}],"curies":[{"name":"wp","href":"https:\/\/api.w.org\/{rel}","templated":true}]}}