{"id":37859,"date":"2026-03-14T20:37:00","date_gmt":"2026-03-14T23:37:00","guid":{"rendered":"https:\/\/diariodocomercio.com.br\/mix\/?p=37859"},"modified":"2026-03-09T19:53:48","modified_gmt":"2026-03-09T22:53:48","slug":"nova-regra-preve-prisao-para-publicacoes-falsas-sobre-o-conflito-no-oriente-medio","status":"publish","type":"post","link":"https:\/\/diariodocomercio.com.br\/mix\/nova-regra-preve-prisao-para-publicacoes-falsas-sobre-o-conflito-no-oriente-medio\/","title":{"rendered":"Nova regra prev\u00ea pris\u00e3o para publica\u00e7\u00f5es falsas sobre o conflito no Oriente M\u00e9dio"},"content":{"rendered":"\n<p>Governos do Oriente M\u00e9dio passaram a adotar regras mais r\u00edgidas contra a divulga\u00e7\u00e3o de informa\u00e7\u00f5es consideradas falsas ou n\u00e3o verificadas sobre o conflito na regi\u00e3o. Em pa\u00edses como Catar e Emirados \u00c1rabes Unidos, autoridades j\u00e1 anunciaram pris\u00f5es e advert\u00eancias a usu\u00e1rios de redes sociais, incluindo influenciadores digitais, que publiquem conte\u00fados considerados prejudiciais \u00e0 seguran\u00e7a ou \u00e0 ordem p\u00fablica.<\/p>\n\n\n\n<p>No Catar, o Minist\u00e9rio do Interior informou que 313 pessoas foram presas sob acusa\u00e7\u00e3o de uso indevido de plataformas digitais em meio \u00e0 escalada do conflito regional.<\/p>\n\n\n\n<p>As autoridades afirmam que a medida tem como objetivo conter a dissemina\u00e7\u00e3o de rumores e informa\u00e7\u00f5es n\u00e3o confirmadas, que poderiam provocar p\u00e2nico ou desinforma\u00e7\u00e3o entre a popula\u00e7\u00e3o.<\/p>\n\n\n\n<p>Nos Emirados \u00c1rabes Unidos, influenciadores digitais e criadores de conte\u00fado receberam um alerta formal sobre os riscos de publicar materiais relacionados ao conflito com o Ir\u00e3.<\/p>\n\n\n\n<p>De acordo com as autoridades, conte\u00fados que possam prejudicar \u201ca ordem p\u00fablica, a unidade nacional ou a reputa\u00e7\u00e3o do Estado\u201d podem resultar em multas de at\u00e9 US$ 77 mil (cerca de R$ 380 mil) ou pena de pris\u00e3o.<\/p>\n\n\n\n<p>A advert\u00eancia ganhou for\u00e7a ap\u00f3s epis\u00f3dios recentes envolvendo a queda de <strong>destro\u00e7os de m\u00edsseis interceptados<\/strong> na regi\u00e3o de Dubai, um dos principais centros tur\u00edsticos do Golfo.<\/p>\n\n\n\n<h2 class=\"wp-block-heading\"><strong>Escalada do conflito na regi\u00e3o<\/strong><\/h2>\n\n\n\n<p>As novas medidas surgem em meio \u00e0 intensifica\u00e7\u00e3o das tens\u00f5es no Oriente M\u00e9dio ap\u00f3s a morte do <strong>l\u00edder supremo do Ir\u00e3, aiatol\u00e1 Ali Khamenei<\/strong>, em ataques realizados por for\u00e7as dos Estados Unidos e de Israel no final de fevereiro.<\/p>\n\n\n\n<p>Desde ent\u00e3o, ataques e contra-ataques envolvendo instala\u00e7\u00f5es militares e infraestrutura estrat\u00e9gica foram registrados em pa\u00edses da regi\u00e3o, incluindo Kuwait, Catar, Ar\u00e1bia Saudita e Emirados \u00c1rabes Unidos.<\/p>\n\n\n\n<p>A instabilidade tamb\u00e9m provocou reflexos no mercado internacional. O pre\u00e7o do <strong>petr\u00f3leo Brent<\/strong>, refer\u00eancia global, chegou a ultrapassar <strong>US$ 119 por barril<\/strong>, mantendo-se acima da marca de US$ 100, n\u00edvel que costuma gerar preocupa\u00e7\u00e3o entre investidores e governos.<\/p>\n\n\n\n<h2 class=\"wp-block-heading\"><strong>Autoridades pedem cautela nas redes<\/strong><\/h2>\n\n\n\n<p>Promotores e \u00f3rg\u00e3os de seguran\u00e7a alertaram a popula\u00e7\u00e3o para que evite compartilhar conte\u00fados de origem desconhecida e busque informa\u00e7\u00f5es apenas em canais oficiais e ve\u00edculos de comunica\u00e7\u00e3o credenciados.<\/p>\n\n\n\n<p>Segundo as autoridades, a divulga\u00e7\u00e3o de rumores em per\u00edodos de conflito pode <strong>gerar confus\u00e3o, comprometer a seguran\u00e7a p\u00fablica e prejudicar a estabilidade social<\/strong>, motivo pelo qual o monitoramento das redes sociais foi intensificado.<\/p>\n","protected":false},"excerpt":{"rendered":"<p>Governos do Oriente M\u00e9dio passaram a adotar regras mais r\u00edgidas contra a divulga\u00e7\u00e3o de informa\u00e7\u00f5es consideradas falsas ou n\u00e3o verificadas sobre o conflito na regi\u00e3o. Em pa\u00edses como Catar e Emirados \u00c1rabes Unidos, autoridades j\u00e1 anunciaram pris\u00f5es e advert\u00eancias a usu\u00e1rios de redes sociais, incluindo influenciadores digitais, que publiquem conte\u00fados considerados prejudiciais \u00e0 seguran\u00e7a ou [&hellip;]<\/p>\n","protected":false},"author":9,"featured_media":36971,"comment_status":"closed","ping_status":"closed","sticky":false,"template":"","format":"standard","meta":{"jnews-multi-image_gallery":[],"jnews_single_post":{"format":"standard"},"jnews_primary_category":[],"jnews_social_meta":[],"jnews_override_counter":[],"jnews_post_split":[],"footnotes":""},"categories":[1],"tags":[],"class_list":["post-37859","post","type-post","status-publish","format-standard","has-post-thumbnail","hentry","category-geral"],"_referencia":"","_links":{"self":[{"href":"https:\/\/diariodocomercio.com.br\/mix\/wp-json\/wp\/v2\/posts\/37859","targetHints":{"allow":["GET"]}}],"collection":[{"href":"https:\/\/diariodocomercio.com.br\/mix\/wp-json\/wp\/v2\/posts"}],"about":[{"href":"https:\/\/diariodocomercio.com.br\/mix\/wp-json\/wp\/v2\/types\/post"}],"author":[{"embeddable":true,"href":"https:\/\/diariodocomercio.com.br\/mix\/wp-json\/wp\/v2\/users\/9"}],"replies":[{"embeddable":true,"href":"https:\/\/diariodocomercio.com.br\/mix\/wp-json\/wp\/v2\/comments?post=37859"}],"version-history":[{"count":1,"href":"https:\/\/diariodocomercio.com.br\/mix\/wp-json\/wp\/v2\/posts\/37859\/revisions"}],"predecessor-version":[{"id":37862,"href":"https:\/\/diariodocomercio.com.br\/mix\/wp-json\/wp\/v2\/posts\/37859\/revisions\/37862"}],"wp:featuredmedia":[{"embeddable":true,"href":"https:\/\/diariodocomercio.com.br\/mix\/wp-json\/wp\/v2\/media\/36971"}],"wp:attachment":[{"href":"https:\/\/diariodocomercio.com.br\/mix\/wp-json\/wp\/v2\/media?parent=37859"}],"wp:term":[{"taxonomy":"category","embeddable":true,"href":"https:\/\/diariodocomercio.com.br\/mix\/wp-json\/wp\/v2\/categories?post=37859"},{"taxonomy":"post_tag","embeddable":true,"href":"https:\/\/diariodocomercio.com.br\/mix\/wp-json\/wp\/v2\/tags?post=37859"}],"curies":[{"name":"wp","href":"https:\/\/api.w.org\/{rel}","templated":true}]}}