{"id":37863,"date":"2026-03-14T22:34:00","date_gmt":"2026-03-15T01:34:00","guid":{"rendered":"https:\/\/diariodocomercio.com.br\/mix\/?p=37863"},"modified":"2026-03-09T20:07:11","modified_gmt":"2026-03-09T23:07:11","slug":"regra-exigira-novos-equipamentos-obrigatorios-nos-carros-em-julho-neste-continente","status":"publish","type":"post","link":"https:\/\/diariodocomercio.com.br\/mix\/regra-exigira-novos-equipamentos-obrigatorios-nos-carros-em-julho-neste-continente\/","title":{"rendered":"Regra exigir\u00e1 novos equipamentos obrigat\u00f3rios nos carros em julho neste continente"},"content":{"rendered":"\n<p>A Uni\u00e3o Europeia passar\u00e1 a exigir, a partir de 7 de julho de 2026, a instala\u00e7\u00e3o de um novo sistema obrigat\u00f3rio de sinaliza\u00e7\u00e3o de frenagem de emerg\u00eancia em carros de passeio e ve\u00edculos comerciais leves rec\u00e9m-aprovados para venda no bloco. A medida faz parte de um pacote de normas voltadas ao aumento da seguran\u00e7a vi\u00e1ria e \u00e0 redu\u00e7\u00e3o de colis\u00f5es traseiras nas estradas.<\/p>\n\n\n\n<p>O novo dispositivo prev\u00ea um sinal visual mais intenso quando o motorista realiza uma frenagem brusca, permitindo que outros condutores identifiquem com mais rapidez uma situa\u00e7\u00e3o de risco.<\/p>\n\n\n\n<p>Atualmente, as luzes de freio traseiras se acendem sempre que o pedal \u00e9 pressionado, independentemente da intensidade da frenagem. Com a nova regra europeia, por\u00e9m, o ve\u00edculo ter\u00e1 um alerta espec\u00edfico para situa\u00e7\u00f5es de emerg\u00eancia.<\/p>\n\n\n\n<p>Quando o carro reduzir bruscamente a velocidade, geralmente em velocidades <strong>acima de 50 km\/h<\/strong>, as luzes de freio traseiras <strong>passar\u00e3o a piscar v\u00e1rias vezes por segundo<\/strong>, sinalizando aos ve\u00edculos que seguem atr\u00e1s que ocorreu uma frenagem intensa.<\/p>\n\n\n\n<p>Caso o autom\u00f3vel pare completamente ap\u00f3s essa desacelera\u00e7\u00e3o forte, o sistema ativar\u00e1 <strong>automaticamente o pisca-alerta<\/strong>, enquanto as luzes de freio permanecem acesas.<\/p>\n\n\n\n<p>Segundo autoridades europeias, a sequ\u00eancia de sinais foi projetada para tornar o alerta <strong>mais vis\u00edvel e imediato<\/strong>, especialmente em <strong>rodovias e vias de alta velocidade<\/strong>, onde colis\u00f5es traseiras s\u00e3o mais comuns.<\/p>\n\n\n\n<h2 class=\"wp-block-heading\"><strong>Regra vale apenas para ve\u00edculos novos<\/strong><\/h2>\n\n\n\n<p>A exig\u00eancia se aplicar\u00e1 apenas a <strong>novos modelos homologados<\/strong> de carros de passeio e ve\u00edculos comerciais leves aprovados para venda na Uni\u00e3o Europeia a partir da data estabelecida.<\/p>\n\n\n\n<p>Isso significa que <strong>ve\u00edculos j\u00e1 em circula\u00e7\u00e3o n\u00e3o precisar\u00e3o ser modificados<\/strong> para atender \u00e0 nova norma.<\/p>\n\n\n\n<h2 class=\"wp-block-heading\"><strong>Tend\u00eancia global de seguran\u00e7a<\/strong><\/h2>\n\n\n\n<p>A ado\u00e7\u00e3o desse tipo de tecnologia faz parte de uma tend\u00eancia internacional de refor\u00e7o nos sistemas de seguran\u00e7a automotiva.<\/p>\n\n\n\n<p>No Brasil, por exemplo, mudan\u00e7as recentes na legisla\u00e7\u00e3o tamb\u00e9m ampliaram a lista de equipamentos obrigat\u00f3rios em ve\u00edculos fabricados nos \u00faltimos anos, incluindo tecnologias voltadas ao controle do ve\u00edculo, alerta de seguran\u00e7a e prote\u00e7\u00e3o dos ocupantes.<\/p>\n\n\n\n<p>Especialistas apontam que a ado\u00e7\u00e3o de sistemas de alerta mais eficientes pode reduzir acidentes e melhorar a comunica\u00e7\u00e3o entre motoristas, principalmente em situa\u00e7\u00f5es de frenagem repentina no tr\u00e2nsito.<\/p>\n","protected":false},"excerpt":{"rendered":"<p>A Uni\u00e3o Europeia passar\u00e1 a exigir, a partir de 7 de julho de 2026, a instala\u00e7\u00e3o de um novo sistema obrigat\u00f3rio de sinaliza\u00e7\u00e3o de frenagem de emerg\u00eancia em carros de passeio e ve\u00edculos comerciais leves rec\u00e9m-aprovados para venda no bloco. A medida faz parte de um pacote de normas voltadas ao aumento da seguran\u00e7a vi\u00e1ria [&hellip;]<\/p>\n","protected":false},"author":9,"featured_media":7493,"comment_status":"closed","ping_status":"closed","sticky":false,"template":"","format":"standard","meta":{"jnews-multi-image_gallery":[],"jnews_single_post":{"format":"standard"},"jnews_primary_category":[],"jnews_social_meta":[],"jnews_override_counter":[],"jnews_post_split":[],"footnotes":""},"categories":[1],"tags":[],"class_list":["post-37863","post","type-post","status-publish","format-standard","has-post-thumbnail","hentry","category-geral"],"_referencia":"","_links":{"self":[{"href":"https:\/\/diariodocomercio.com.br\/mix\/wp-json\/wp\/v2\/posts\/37863","targetHints":{"allow":["GET"]}}],"collection":[{"href":"https:\/\/diariodocomercio.com.br\/mix\/wp-json\/wp\/v2\/posts"}],"about":[{"href":"https:\/\/diariodocomercio.com.br\/mix\/wp-json\/wp\/v2\/types\/post"}],"author":[{"embeddable":true,"href":"https:\/\/diariodocomercio.com.br\/mix\/wp-json\/wp\/v2\/users\/9"}],"replies":[{"embeddable":true,"href":"https:\/\/diariodocomercio.com.br\/mix\/wp-json\/wp\/v2\/comments?post=37863"}],"version-history":[{"count":1,"href":"https:\/\/diariodocomercio.com.br\/mix\/wp-json\/wp\/v2\/posts\/37863\/revisions"}],"predecessor-version":[{"id":37864,"href":"https:\/\/diariodocomercio.com.br\/mix\/wp-json\/wp\/v2\/posts\/37863\/revisions\/37864"}],"wp:featuredmedia":[{"embeddable":true,"href":"https:\/\/diariodocomercio.com.br\/mix\/wp-json\/wp\/v2\/media\/7493"}],"wp:attachment":[{"href":"https:\/\/diariodocomercio.com.br\/mix\/wp-json\/wp\/v2\/media?parent=37863"}],"wp:term":[{"taxonomy":"category","embeddable":true,"href":"https:\/\/diariodocomercio.com.br\/mix\/wp-json\/wp\/v2\/categories?post=37863"},{"taxonomy":"post_tag","embeddable":true,"href":"https:\/\/diariodocomercio.com.br\/mix\/wp-json\/wp\/v2\/tags?post=37863"}],"curies":[{"name":"wp","href":"https:\/\/api.w.org\/{rel}","templated":true}]}}