{"id":37868,"date":"2026-03-14T19:31:00","date_gmt":"2026-03-14T22:31:00","guid":{"rendered":"https:\/\/diariodocomercio.com.br\/mix\/?p=37868"},"modified":"2026-03-10T08:37:10","modified_gmt":"2026-03-10T11:37:10","slug":"pais-africano-vai-construir-um-dos-maiores-aeroportos-do-mundo-para-receber-110-milhoes-de-passageiros-por-ano","status":"publish","type":"post","link":"https:\/\/diariodocomercio.com.br\/mix\/pais-africano-vai-construir-um-dos-maiores-aeroportos-do-mundo-para-receber-110-milhoes-de-passageiros-por-ano\/","title":{"rendered":"Pa\u00eds africano vai construir um dos maiores aeroportos do mundo para receber 110 milh\u00f5es de passageiros por ano"},"content":{"rendered":"\n<p>A Eti\u00f3pia iniciou a constru\u00e7\u00e3o de um megaempreendimento que promete transformar o pa\u00eds em um dos maiores centros de avia\u00e7\u00e3o do mundo. Trata-se do Aeroporto Internacional de Bishoftu, projeto estimado em US$ 12,5 bilh\u00f5es (cerca de R$ 62 bilh\u00f5es) que dever\u00e1 ter capacidade para at\u00e9 110 milh\u00f5es de passageiros por ano quando estiver totalmente conclu\u00eddo.<\/p>\n\n\n\n<p>O novo aeroporto est\u00e1 sendo constru\u00eddo na cidade de <strong>Bishoftu<\/strong>, localizada a cerca de <strong>45 quil\u00f4metros ao sudeste de Addis Abeba<\/strong>, capital do pa\u00eds. A iniciativa \u00e9 liderada pela <strong>Ethiopian Airlines<\/strong>, companhia a\u00e9rea estatal considerada uma das maiores da \u00c1frica.<\/p>\n\n\n\n<p>Segundo autoridades et\u00edopes, o novo terminal ser\u00e1 fundamental para atender ao crescimento acelerado do tr\u00e1fego a\u00e9reo no pa\u00eds. O principal aeroporto atual da capital, o <strong>Aeroporto Internacional de Bole<\/strong>, dever\u00e1 atingir o limite de capacidade <strong>nos pr\u00f3ximos dois ou tr\u00eas anos<\/strong>.<\/p>\n\n\n\n<p>Com o novo complexo, a capacidade de transporte a\u00e9reo do pa\u00eds ser\u00e1 ampliada de forma significativa, alcan\u00e7ando um volume <strong>mais de quatro vezes superior ao atual<\/strong>.<\/p>\n\n\n\n<p>O projeto prev\u00ea <strong>quatro pistas de pouso e decolagem<\/strong> e espa\u00e7o para <strong>at\u00e9 270 aeronaves estacionadas simultaneamente<\/strong>, al\u00e9m de um terminal com aproximadamente <strong>660 mil metros quadrados<\/strong> de \u00e1rea constru\u00edda.<\/p>\n\n\n\n<figure class=\"wp-block-image\"><img decoding=\"async\" width=\"1200\" height=\"803\" src=\"https:\/\/diariodocomercio.com.br\/mix\/wp-content\/uploads\/2026\/03\/download-1-1200x803.webp\" alt=\"\" class=\"wp-image-37870\" srcset=\"https:\/\/diariodocomercio.com.br\/mix\/wp-content\/uploads\/2026\/03\/download-1-1200x803.webp 1200w, https:\/\/diariodocomercio.com.br\/mix\/wp-content\/uploads\/2026\/03\/download-1-300x201.webp 300w, https:\/\/diariodocomercio.com.br\/mix\/wp-content\/uploads\/2026\/03\/download-1-768x514.webp 768w, https:\/\/diariodocomercio.com.br\/mix\/wp-content\/uploads\/2026\/03\/download-1-150x100.webp 150w, https:\/\/diariodocomercio.com.br\/mix\/wp-content\/uploads\/2026\/03\/download-1-750x502.webp 750w, https:\/\/diariodocomercio.com.br\/mix\/wp-content\/uploads\/2026\/03\/download-1-1140x763.webp 1140w, https:\/\/diariodocomercio.com.br\/mix\/wp-content\/uploads\/2026\/03\/download-1.webp 1440w\" sizes=\"(max-width: 1200px) 100vw, 1200px\" \/><figcaption class=\"wp-element-caption\">(D\u00edvulga\u00e7\u00e3o\/X-Universe)<\/figcaption><\/figure>\n\n\n\n<h2 class=\"wp-block-heading\"><strong>Projeto arquitet\u00f4nico futurista<\/strong><\/h2>\n\n\n\n<p>O design do aeroporto foi desenvolvido pelo escrit\u00f3rio internacional <strong>Zaha Hadid Architects<\/strong>, conhecido por projetos arquitet\u00f4nicos de grande escala e formato inovador. O terminal ter\u00e1 um <strong>formato em \u201cX\u201d<\/strong>, pensado para facilitar a circula\u00e7\u00e3o interna e melhorar a orienta\u00e7\u00e3o dos passageiros dentro do complexo.<\/p>\n\n\n\n<p>Al\u00e9m do tamanho e da est\u00e9tica futurista, o projeto tamb\u00e9m inclui solu\u00e7\u00f5es voltadas \u00e0 <strong>sustentabilidade<\/strong>, como uso de materiais locais, instala\u00e7\u00e3o de <strong>pain\u00e9is solares<\/strong>, reaproveitamento de \u00e1gua da chuva e \u00e1reas de vegeta\u00e7\u00e3o adaptadas ao clima seco da regi\u00e3o.<\/p>\n\n\n\n<h2 class=\"wp-block-heading\"><strong>Financiamento internacional<\/strong><\/h2>\n\n\n\n<p>O empreendimento ser\u00e1 financiado por uma combina\u00e7\u00e3o de recursos da Ethiopian Airlines e de institui\u00e7\u00f5es financeiras internacionais. A companhia a\u00e9rea pretende arcar com cerca de 30% do custo total, enquanto o restante vir\u00e1 de empr\u00e9stimos e investidores externos.<\/p>\n\n\n\n<p>Entre os financiadores est\u00e1 o Banco Africano de Desenvolvimento, que j\u00e1 anunciou apoio financeiro ao projeto e participa de esfor\u00e7os para levantar bilh\u00f5es de d\u00f3lares adicionais para a obra.<\/p>\n\n\n\n<p>A previs\u00e3o \u00e9 que a primeira fase do aeroporto seja inaugurada em 2030, com expans\u00e3o gradual nos anos seguintes at\u00e9 atingir a capacidade total planejada.<\/p>\n","protected":false},"excerpt":{"rendered":"<p>A Eti\u00f3pia iniciou a constru\u00e7\u00e3o de um megaempreendimento que promete transformar o pa\u00eds em um dos maiores centros de avia\u00e7\u00e3o do mundo. Trata-se do Aeroporto Internacional de Bishoftu, projeto estimado em US$ 12,5 bilh\u00f5es (cerca de R$ 62 bilh\u00f5es) que dever\u00e1 ter capacidade para at\u00e9 110 milh\u00f5es de passageiros por ano quando estiver totalmente conclu\u00eddo. [&hellip;]<\/p>\n","protected":false},"author":9,"featured_media":37869,"comment_status":"closed","ping_status":"closed","sticky":false,"template":"","format":"standard","meta":{"jnews-multi-image_gallery":[],"jnews_single_post":{"format":"standard"},"jnews_primary_category":[],"jnews_social_meta":[],"jnews_override_counter":[],"jnews_post_split":[],"footnotes":""},"categories":[1],"tags":[],"class_list":["post-37868","post","type-post","status-publish","format-standard","has-post-thumbnail","hentry","category-geral"],"_referencia":"","_links":{"self":[{"href":"https:\/\/diariodocomercio.com.br\/mix\/wp-json\/wp\/v2\/posts\/37868","targetHints":{"allow":["GET"]}}],"collection":[{"href":"https:\/\/diariodocomercio.com.br\/mix\/wp-json\/wp\/v2\/posts"}],"about":[{"href":"https:\/\/diariodocomercio.com.br\/mix\/wp-json\/wp\/v2\/types\/post"}],"author":[{"embeddable":true,"href":"https:\/\/diariodocomercio.com.br\/mix\/wp-json\/wp\/v2\/users\/9"}],"replies":[{"embeddable":true,"href":"https:\/\/diariodocomercio.com.br\/mix\/wp-json\/wp\/v2\/comments?post=37868"}],"version-history":[{"count":1,"href":"https:\/\/diariodocomercio.com.br\/mix\/wp-json\/wp\/v2\/posts\/37868\/revisions"}],"predecessor-version":[{"id":37871,"href":"https:\/\/diariodocomercio.com.br\/mix\/wp-json\/wp\/v2\/posts\/37868\/revisions\/37871"}],"wp:featuredmedia":[{"embeddable":true,"href":"https:\/\/diariodocomercio.com.br\/mix\/wp-json\/wp\/v2\/media\/37869"}],"wp:attachment":[{"href":"https:\/\/diariodocomercio.com.br\/mix\/wp-json\/wp\/v2\/media?parent=37868"}],"wp:term":[{"taxonomy":"category","embeddable":true,"href":"https:\/\/diariodocomercio.com.br\/mix\/wp-json\/wp\/v2\/categories?post=37868"},{"taxonomy":"post_tag","embeddable":true,"href":"https:\/\/diariodocomercio.com.br\/mix\/wp-json\/wp\/v2\/tags?post=37868"}],"curies":[{"name":"wp","href":"https:\/\/api.w.org\/{rel}","templated":true}]}}