{"id":37882,"date":"2026-03-10T09:25:33","date_gmt":"2026-03-10T12:25:33","guid":{"rendered":"https:\/\/diariodocomercio.com.br\/mix\/?p=37882"},"modified":"2026-03-10T09:25:36","modified_gmt":"2026-03-10T12:25:36","slug":"brasileiros-inadimplentes-podem-entrar-na-justica-para-limpar-o-nome-mesmo-se-a-divida-nao-for-paga","status":"publish","type":"post","link":"https:\/\/diariodocomercio.com.br\/mix\/brasileiros-inadimplentes-podem-entrar-na-justica-para-limpar-o-nome-mesmo-se-a-divida-nao-for-paga\/","title":{"rendered":"Brasileiros inadimplentes podem entrar na justi\u00e7a para limpar o nome mesmo se a d\u00edvida n\u00e3o for paga"},"content":{"rendered":"\n<p>Consumidores brasileiros que permanecem com o nome negativado por mais de cinco anos podem recorrer \u00e0 Justi\u00e7a para retirar a restri\u00e7\u00e3o do CPF, mesmo que a d\u00edvida ainda n\u00e3o tenha sido quitada. A regra est\u00e1 relacionada ao prazo de prescri\u00e7\u00e3o previsto na legisla\u00e7\u00e3o brasileira, que limita o per\u00edodo em que d\u00e9bitos podem permanecer registrados em \u00f3rg\u00e3os de prote\u00e7\u00e3o ao cr\u00e9dito.<\/p>\n\n\n\n<p>Segundo especialistas e entidades como o SPC Brasil, ap\u00f3s cinco anos a partir da data de vencimento da d\u00edvida, a maioria dos d\u00e9bitos de consumo deixa de poder gerar negativa\u00e7\u00e3o em sistemas como Serasa e SPC.<\/p>\n\n\n\n<p>Quando uma d\u00edvida atinge o prazo de cinco anos sem cobran\u00e7a judicial, ela passa a ser considerada prescrita para fins de cobran\u00e7a judicial em muitos casos. Isso significa que o credor perde o direito de recorrer \u00e0 Justi\u00e7a para exigir o pagamento.<\/p>\n\n\n\n<p>Al\u00e9m disso, o registro negativo n\u00e3o pode permanecer ativo nos \u00f3rg\u00e3os de prote\u00e7\u00e3o ao cr\u00e9dito ap\u00f3s esse per\u00edodo.<\/p>\n\n\n\n<p>Na pr\u00e1tica, isso quer dizer que o consumidor <strong>n\u00e3o pode continuar com o nome negativado depois desse prazo<\/strong>, podendo solicitar a retirada da restri\u00e7\u00e3o \u2014 inclusive por meio judicial, caso o registro permane\u00e7a indevidamente.<\/p>\n\n\n\n<h2 class=\"wp-block-heading\"><strong>D\u00edvida continua existindo<\/strong><\/h2>\n\n\n\n<p>Apesar da prescri\u00e7\u00e3o, especialistas ressaltam que a d\u00edvida <strong>n\u00e3o desaparece automaticamente<\/strong>. O d\u00e9bito pode continuar registrado internamente pelo credor e ainda pode ser cobrado por meios extrajudiciais.<\/p>\n\n\n\n<p>Entre as formas de cobran\u00e7a que podem continuar ocorrendo est\u00e3o:<\/p>\n\n\n\n<ul class=\"wp-block-list\">\n<li>negocia\u00e7\u00f5es diretas com o consumidor;<\/li>\n\n\n\n<li>contatos por telefone ou e-mail;<\/li>\n\n\n\n<li>campanhas de renegocia\u00e7\u00e3o ou feir\u00f5es de d\u00edvidas;<\/li>\n\n\n\n<li>plataformas online de acordo.<\/li>\n<\/ul>\n\n\n\n<p>Ou seja, mesmo sem a negativa\u00e7\u00e3o ativa, a empresa ainda pode tentar <strong>negociar o pagamento<\/strong>.<\/p>\n\n\n\n<h2 class=\"wp-block-heading\"><strong>Renegocia\u00e7\u00e3o reinicia o prazo<\/strong><\/h2>\n\n\n\n<p>Outro ponto importante \u00e9 que, se o consumidor decidir <strong>renegociar a d\u00edvida<\/strong>, o prazo de prescri\u00e7\u00e3o pode <strong>recome\u00e7ar do zero<\/strong>. Isso ocorre porque a renegocia\u00e7\u00e3o geralmente gera um <strong>novo contrato ou refinanciamento<\/strong>, criando um novo prazo para cobran\u00e7a.<\/p>\n\n\n\n<p>Assim, caso o novo acordo n\u00e3o seja pago, o credor pode novamente <strong>registrar a inadimpl\u00eancia e realizar cobran\u00e7as legais dentro de mais cinco anos<\/strong>.<\/p>\n\n\n\n<h2 class=\"wp-block-heading\"><strong>D\u00edvidas que n\u00e3o seguem essa regra<\/strong><\/h2>\n\n\n\n<p>Nem todas as obriga\u00e7\u00f5es seguem o prazo de cinco anos. Algumas possuem <strong>regras diferentes ou podem ser cobradas por per\u00edodos maiores<\/strong>.<\/p>\n\n\n\n<p>Entre os principais exemplos est\u00e3o:<\/p>\n\n\n\n<ul class=\"wp-block-list\">\n<li><strong>d\u00edvidas fiscais<\/strong>, como impostos;<\/li>\n\n\n\n<li><strong>multas de tr\u00e2nsito<\/strong>;<\/li>\n\n\n\n<li><strong>pens\u00e3o aliment\u00edcia<\/strong> e outras obriga\u00e7\u00f5es de natureza pessoal.<\/li>\n<\/ul>\n\n\n\n<p>Esses casos podem ter <strong>prazos distintos ou consequ\u00eancias legais mais severas<\/strong>, exigindo aten\u00e7\u00e3o especial do devedor.<\/p>\n","protected":false},"excerpt":{"rendered":"<p>Consumidores brasileiros que permanecem com o nome negativado por mais de cinco anos podem recorrer \u00e0 Justi\u00e7a para retirar a restri\u00e7\u00e3o do CPF, mesmo que a d\u00edvida ainda n\u00e3o tenha sido quitada. A regra est\u00e1 relacionada ao prazo de prescri\u00e7\u00e3o previsto na legisla\u00e7\u00e3o brasileira, que limita o per\u00edodo em que d\u00e9bitos podem permanecer registrados em [&hellip;]<\/p>\n","protected":false},"author":9,"featured_media":6687,"comment_status":"closed","ping_status":"closed","sticky":false,"template":"","format":"standard","meta":{"jnews-multi-image_gallery":[],"jnews_single_post":{"format":"standard"},"jnews_primary_category":[],"jnews_social_meta":[],"jnews_override_counter":[],"jnews_post_split":[],"footnotes":""},"categories":[1],"tags":[],"class_list":["post-37882","post","type-post","status-publish","format-standard","has-post-thumbnail","hentry","category-geral"],"_referencia":"","_links":{"self":[{"href":"https:\/\/diariodocomercio.com.br\/mix\/wp-json\/wp\/v2\/posts\/37882","targetHints":{"allow":["GET"]}}],"collection":[{"href":"https:\/\/diariodocomercio.com.br\/mix\/wp-json\/wp\/v2\/posts"}],"about":[{"href":"https:\/\/diariodocomercio.com.br\/mix\/wp-json\/wp\/v2\/types\/post"}],"author":[{"embeddable":true,"href":"https:\/\/diariodocomercio.com.br\/mix\/wp-json\/wp\/v2\/users\/9"}],"replies":[{"embeddable":true,"href":"https:\/\/diariodocomercio.com.br\/mix\/wp-json\/wp\/v2\/comments?post=37882"}],"version-history":[{"count":1,"href":"https:\/\/diariodocomercio.com.br\/mix\/wp-json\/wp\/v2\/posts\/37882\/revisions"}],"predecessor-version":[{"id":37887,"href":"https:\/\/diariodocomercio.com.br\/mix\/wp-json\/wp\/v2\/posts\/37882\/revisions\/37887"}],"wp:featuredmedia":[{"embeddable":true,"href":"https:\/\/diariodocomercio.com.br\/mix\/wp-json\/wp\/v2\/media\/6687"}],"wp:attachment":[{"href":"https:\/\/diariodocomercio.com.br\/mix\/wp-json\/wp\/v2\/media?parent=37882"}],"wp:term":[{"taxonomy":"category","embeddable":true,"href":"https:\/\/diariodocomercio.com.br\/mix\/wp-json\/wp\/v2\/categories?post=37882"},{"taxonomy":"post_tag","embeddable":true,"href":"https:\/\/diariodocomercio.com.br\/mix\/wp-json\/wp\/v2\/tags?post=37882"}],"curies":[{"name":"wp","href":"https:\/\/api.w.org\/{rel}","templated":true}]}}