{"id":37885,"date":"2026-03-10T09:38:53","date_gmt":"2026-03-10T12:38:53","guid":{"rendered":"https:\/\/diariodocomercio.com.br\/mix\/?p=37885"},"modified":"2026-03-10T09:38:56","modified_gmt":"2026-03-10T12:38:56","slug":"anos-apos-o-fim-do-bbb-21-juliette-decide-sacar-valor-que-estava-guardado-e-se-surpreende-com-a-quantia","status":"publish","type":"post","link":"https:\/\/diariodocomercio.com.br\/mix\/anos-apos-o-fim-do-bbb-21-juliette-decide-sacar-valor-que-estava-guardado-e-se-surpreende-com-a-quantia\/","title":{"rendered":"Anos ap\u00f3s o fim do BBB 21, Juliette decide sacar valor que estava guardado e se surpreende com a quantia"},"content":{"rendered":"\n<p>Campe\u00e3 do BBB 21, Juliette Freire saiu do programa com o pr\u00eamio de R$ 1,5 milh\u00e3o (valor bruto, sem descontos), e ainda faturou muito (muito mesmo) com publicidade gra\u00e7as ao fen\u00f4meno das redes sociais que ela tinha se tornado. Considerando tudo isso, n\u00e3o \u00e9 surpresa que a paraibana tenha simplesmente esquecido de resgatar o seu cach\u00ea do reality. <\/p>\n\n\n\n<p>O valor do cach\u00ea dos participantes era depositado semanalmente em uma conta espec\u00edfica e s\u00f3 recentemente que Juliette decidiu finalmente ir pegar esse dinheiro, como a pr\u00f3pria relatou em suas redes sociais. <em>&#8220;Fui ao banco para resgatar esse dinheiro, n\u00e3o mexi nele desde que foi depositado. Depois de muito tempo lembrei disso. Fui presencialmente ao banco e esperava que ele tivesse rendido, mas s\u00f3 tinha R$ 15 mil. O dinheiro todo do programa&#8221;<\/em>, contou a ex-BBB em seu Instagram no \u00faltimo s\u00e1bado (7). <\/p>\n\n\n\n<p>Nas redes, o relato de Juliette gerou piadas, mas tamb\u00e9m um certo inc\u00f4modo entre alguns internautas. <em>&#8220;Puts meu sonho esquecer uma conta e de repente lembrar que tenho 15 mil perdido&#8221;<\/em>, comentou uma usu\u00e1ria. <em>&#8220;S\u00f3 15 mil\u2026 ficar rico \u00e9 perder a no\u00e7\u00e3o da realidade mesmo&#8221;<\/em>, criticou outro coment\u00e1rio.<\/p>\n\n\n\n<figure class=\"wp-block-embed is-type-rich is-provider-twitter wp-block-embed-twitter\"><div class=\"wp-block-embed__wrapper\">\n<blockquote class=\"twitter-tweet\" data-width=\"500\" data-dnt=\"true\"><p lang=\"pt\" dir=\"ltr\">Juliette revela que ESQUECEU de resgatar o sal\u00e1rio que recebeu do BBB 21:<br><br>\u201cQuando eu fui olhar so tinha 15 mil, o dinheiro de todo o meu programa do Big Brother.\u201d <a href=\"https:\/\/t.co\/65UOMxWVaw\" target=\"_blank\">pic.twitter.com\/65UOMxWVaw<\/a><\/p>&mdash; POPZone #BBB26 (@popzone) <a href=\"https:\/\/twitter.com\/popzone\/status\/2030139129451729200?ref_src=twsrc%5Etfw\" target=\"_blank\" rel=\"noopener\">March 7, 2026<\/a><\/blockquote><script async src=\"https:\/\/platform.twitter.com\/widgets.js\" charset=\"utf-8\"><\/script>\n<\/div><\/figure>\n\n\n\n<h2 class=\"wp-block-heading\">Juliette marcou recorde com final do BBB 21<\/h2>\n\n\n\n<p>Disputando a final do programa contra Camilla de Lucas e Fiuk, a paraibana saiu coroada a vencedora com 90,15% dos votos, a maior porcentagem de um vencedor do programa em uma final com tr\u00eas participantes \u2014 formato que foi implementado em 2017. Desde ent\u00e3o, nenhum outro vencedor conseguiu uma vota\u00e7\u00e3o t\u00e3o expressiva na final do reality.<\/p>\n\n\n\n<p>A maior portagem de um campe\u00e3o do BBB segue sendo de Fael Cordeiro, que venceu o BBB 12 com 92% dos votos em final contra Fabiana.<\/p>\n\n\n\n<style>@media (min-width: 992px) {\n    .recomendadorV2Area1 {\n        width: 280px;\n    }\n    .recomendadorV2Area2 {\n        padding: 0px 20px;\n        width: calc(100% - 280px);\n    }\n}\n\n@media (max-width: 992px) {\n    .recomendadorV2Button {\n        margin: 0 auto;\n    }\n    .recomendadorV2Area {\n        flex-direction: column;\n        text-align: center;\n    }\n    .recomendadorV2Area2 {\n        padding: 0px 20px;\n    }\n}\n\n.recomendadorV2Area {\n    background: #eeeeee3d;\n    border-radius: 10px;\n    padding: 15px;\n    display: flex;\n    margin: 15px auto;\n    border: 1px solid #00000014;\n    max-width: 800px;\n}\n\n.recomendadorV2Area1 img {\n    width: 280px;\n    height: auto;\n    border-radius: 8px;\n}\n\n.linkrecomendadorv2 {\n    text-decoration: none !important;\n}\n\n.recomendadorV2Area2 .recomendadorV2Type {\n    text-transform: uppercase;\n    font-weight: 500;\n    font-size: 11px;\n    letter-spacing: 2px;\n    color: #666;\n    margin: 12px 0;\n    display: block;\n}\n\n.recomendadorV2Title h2 {\n    padding-top: 0px !important;\n    margin: 0px !important;\n    border-left: none !important;\n    padding-left: 0px !important;\n    line-height: 1.3;\n    color: #000 !important;\n    font-size: 24px;\n    margin-bottom: 12px !important;\n}\n\n.recomendadorV2Desc {\n    color: #333;\n    margin: 12px 0px !important;\n    font-size: 15px;\n    line-height: 1.5;\n}\n\n.recomendadorV2Button {\n    width: auto;\n    max-width: 200px;\n    margin: 0;\n    display: inline-flex;\n    align-items: center;\n    background: #1D3557;\n    border-radius: 8px;\n    color: #fff;\n    height: 36px;\n    justify-content: center;\n    text-align: center;\n    font-size: 14px;\n    padding: 0 20px;\n    transition: background-color 0.2s ease;\n}\n\n.recomendadorV2Button:hover {\n    background: #2a4d7a;\n}\n\n.recomendadorV2Button:after {\n    margin-top: -2px;\n    content: \"\u2192\";\n    padding: 0px 0px 0px 8px;\n}\n\n.recomendadorV2Alert {\n    text-align: left;\n    font-size: 11px;\n    margin-top: 8px;\n    color: #666;\n}\n\n.recomendadorFixedArea {\n    width: 100%;\n    display: flex;\n    justify-content: center;\n    align-items: center;\n}\n\n@media (min-width: 992px) {\n    #recomendadorFixed {\n        width: 32% !important;\n        left: 5%;\n    }\n    .recomendadorCloseFixed{\n        right: inherit !important;\n        left: 378px !important;\n    }\n}\n\n#recomendadorFixed {\n    width: 90%;\n    box-shadow: 0 10px 20px 0px #00000057;\n    display: none;\n    height: 90px;\n    background: #F6F6F6;\n    position: fixed;\n    flex-direction: row;\n    bottom: 10px;\n    z-index: 9999;\n    border-radius: 16px;\n    padding: 7px 10px;\n}\n\n.recomendadorLeftArea {\n    width: 160px;\n}\n\n.recomendadorRightArea h2 {\n    padding-top: 0px;\n    margin: 2px 0px 4px 0px !important;\n    font-weight: 400;\n    text-align: center;\n    padding-left: 0px !important;\n    color: #000 !important;\n    border-left: none !important;\n    line-height: 20px;\n    font-size: 12px !important;\n}\n\n.recomendadorImgFixed {\n    overflow: hidden;\n    padding: 8px 6px;\n    height: 100%;\n}\n\n.recomendadorImgFixed img {\n    height: 100% !important;\n    border-radius: 16px;\n}\n\n.recomendadorRightArea {\n    padding-top: 6px;\n    display: flex;\n    width: calc(100% - 130px);\n    justify-content: space-between;\n    align-items: center;\n    flex-direction: column;\n}\n\n.recomendadorButtonFixed {\n    margin: 0 auto;\n    background: #1D3557;\n    width: 80%;\n    text-align: center;\n    font-size: 10px;\n    color: #FFF;\n    padding: 2px 10px;\n    border-radius: 3px;\n}\n\n.recomendadorButtonFixed:after {\n    margin-top: -3px;\n    content: \"\u2192\";\n    padding: 0px 0px 0px 10px;\n}\n\n.recomendadorAlertFixed {\n    font-weight: 400;\n    text-align: center;\n    color: #484848;\n    font-size: 8px;\n}\n\n.recomendadorCloseFixed {\n    z-index: 99999;\n    display: none;\n    right: 0px;\n    left: inherit;\n    bottom: 99px;\n    position: fixed;\n    justify-content: center;\n    background: #F6F6F6;\n    width: 25px;\n    align-items: center;\n    height: 25px;\n    font-weight: 800;\n    border-radius: 50%;\n    border: 1px solid #EBEBEB;\n}\n\n.recomendadorV2Desc{\n    color: #000000;\n    margin: 20px 0px;\n}\n\n@media (max-width: 576px) {\n    .recomendadorV2Area {\n      padding: 10px;\n      max-width: 100%;\n    }\n  \n    .recomendadorV2Area1 img {\n      width: 100%;\n      border-radius: 6px;\n    }\n  \n    .recomendadorV2Area2 .recomendadorV2Type {\n      font-size: 9px;\n      letter-spacing: 1px;\n      margin: 8px 0;\n    }\n  \n    .recomendadorV2Title h2 {\n      font-size: 18px !important;\n      margin-bottom: 8px !important;\n      line-height: 1.2;\n    }\n  \n    .recomendadorV2Desc {\n      font-size: 14px;\n      margin: 8px 0 !important;\n      line-height: 1.4;\n    }\n  \n    .recomendadorV2Button {\n      font-size: 14px;\n      height: 40px;\n      padding: 0 12px;\n      max-width: 100%;\n      width: 100%;\n    }\n  \n    .recomendadorV2Button:after {\n      padding-left: 6px;\n    }\n  }\n  <\/style>\n        <div class=\"lazyblock-recomendador-v2-2jDGz wp-block-lazyblock-recomendador-v2\">\n        <a class=\"linkrecomendadorv2\" href=\"https:\/\/diariodocomercio.com.br\/mix\/carne-de-onca-conheca-e-saiba-como-preparar-esse-prato-tipico-de-curitiba\/\">\n            <div class=\"recomendadorV2Area\">\n            <div class=\"recomendadorV2Area1\">\n                <div class=\"recomendadorV2Img\">\n                <img class=\"lazyloaded\" decoding=\"async\" src=\"https:\/\/diariodocomercio.com.br\/mix\/wp-content\/uploads\/2026\/03\/carne-de-onca.jpg\" data-src=\"https:\/\/diariodocomercio.com.br\/mix\/wp-content\/uploads\/2026\/03\/carne-de-onca.jpg\" alt=\"\">\n                <\/div>\n            <\/div>\n            <div class=\"recomendadorV2Area2\">\n                <div class=\"recomendadorV2Type\">\n                    <span>CULIN\u00c1RIA<\/span>\n                <\/div>\n                <div class=\"recomendadorV2Title\">\n                <h2><span>Carne de on\u00e7a: conhe\u00e7a e saiba como preparar esse prato t\u00edpico de Curitiba<\/span><\/h2>\n                <\/div>\n                <div class=\"recomendadorV2Desc\">\n                <span>Se voc\u00ea vai visitar Curitiba, ent\u00e3o voc\u00ea precisa provar a famosa carne de on\u00e7a, prato considerado patrim\u00f4nio cultural da capital \u2026<\/span>\n                <\/div>\n                <div class=\"recomendadorV2Button\">Leia mais<\/div>\n                <div class=\"recomendadorV2Alert\"><\/div>\n            <\/div>\n            <\/div>\n        <\/a>\n        <div>\n            <div style=\"z-index:99999;\" id=\"buttonClose\" onclick=\"closeRecomendadorFixed()\">\n            <div class=\"recomendadorCloseFixed\">X<\/div>\n            <\/div>\n            <a href=\"https:\/\/diariodocomercio.com.br\/mix\/carne-de-onca-conheca-e-saiba-como-preparar-esse-prato-tipico-de-curitiba\/\">\n            <div class=\"recomendadorFixedArea\">\n                <div id=\"recomendadorFixed\">\n                <div class=\"recomendadorLeftArea\">\n                    <div class=\"recomendadorImgFixed\">\n                    <img class=\"lazyload\" decoding=\"async\" src=\"https:\/\/diariodocomercio.com.br\/mix\/wp-content\/uploads\/2026\/03\/carne-de-onca.jpg\" alt=\"\">\n                    <\/div>\n                <\/div>\n                <div class=\"recomendadorRightArea\">\n                    <div class=\"recomendadorTitleFixed\">\n                    <h2><span>Carne de on\u00e7a: conhe\u00e7a e saiba como preparar esse prato t\u00edpico de Curitiba<\/span><\/h2>\n                    <\/div>\n                    <div class=\"recomendadorButtonFixed\">Leia mais<\/div>\n                    <div class=\"recomendadorAlertFixed\"><\/div>\n                <\/div>\n                <\/div>\n            <\/div>\n            <\/a>\n        <\/div>\n        <\/div>\n","protected":false},"excerpt":{"rendered":"<p>Campe\u00e3 do BBB 21, Juliette Freire saiu do programa com o pr\u00eamio de R$ 1,5 milh\u00e3o (valor bruto, sem descontos), e ainda faturou muito (muito mesmo) com publicidade gra\u00e7as ao fen\u00f4meno das redes sociais que ela tinha se tornado. Considerando tudo isso, n\u00e3o \u00e9 surpresa que a paraibana tenha simplesmente esquecido de resgatar o seu [&hellip;]<\/p>\n","protected":false},"author":6,"featured_media":37886,"comment_status":"closed","ping_status":"closed","sticky":false,"template":"","format":"standard","meta":{"jnews-multi-image_gallery":[],"jnews_single_post":{"format":"standard"},"jnews_primary_category":[],"jnews_social_meta":[],"jnews_override_counter":[],"jnews_post_split":[],"footnotes":""},"categories":[1],"tags":[],"class_list":["post-37885","post","type-post","status-publish","format-standard","has-post-thumbnail","hentry","category-geral"],"_referencia":"","_links":{"self":[{"href":"https:\/\/diariodocomercio.com.br\/mix\/wp-json\/wp\/v2\/posts\/37885","targetHints":{"allow":["GET"]}}],"collection":[{"href":"https:\/\/diariodocomercio.com.br\/mix\/wp-json\/wp\/v2\/posts"}],"about":[{"href":"https:\/\/diariodocomercio.com.br\/mix\/wp-json\/wp\/v2\/types\/post"}],"author":[{"embeddable":true,"href":"https:\/\/diariodocomercio.com.br\/mix\/wp-json\/wp\/v2\/users\/6"}],"replies":[{"embeddable":true,"href":"https:\/\/diariodocomercio.com.br\/mix\/wp-json\/wp\/v2\/comments?post=37885"}],"version-history":[{"count":1,"href":"https:\/\/diariodocomercio.com.br\/mix\/wp-json\/wp\/v2\/posts\/37885\/revisions"}],"predecessor-version":[{"id":37890,"href":"https:\/\/diariodocomercio.com.br\/mix\/wp-json\/wp\/v2\/posts\/37885\/revisions\/37890"}],"wp:featuredmedia":[{"embeddable":true,"href":"https:\/\/diariodocomercio.com.br\/mix\/wp-json\/wp\/v2\/media\/37886"}],"wp:attachment":[{"href":"https:\/\/diariodocomercio.com.br\/mix\/wp-json\/wp\/v2\/media?parent=37885"}],"wp:term":[{"taxonomy":"category","embeddable":true,"href":"https:\/\/diariodocomercio.com.br\/mix\/wp-json\/wp\/v2\/categories?post=37885"},{"taxonomy":"post_tag","embeddable":true,"href":"https:\/\/diariodocomercio.com.br\/mix\/wp-json\/wp\/v2\/tags?post=37885"}],"curies":[{"name":"wp","href":"https:\/\/api.w.org\/{rel}","templated":true}]}}