{"id":37921,"date":"2026-03-10T14:54:52","date_gmt":"2026-03-10T17:54:52","guid":{"rendered":"https:\/\/diariodocomercio.com.br\/mix\/?p=37921"},"modified":"2026-03-10T14:54:54","modified_gmt":"2026-03-10T17:54:54","slug":"receita-federal-pede-que-brasileiros-se-preparem-para-o-dia-16-03","status":"publish","type":"post","link":"https:\/\/diariodocomercio.com.br\/mix\/receita-federal-pede-que-brasileiros-se-preparem-para-o-dia-16-03\/","title":{"rendered":"Receita Federal pede que brasileiros se preparem para o dia 16\/03"},"content":{"rendered":"\n<p>A <strong>Receita Federal <\/strong>do Brasil anunciou que no dia 16 de mar\u00e7o de 2026, \u00e0s 10h, ser\u00e1 realizada uma coletiva de imprensa para apresentar as <strong>novas regras do Imposto de Renda.<\/strong> O evento ocorrer\u00e1 no audit\u00f3rio do Minist\u00e9rio da Fazenda, em Bras\u00edlia, com o objetivo de aprimorar a arrecada\u00e7\u00e3o e o atendimento aos contribuintes.<\/p>\n\n\n\n<p>A coletiva ser\u00e1 conduzida pelo Secret\u00e1rio Especial da Receita Federal, Robinson Sakiyama Barreirinhas, acompanhado de sua equipe. O evento tamb\u00e9m ser\u00e1 transmitido ao vivo pelo canal do Minist\u00e9rio da Fazenda no YouTube, permitindo que cidad\u00e3os em todo o pa\u00eds tenham acesso \u00e0s informa\u00e7\u00f5es.\u00a0<\/p>\n\n\n\n<h2 class=\"wp-block-heading\">O que \u00e9 e para que serve o Imposto de Renda<\/h2>\n\n\n\n<p>O Imposto de Renda (IR) \u00e9 um tributo federal cobrado sobre os ganhos de pessoas f\u00edsicas e jur\u00eddicas. Serve para financiar servi\u00e7os p\u00fablicos, como sa\u00fade, educa\u00e7\u00e3o e seguran\u00e7a, al\u00e9m de promover a justi\u00e7a fiscal, fazendo com que quem ganha mais, pague mais.<\/p>\n\n\n\n<p>O Imposto de Renda para 2026 introduz uma nova faixa de isen\u00e7\u00e3o que beneficia cerca de 16 milh\u00f5es de brasileiros. A faixa passou de R$ 2.259,20 para R$ 5.000,00 mensais, representando uma mudan\u00e7a significativa na carga tribut\u00e1ria dos contribuintes.<\/p>\n\n\n\n<p>A reforma fiscal tamb\u00e9m inclui nova tributa\u00e7\u00e3o para rendimentos acima de R$ 600 mil anuais. Esses contribuintes agora enfrentam al\u00edquotas que podem atingir 10%, em um esfor\u00e7o para compensar a perda de receita do aumento da isen\u00e7\u00e3o.&nbsp;<\/p>\n\n\n\n<p>A necessidade de equilibrar a reforma for\u00e7ou o governo a ajustar as al\u00edquotas para rendas altas. Pessoas com rendimentos superiores a R$ 600 mil por ano estar\u00e3o sujeitas a uma cobran\u00e7a mais severa.&nbsp;<\/p>\n","protected":false},"excerpt":{"rendered":"<p>An\u00fancio ser\u00e1 conduzido pelo Secret\u00e1rio Especial da Receita Federal, Robinson Sakiyama Barreirinhas.<\/p>\n","protected":false},"author":12,"featured_media":33982,"comment_status":"closed","ping_status":"closed","sticky":false,"template":"","format":"standard","meta":{"jnews-multi-image_gallery":[],"jnews_single_post":{"format":"standard"},"jnews_primary_category":[],"jnews_social_meta":[],"jnews_override_counter":[],"jnews_post_split":[],"footnotes":""},"categories":[1],"tags":[],"class_list":["post-37921","post","type-post","status-publish","format-standard","has-post-thumbnail","hentry","category-geral"],"_referencia":"","_links":{"self":[{"href":"https:\/\/diariodocomercio.com.br\/mix\/wp-json\/wp\/v2\/posts\/37921","targetHints":{"allow":["GET"]}}],"collection":[{"href":"https:\/\/diariodocomercio.com.br\/mix\/wp-json\/wp\/v2\/posts"}],"about":[{"href":"https:\/\/diariodocomercio.com.br\/mix\/wp-json\/wp\/v2\/types\/post"}],"author":[{"embeddable":true,"href":"https:\/\/diariodocomercio.com.br\/mix\/wp-json\/wp\/v2\/users\/12"}],"replies":[{"embeddable":true,"href":"https:\/\/diariodocomercio.com.br\/mix\/wp-json\/wp\/v2\/comments?post=37921"}],"version-history":[{"count":1,"href":"https:\/\/diariodocomercio.com.br\/mix\/wp-json\/wp\/v2\/posts\/37921\/revisions"}],"predecessor-version":[{"id":37935,"href":"https:\/\/diariodocomercio.com.br\/mix\/wp-json\/wp\/v2\/posts\/37921\/revisions\/37935"}],"wp:featuredmedia":[{"embeddable":true,"href":"https:\/\/diariodocomercio.com.br\/mix\/wp-json\/wp\/v2\/media\/33982"}],"wp:attachment":[{"href":"https:\/\/diariodocomercio.com.br\/mix\/wp-json\/wp\/v2\/media?parent=37921"}],"wp:term":[{"taxonomy":"category","embeddable":true,"href":"https:\/\/diariodocomercio.com.br\/mix\/wp-json\/wp\/v2\/categories?post=37921"},{"taxonomy":"post_tag","embeddable":true,"href":"https:\/\/diariodocomercio.com.br\/mix\/wp-json\/wp\/v2\/tags?post=37921"}],"curies":[{"name":"wp","href":"https:\/\/api.w.org\/{rel}","templated":true}]}}