{"id":37925,"date":"2026-03-10T14:37:26","date_gmt":"2026-03-10T17:37:26","guid":{"rendered":"https:\/\/diariodocomercio.com.br\/mix\/?p=37925"},"modified":"2026-03-10T14:37:29","modified_gmt":"2026-03-10T17:37:29","slug":"flamengo-vai-mandar-presente-para-filipe-luis-apos-demitir-o-treinador","status":"publish","type":"post","link":"https:\/\/diariodocomercio.com.br\/mix\/flamengo-vai-mandar-presente-para-filipe-luis-apos-demitir-o-treinador\/","title":{"rendered":"Flamengo vai mandar presente para Filipe Lu\u00eds ap\u00f3s demitir o treinador"},"content":{"rendered":"\n<p>Mesmo ap\u00f3s a demiss\u00e3o durante a campanha do Campeonato Carioca, o <strong>Flamengo decidiu enviar medalhas de campe\u00e3o estadual de 2026 ao ex-t\u00e9cnico Filipe Lu\u00eds e a integrantes de sua comiss\u00e3o t\u00e9cnica<\/strong>. A iniciativa foi tomada pela diretoria como forma de reconhecimento pelo trabalho realizado antes da conquista do t\u00edtulo.<\/p>\n\n\n\n<p>Al\u00e9m de Filipe Lu\u00eds, tamb\u00e9m receber\u00e3o a honraria o <strong>auxiliar Ivan Palanco<\/strong> e o <strong>preparador f\u00edsico Diogo Linhares<\/strong>. O ex-zagueiro <strong>Rodrigo Caio<\/strong>, que fazia parte da comiss\u00e3o permanente e deixou o cargo em solidariedade ao treinador, tamb\u00e9m ser\u00e1 contemplado com a medalha.<\/p>\n\n\n\n<p>O Flamengo garantiu o t\u00edtulo do <strong>Campeonato Carioca de 2026<\/strong> sob o comando do t\u00e9cnico portugu\u00eas <strong>Leonardo Jardim<\/strong>, que estreou justamente na final da competi\u00e7\u00e3o.<\/p>\n\n\n\n<p>A conquista veio no \u00faltimo domingo (8), no <strong>Maracan\u00e3<\/strong>, ap\u00f3s vit\u00f3ria nos p\u00eanaltis por <strong>5 a 4 sobre o Fluminense<\/strong>, depois de empate no tempo regulamentar.<\/p>\n\n\n\n<p>Apesar de n\u00e3o estar mais \u00e0 frente da equipe na decis\u00e3o, Filipe Lu\u00eds participou da campanha que levou o time \u00e0 final, o que motivou a homenagem da diretoria rubro-negra.<\/p>\n\n\n\n<h2 class=\"wp-block-heading\"><strong>Demiss\u00e3o ocorreu ap\u00f3s goleada<\/strong><\/h2>\n\n\n\n<p>Filipe Lu\u00eds foi demitido no in\u00edcio de mar\u00e7o, logo ap\u00f3s classificar o Flamengo para a final do Estadual. A decis\u00e3o aconteceu depois da vit\u00f3ria por <strong>8 a 0 sobre o Madureira<\/strong>, no jogo de volta da semifinal, tamb\u00e9m no Maracan\u00e3.<\/p>\n\n\n\n<p>Na ocasi\u00e3o, o presidente do clube, <strong>Luiz Eduardo Baptista, o Bap<\/strong>, afirmou que a diretoria optou por \u201crecalcular a rota\u201d no comando t\u00e9cnico da equipe.<\/p>\n\n\n\n<p>Mesmo com a goleada expressiva, parte da torcida manifestou insatisfa\u00e7\u00e3o com o desempenho do time, o que contribuiu para o ambiente de press\u00e3o sobre a comiss\u00e3o t\u00e9cnica.<\/p>\n\n\n\n<h2 class=\"wp-block-heading\"><strong>In\u00edcio da temporada teve dificuldades<\/strong><\/h2>\n\n\n\n<p>O Flamengo come\u00e7ou o Campeonato Carioca utilizando uma equipe formada principalmente por jovens atletas, sob comando do t\u00e9cnico interino <strong>Bruno Pivetti<\/strong>.<\/p>\n\n\n\n<p>Nas primeiras rodadas, o time n\u00e3o conseguiu vit\u00f3rias e chegou a ficar amea\u00e7ado de rebaixamento no Estadual. Diante do cen\u00e1rio, a diretoria decidiu antecipar a utiliza\u00e7\u00e3o do elenco principal, que estreou em cl\u00e1ssico contra o <strong>Vasco<\/strong>, em 21 de janeiro, pela terceira rodada.<\/p>\n\n\n\n<p>A partir desse momento, o Rubro-Negro reagiu na competi\u00e7\u00e3o, garantindo classifica\u00e7\u00e3o na \u00faltima rodada e avan\u00e7ando at\u00e9 a decis\u00e3o do campeonato.<\/p>\n","protected":false},"excerpt":{"rendered":"<p>Mesmo ap\u00f3s a demiss\u00e3o durante a campanha do Campeonato Carioca, o Flamengo decidiu enviar medalhas de campe\u00e3o estadual de 2026 ao ex-t\u00e9cnico Filipe Lu\u00eds e a integrantes de sua comiss\u00e3o t\u00e9cnica. A iniciativa foi tomada pela diretoria como forma de reconhecimento pelo trabalho realizado antes da conquista do t\u00edtulo. Al\u00e9m de Filipe Lu\u00eds, tamb\u00e9m receber\u00e3o [&hellip;]<\/p>\n","protected":false},"author":9,"featured_media":37259,"comment_status":"closed","ping_status":"closed","sticky":false,"template":"","format":"standard","meta":{"jnews-multi-image_gallery":[],"jnews_single_post":{"format":"standard"},"jnews_primary_category":[],"jnews_social_meta":[],"jnews_override_counter":[],"jnews_post_split":[],"footnotes":""},"categories":[1],"tags":[],"class_list":["post-37925","post","type-post","status-publish","format-standard","has-post-thumbnail","hentry","category-geral"],"_referencia":"","_links":{"self":[{"href":"https:\/\/diariodocomercio.com.br\/mix\/wp-json\/wp\/v2\/posts\/37925","targetHints":{"allow":["GET"]}}],"collection":[{"href":"https:\/\/diariodocomercio.com.br\/mix\/wp-json\/wp\/v2\/posts"}],"about":[{"href":"https:\/\/diariodocomercio.com.br\/mix\/wp-json\/wp\/v2\/types\/post"}],"author":[{"embeddable":true,"href":"https:\/\/diariodocomercio.com.br\/mix\/wp-json\/wp\/v2\/users\/9"}],"replies":[{"embeddable":true,"href":"https:\/\/diariodocomercio.com.br\/mix\/wp-json\/wp\/v2\/comments?post=37925"}],"version-history":[{"count":1,"href":"https:\/\/diariodocomercio.com.br\/mix\/wp-json\/wp\/v2\/posts\/37925\/revisions"}],"predecessor-version":[{"id":37929,"href":"https:\/\/diariodocomercio.com.br\/mix\/wp-json\/wp\/v2\/posts\/37925\/revisions\/37929"}],"wp:featuredmedia":[{"embeddable":true,"href":"https:\/\/diariodocomercio.com.br\/mix\/wp-json\/wp\/v2\/media\/37259"}],"wp:attachment":[{"href":"https:\/\/diariodocomercio.com.br\/mix\/wp-json\/wp\/v2\/media?parent=37925"}],"wp:term":[{"taxonomy":"category","embeddable":true,"href":"https:\/\/diariodocomercio.com.br\/mix\/wp-json\/wp\/v2\/categories?post=37925"},{"taxonomy":"post_tag","embeddable":true,"href":"https:\/\/diariodocomercio.com.br\/mix\/wp-json\/wp\/v2\/tags?post=37925"}],"curies":[{"name":"wp","href":"https:\/\/api.w.org\/{rel}","templated":true}]}}