{"id":37927,"date":"2026-03-15T13:16:00","date_gmt":"2026-03-15T16:16:00","guid":{"rendered":"https:\/\/diariodocomercio.com.br\/mix\/?p=37927"},"modified":"2026-03-10T14:45:50","modified_gmt":"2026-03-10T17:45:50","slug":"brasileiro-mais-rico-do-mundo-criou-rede-social-famosa-e-tem-fortuna-de-r-184-milhoes","status":"publish","type":"post","link":"https:\/\/diariodocomercio.com.br\/mix\/brasileiro-mais-rico-do-mundo-criou-rede-social-famosa-e-tem-fortuna-de-r-184-milhoes\/","title":{"rendered":"Brasileiro mais rico do mundo criou rede social famosa e tem fortuna de R$ 184 milh\u00f5es"},"content":{"rendered":"\n<p><strong>Eduardo Saverin <\/strong>\u00e9 o brasileiro mais rico em 2026, conforme a lista anual de bilion\u00e1rios da <strong>Forbes<\/strong>, publicada recentemente. Ele possui uma fortuna estimada em US$ 35,9 bilh\u00f5es (cerca de R$ 184 bilh\u00f5es).<\/p>\n\n\n\n<p>Saverin, nascido em S\u00e3o Paulo, hoje reside em Singapura. Sua ascens\u00e3o \u00e0 riqueza come\u00e7ou com a cofunda\u00e7\u00e3o do <strong>Facebook <\/strong>ao lado de Mark Zuckerberg. Atualmente, ele investe por meio da B Capital, uma empresa de venture capital que fundou.<\/p>\n\n\n\n<h2 class=\"wp-block-heading\">Da universidade ao cen\u00e1rio global<\/h2>\n\n\n\n<p>A trajet\u00f3ria de Eduardo Saverin na lista da Forbes come\u00e7ou em 2011, ap\u00f3s a abertura de capital do Facebook. Conhecido por sua parceria com Zuckerberg em Harvard, esta colabora\u00e7\u00e3o foi crucial para sua posse inicial na empresa.&nbsp;<\/p>\n\n\n\n<p>Apesar de conflitos posteriores, a valoriza\u00e7\u00e3o das a\u00e7\u00f5es da Meta, impulsionadas pelo crescimento tecnol\u00f3gico, fez sua participa\u00e7\u00e3o aumentar consideravelmente.<\/p>\n\n\n\n<h2 class=\"wp-block-heading\">Futuro com a B Capital<\/h2>\n\n\n\n<p>Saverin expandiu seus horizontes ao se envolver com venture capital. Na B Capital, aposta em empresas emergentes, focando-se em intelig\u00eancia artificial, fintechs e sa\u00fade digital.<\/p>\n\n\n\n<p>Estes setores registraram crescimento significativo recentemente, fazendo do portf\u00f3lio da B Capital um dos mais promissores em termos de diversidade e retorno.<\/p>\n\n\n\n<h2 class=\"wp-block-heading\">Expans\u00e3o<\/h2>\n\n\n\n<p>Aos 43 anos, Eduardo Saverin continua influente no mundo dos neg\u00f3cios. De Singapura, participa de confer\u00eancias e eventos globais ligados \u00e0 inova\u00e7\u00e3o e ao mercado financeiro.<\/p>\n\n\n\n<p>Apesar da vida pessoal discreta, Saverin mant\u00e9m um papel ativo na evolu\u00e7\u00e3o das tend\u00eancias tecnol\u00f3gicas e econ\u00f4micas. Seu prest\u00edgio internacional \u00e9 resultado direto de sua capacidade de investir de forma inovadora e de liderar transforma\u00e7\u00f5es no setor.<\/p>\n","protected":false},"excerpt":{"rendered":"<p>Nascido em S\u00e3o Paulo, hoje reside em Singapura. Aos 43 anos, continua influente no mundo dos neg\u00f3cios. <\/p>\n","protected":false},"author":12,"featured_media":37928,"comment_status":"closed","ping_status":"closed","sticky":false,"template":"","format":"standard","meta":{"jnews-multi-image_gallery":[],"jnews_single_post":{"format":"standard"},"jnews_primary_category":[],"jnews_social_meta":[],"jnews_override_counter":[],"jnews_post_split":[],"footnotes":""},"categories":[1],"tags":[],"class_list":["post-37927","post","type-post","status-publish","format-standard","has-post-thumbnail","hentry","category-geral"],"_referencia":"","_links":{"self":[{"href":"https:\/\/diariodocomercio.com.br\/mix\/wp-json\/wp\/v2\/posts\/37927","targetHints":{"allow":["GET"]}}],"collection":[{"href":"https:\/\/diariodocomercio.com.br\/mix\/wp-json\/wp\/v2\/posts"}],"about":[{"href":"https:\/\/diariodocomercio.com.br\/mix\/wp-json\/wp\/v2\/types\/post"}],"author":[{"embeddable":true,"href":"https:\/\/diariodocomercio.com.br\/mix\/wp-json\/wp\/v2\/users\/12"}],"replies":[{"embeddable":true,"href":"https:\/\/diariodocomercio.com.br\/mix\/wp-json\/wp\/v2\/comments?post=37927"}],"version-history":[{"count":2,"href":"https:\/\/diariodocomercio.com.br\/mix\/wp-json\/wp\/v2\/posts\/37927\/revisions"}],"predecessor-version":[{"id":37934,"href":"https:\/\/diariodocomercio.com.br\/mix\/wp-json\/wp\/v2\/posts\/37927\/revisions\/37934"}],"wp:featuredmedia":[{"embeddable":true,"href":"https:\/\/diariodocomercio.com.br\/mix\/wp-json\/wp\/v2\/media\/37928"}],"wp:attachment":[{"href":"https:\/\/diariodocomercio.com.br\/mix\/wp-json\/wp\/v2\/media?parent=37927"}],"wp:term":[{"taxonomy":"category","embeddable":true,"href":"https:\/\/diariodocomercio.com.br\/mix\/wp-json\/wp\/v2\/categories?post=37927"},{"taxonomy":"post_tag","embeddable":true,"href":"https:\/\/diariodocomercio.com.br\/mix\/wp-json\/wp\/v2\/tags?post=37927"}],"curies":[{"name":"wp","href":"https:\/\/api.w.org\/{rel}","templated":true}]}}