{"id":37933,"date":"2026-03-10T14:59:48","date_gmt":"2026-03-10T17:59:48","guid":{"rendered":"https:\/\/diariodocomercio.com.br\/mix\/?p=37933"},"modified":"2026-03-10T16:26:17","modified_gmt":"2026-03-10T19:26:17","slug":"trabalhadores-terao-ate-27-02-para-tirar-o-novo-rg-gratuitamente-ou-sofrerao-consequencias","status":"publish","type":"post","link":"https:\/\/diariodocomercio.com.br\/mix\/trabalhadores-terao-ate-27-02-para-tirar-o-novo-rg-gratuitamente-ou-sofrerao-consequencias\/","title":{"rendered":"Novo RG: prazo para tirar o documento venceu em 27\/02 para lista de CPFs"},"content":{"rendered":"\n<p>Servidores p\u00fablicos do estado do <strong>Piau\u00ed<\/strong> precisam ficar atentos ao prazo para atualiza\u00e7\u00e3o da <strong>Carteira de Identidade Nacional (CIN)<\/strong>, o novo modelo de RG adotado no Brasil. De acordo com determina\u00e7\u00e3o do governo estadual, trabalhadores vinculados ao servi\u00e7o p\u00fablico tiveram at\u00e9 <strong>27 de fevereiro<\/strong> para emitir o documento gratuitamente, sob risco de enfrentar restri\u00e7\u00f5es administrativas.<\/p>\n\n\n\n<p>A atualiza\u00e7\u00e3o \u00e9 necess\u00e1ria para a emiss\u00e3o da <strong>Carteira Funcional dos Servidores Estaduais<\/strong>, documento obrigat\u00f3rio para a identifica\u00e7\u00e3o profissional dentro da administra\u00e7\u00e3o p\u00fablica. <\/p>\n\n\n\n<p>Os prazos para regulariza\u00e7\u00e3o da nova identidade variam conforme o tipo de v\u00ednculo com o governo estadual.<\/p>\n\n\n\n<ul class=\"wp-block-list\">\n<li><strong>Servidores efetivos ativos:<\/strong> at\u00e9 <strong>27 de fevereiro de 2026<\/strong> (encerrado)<\/li>\n\n\n\n<li><strong>Aposentados e pensionistas:<\/strong> at\u00e9 <strong>30 de abril de 2026<\/strong><\/li>\n<\/ul>\n\n\n\n<p> Servidores comissionados e tercerizados o prazopara atualizar o documento tamb\u00e9m j\u00e1 foi encerrado em <strong>30 de dezembro de 2025<\/strong>. A orienta\u00e7\u00e3o da <strong>Secretaria de Seguran\u00e7a P\u00fablica do Piau\u00ed (SSP-PI)<\/strong> \u00e9 que os trabalhadores realizem o atendimento com anteced\u00eancia, j\u00e1 que a procura tende a aumentar nos \u00faltimos dias.<\/p>\n\n\n\n<p>Em prazos anteriores destinados a outros grupos de servidores, foram registradas <strong>filas e dificuldades de atendimento em Teresina<\/strong>, causadas pela alta demanda de \u00faltima hora e pelo n\u00famero limitado de vagas.<\/p>\n\n\n\n<h2 class=\"wp-block-heading\"><strong>Documento utiliza CPF como identifica\u00e7\u00e3o \u00fanica<\/strong><\/h2>\n\n\n\n<p>A nova Carteira de Identidade Nacional foi criada para <strong>padronizar a identifica\u00e7\u00e3o civil em todo o pa\u00eds<\/strong>. O documento utiliza o <strong>CPF como n\u00famero \u00fanico de identifica\u00e7\u00e3o<\/strong>, substituindo os diferentes n\u00fameros de RG emitidos por cada estado.<\/p>\n\n\n\n<p>Segundo a SSP-PI, a atualiza\u00e7\u00e3o faz parte de um processo de <strong>moderniza\u00e7\u00e3o e integra\u00e7\u00e3o das bases de dados p\u00fablicas<\/strong>, que busca aumentar a seguran\u00e7a e reduzir inconsist\u00eancias cadastrais.<\/p>\n\n\n\n<p>A nova identidade tamb\u00e9m possui <strong>QR Code para verifica\u00e7\u00e3o de autenticidade<\/strong> e pode ser acessada tanto na vers\u00e3o f\u00edsica quanto digital.<\/p>\n\n\n\n<h2 class=\"wp-block-heading\"><strong>Emiss\u00e3o gratuita e postos de atendimento<\/strong><\/h2>\n\n\n\n<p>A primeira via da nova identidade \u00e9 <strong>gratuita<\/strong> e pode ser solicitada em mais de <strong>120 postos de atendimento espalhados pelo Piau\u00ed<\/strong>, coordenados pelo Instituto de Identifica\u00e7\u00e3o Digital F\u00e9lix Pacheco.<\/p>\n\n\n\n<p>No <strong>Centro Administrativo do estado<\/strong>, em Teresina, tamb\u00e9m foi criado um posto espec\u00edfico para atender servidores, comissionados e prestadores de servi\u00e7o.<\/p>\n\n\n\n<p>Para solicitar o documento, \u00e9 necess\u00e1rio apresentar:<\/p>\n\n\n\n<ul class=\"wp-block-list\">\n<li>CPF<\/li>\n\n\n\n<li>Certid\u00e3o de nascimento ou casamento atualizada<\/li>\n\n\n\n<li>Comprovante de resid\u00eancia<\/li>\n<\/ul>\n\n\n\n<p>O Piau\u00ed foi o primeiro estado brasileiro a alcan\u00e7ar a marca de 50% da popula\u00e7\u00e3o com a nova identidade emitida, segundo dados divulgados pelo Minist\u00e9rio da Gest\u00e3o e da Inova\u00e7\u00e3o em Servi\u00e7os P\u00fablicos.<\/p>\n\n\n\n<p>Em todo o pa\u00eds, mais de 42,7 milh\u00f5es de Carteiras de Identidade Nacionais j\u00e1 foram emitidas, consolidando a transi\u00e7\u00e3o para o novo modelo de identifica\u00e7\u00e3o civil.<\/p>\n","protected":false},"excerpt":{"rendered":"<p>Servidores p\u00fablicos do estado do Piau\u00ed precisam ficar atentos ao prazo para atualiza\u00e7\u00e3o da Carteira de Identidade Nacional (CIN), o novo modelo de RG adotado no Brasil. De acordo com determina\u00e7\u00e3o do governo estadual, trabalhadores vinculados ao servi\u00e7o p\u00fablico tiveram at\u00e9 27 de fevereiro para emitir o documento gratuitamente, sob risco de enfrentar restri\u00e7\u00f5es administrativas. [&hellip;]<\/p>\n","protected":false},"author":9,"featured_media":33103,"comment_status":"closed","ping_status":"closed","sticky":false,"template":"","format":"standard","meta":{"jnews-multi-image_gallery":[],"jnews_single_post":{"format":"standard"},"jnews_primary_category":[],"jnews_social_meta":[],"jnews_override_counter":[],"jnews_post_split":[],"footnotes":""},"categories":[1],"tags":[],"class_list":["post-37933","post","type-post","status-publish","format-standard","has-post-thumbnail","hentry","category-geral"],"_referencia":"","_links":{"self":[{"href":"https:\/\/diariodocomercio.com.br\/mix\/wp-json\/wp\/v2\/posts\/37933","targetHints":{"allow":["GET"]}}],"collection":[{"href":"https:\/\/diariodocomercio.com.br\/mix\/wp-json\/wp\/v2\/posts"}],"about":[{"href":"https:\/\/diariodocomercio.com.br\/mix\/wp-json\/wp\/v2\/types\/post"}],"author":[{"embeddable":true,"href":"https:\/\/diariodocomercio.com.br\/mix\/wp-json\/wp\/v2\/users\/9"}],"replies":[{"embeddable":true,"href":"https:\/\/diariodocomercio.com.br\/mix\/wp-json\/wp\/v2\/comments?post=37933"}],"version-history":[{"count":2,"href":"https:\/\/diariodocomercio.com.br\/mix\/wp-json\/wp\/v2\/posts\/37933\/revisions"}],"predecessor-version":[{"id":37963,"href":"https:\/\/diariodocomercio.com.br\/mix\/wp-json\/wp\/v2\/posts\/37933\/revisions\/37963"}],"wp:featuredmedia":[{"embeddable":true,"href":"https:\/\/diariodocomercio.com.br\/mix\/wp-json\/wp\/v2\/media\/33103"}],"wp:attachment":[{"href":"https:\/\/diariodocomercio.com.br\/mix\/wp-json\/wp\/v2\/media?parent=37933"}],"wp:term":[{"taxonomy":"category","embeddable":true,"href":"https:\/\/diariodocomercio.com.br\/mix\/wp-json\/wp\/v2\/categories?post=37933"},{"taxonomy":"post_tag","embeddable":true,"href":"https:\/\/diariodocomercio.com.br\/mix\/wp-json\/wp\/v2\/tags?post=37933"}],"curies":[{"name":"wp","href":"https:\/\/api.w.org\/{rel}","templated":true}]}}