{"id":37965,"date":"2026-03-10T17:07:18","date_gmt":"2026-03-10T20:07:18","guid":{"rendered":"https:\/\/diariodocomercio.com.br\/mix\/?p=37965"},"modified":"2026-03-10T18:22:19","modified_gmt":"2026-03-10T21:22:19","slug":"banco-do-brasil-comunica-clientes-e-vai-realizar-mudanca-drastica-em-todas-as-agencias-do-pais","status":"publish","type":"post","link":"https:\/\/diariodocomercio.com.br\/mix\/banco-do-brasil-comunica-clientes-e-vai-realizar-mudanca-drastica-em-todas-as-agencias-do-pais\/","title":{"rendered":"Banco do Brasil comunica clientes e vai realizar mudan\u00e7a dr\u00e1stica em todas as ag\u00eancias do pa\u00eds"},"content":{"rendered":"\n<p>O <strong>Banco do Brasil<\/strong> iniciou uma ampla moderniza\u00e7\u00e3o tecnol\u00f3gica em suas ag\u00eancias f\u00edsicas espalhadas pelo pa\u00eds. A iniciativa, que j\u00e1 alcan\u00e7ou <strong>93% das quase 5 mil unidades<\/strong>, prev\u00ea a substitui\u00e7\u00e3o da infraestrutura antiga de rede por uma tecnologia mais moderna, capaz de tornar o atendimento mais r\u00e1pido e reduzir falhas de conex\u00e3o.<\/p>\n\n\n\n<p>Segundo a institui\u00e7\u00e3o, a atualiza\u00e7\u00e3o deve atingir <strong>100% das ag\u00eancias at\u00e9 o fim deste m\u00eas<\/strong>, embora algumas unidades localizadas em regi\u00f5es de dif\u00edcil acesso possam ter pequenos atrasos na implementa\u00e7\u00e3o.<\/p>\n\n\n\n<p>O projeto, chamado internamente de <strong>SD-WAN<\/strong>, substitui o modelo anterior de conex\u00e3o utilizado nas ag\u00eancias, que em muitos casos operava com <strong>velocidade limitada e maior risco de instabilidade<\/strong>.<\/p>\n\n\n\n<p>Com a nova estrutura, o banco espera reduzir problemas de indisponibilidade e tornar o funcionamento dos sistemas internos mais eficiente, o que deve refletir diretamente na <strong>agilidade do atendimento aos clientes<\/strong>.<\/p>\n\n\n<style>@media (min-width: 992px) {\n    .recomendadorV2Area1 {\n        width: 280px;\n    }\n    .recomendadorV2Area2 {\n        padding: 0px 20px;\n        width: calc(100% - 280px);\n    }\n}\n\n@media (max-width: 992px) {\n    .recomendadorV2Button {\n        margin: 0 auto;\n    }\n    .recomendadorV2Area {\n        flex-direction: column;\n        text-align: center;\n    }\n    .recomendadorV2Area2 {\n        padding: 0px 20px;\n    }\n}\n\n.recomendadorV2Area {\n    background: #eeeeee3d;\n    border-radius: 10px;\n    padding: 15px;\n    display: flex;\n    margin: 15px auto;\n    border: 1px solid #00000014;\n    max-width: 800px;\n}\n\n.recomendadorV2Area1 img {\n    width: 280px;\n    height: auto;\n    border-radius: 8px;\n}\n\n.linkrecomendadorv2 {\n    text-decoration: none !important;\n}\n\n.recomendadorV2Area2 .recomendadorV2Type {\n    text-transform: uppercase;\n    font-weight: 500;\n    font-size: 11px;\n    letter-spacing: 2px;\n    color: #666;\n    margin: 12px 0;\n    display: block;\n}\n\n.recomendadorV2Title h2 {\n    padding-top: 0px !important;\n    margin: 0px !important;\n    border-left: none !important;\n    padding-left: 0px !important;\n    line-height: 1.3;\n    color: #000 !important;\n    font-size: 24px;\n    margin-bottom: 12px !important;\n}\n\n.recomendadorV2Desc {\n    color: #333;\n    margin: 12px 0px !important;\n    font-size: 15px;\n    line-height: 1.5;\n}\n\n.recomendadorV2Button {\n    width: auto;\n    max-width: 200px;\n    margin: 0;\n    display: inline-flex;\n    align-items: center;\n    background: #1D3557;\n    border-radius: 8px;\n    color: #fff;\n    height: 36px;\n    justify-content: center;\n    text-align: center;\n    font-size: 14px;\n    padding: 0 20px;\n    transition: background-color 0.2s ease;\n}\n\n.recomendadorV2Button:hover {\n    background: #2a4d7a;\n}\n\n.recomendadorV2Button:after {\n    margin-top: -2px;\n    content: \"\u2192\";\n    padding: 0px 0px 0px 8px;\n}\n\n.recomendadorV2Alert {\n    text-align: left;\n    font-size: 11px;\n    margin-top: 8px;\n    color: #666;\n}\n\n.recomendadorFixedArea {\n    width: 100%;\n    display: flex;\n    justify-content: center;\n    align-items: center;\n}\n\n@media (min-width: 992px) {\n    #recomendadorFixed {\n        width: 32% !important;\n        left: 5%;\n    }\n    .recomendadorCloseFixed{\n        right: inherit !important;\n        left: 378px !important;\n    }\n}\n\n#recomendadorFixed {\n    width: 90%;\n    box-shadow: 0 10px 20px 0px #00000057;\n    display: none;\n    height: 90px;\n    background: #F6F6F6;\n    position: fixed;\n    flex-direction: row;\n    bottom: 10px;\n    z-index: 9999;\n    border-radius: 16px;\n    padding: 7px 10px;\n}\n\n.recomendadorLeftArea {\n    width: 160px;\n}\n\n.recomendadorRightArea h2 {\n    padding-top: 0px;\n    margin: 2px 0px 4px 0px !important;\n    font-weight: 400;\n    text-align: center;\n    padding-left: 0px !important;\n    color: #000 !important;\n    border-left: none !important;\n    line-height: 20px;\n    font-size: 12px !important;\n}\n\n.recomendadorImgFixed {\n    overflow: hidden;\n    padding: 8px 6px;\n    height: 100%;\n}\n\n.recomendadorImgFixed img {\n    height: 100% !important;\n    border-radius: 16px;\n}\n\n.recomendadorRightArea {\n    padding-top: 6px;\n    display: flex;\n    width: calc(100% - 130px);\n    justify-content: space-between;\n    align-items: center;\n    flex-direction: column;\n}\n\n.recomendadorButtonFixed {\n    margin: 0 auto;\n    background: #1D3557;\n    width: 80%;\n    text-align: center;\n    font-size: 10px;\n    color: #FFF;\n    padding: 2px 10px;\n    border-radius: 3px;\n}\n\n.recomendadorButtonFixed:after {\n    margin-top: -3px;\n    content: \"\u2192\";\n    padding: 0px 0px 0px 10px;\n}\n\n.recomendadorAlertFixed {\n    font-weight: 400;\n    text-align: center;\n    color: #484848;\n    font-size: 8px;\n}\n\n.recomendadorCloseFixed {\n    z-index: 99999;\n    display: none;\n    right: 0px;\n    left: inherit;\n    bottom: 99px;\n    position: fixed;\n    justify-content: center;\n    background: #F6F6F6;\n    width: 25px;\n    align-items: center;\n    height: 25px;\n    font-weight: 800;\n    border-radius: 50%;\n    border: 1px solid #EBEBEB;\n}\n\n.recomendadorV2Desc{\n    color: #000000;\n    margin: 20px 0px;\n}\n\n@media (max-width: 576px) {\n    .recomendadorV2Area {\n      padding: 10px;\n      max-width: 100%;\n    }\n  \n    .recomendadorV2Area1 img {\n      width: 100%;\n      border-radius: 6px;\n    }\n  \n    .recomendadorV2Area2 .recomendadorV2Type {\n      font-size: 9px;\n      letter-spacing: 1px;\n      margin: 8px 0;\n    }\n  \n    .recomendadorV2Title h2 {\n      font-size: 18px !important;\n      margin-bottom: 8px !important;\n      line-height: 1.2;\n    }\n  \n    .recomendadorV2Desc {\n      font-size: 14px;\n      margin: 8px 0 !important;\n      line-height: 1.4;\n    }\n  \n    .recomendadorV2Button {\n      font-size: 14px;\n      height: 40px;\n      padding: 0 12px;\n      max-width: 100%;\n      width: 100%;\n    }\n  \n    .recomendadorV2Button:after {\n      padding-left: 6px;\n    }\n  }\n  <\/style>\n        <div class=\"lazyblock-recomendador-v2-2jDGz wp-block-lazyblock-recomendador-v2\">\n        <a class=\"linkrecomendadorv2\" href=\"https:\/\/diariodocomercio.com.br\/mix\/horario-de-verao-ja-esta-valendo-e-todos-devem-adiantar-o-relogio-em-1-hora-em-varios-estados-deste-pais\/?utm_source=lazy\">\n            <div class=\"recomendadorV2Area\">\n            <div class=\"recomendadorV2Area1\">\n                <div class=\"recomendadorV2Img\">\n                <img class=\"lazyloaded\" decoding=\"async\" src=\"https:\/\/diariodocomercio.com.br\/mix\/wp-content\/uploads\/2025\/07\/17290-750x375.jpg\" data-src=\"https:\/\/diariodocomercio.com.br\/mix\/wp-content\/uploads\/2025\/07\/17290-750x375.jpg\" alt=\"\">\n                <\/div>\n            <\/div>\n            <div class=\"recomendadorV2Area2\">\n                <div class=\"recomendadorV2Type\">\n                    <span>Hora muda<\/span>\n                <\/div>\n                <div class=\"recomendadorV2Title\">\n                <h2><span>Rel\u00f3gio adiante \u23f0<\/span><\/h2>\n                <\/div>\n                <div class=\"recomendadorV2Desc\">\n                <span>Hor\u00e1rio de ver\u00e3o j\u00e1 est\u00e1 valendo<\/span>\n                <\/div>\n                <div class=\"recomendadorV2Button\">Veja onde<\/div>\n                <div class=\"recomendadorV2Alert\"><\/div>\n            <\/div>\n            <\/div>\n        <\/a>\n        <div>\n            <div style=\"z-index:99999;\" id=\"buttonClose\" onclick=\"closeRecomendadorFixed()\">\n            <div class=\"recomendadorCloseFixed\">X<\/div>\n            <\/div>\n            <a href=\"https:\/\/diariodocomercio.com.br\/mix\/horario-de-verao-ja-esta-valendo-e-todos-devem-adiantar-o-relogio-em-1-hora-em-varios-estados-deste-pais\/?utm_source=lazy\">\n            <div class=\"recomendadorFixedArea\">\n                <div id=\"recomendadorFixed\">\n                <div class=\"recomendadorLeftArea\">\n                    <div class=\"recomendadorImgFixed\">\n                    <img class=\"lazyload\" decoding=\"async\" src=\"https:\/\/diariodocomercio.com.br\/mix\/wp-content\/uploads\/2025\/07\/17290-750x375.jpg\" alt=\"\">\n                    <\/div>\n                <\/div>\n                <div class=\"recomendadorRightArea\">\n                    <div class=\"recomendadorTitleFixed\">\n                    <h2><span>Rel\u00f3gio adiante \u23f0<\/span><\/h2>\n                    <\/div>\n                    <div class=\"recomendadorButtonFixed\">Veja onde<\/div>\n                    <div class=\"recomendadorAlertFixed\"><\/div>\n                <\/div>\n                <\/div>\n            <\/div>\n            <\/a>\n        <\/div>\n        <\/div>\n\n\n\n<p>Al\u00e9m disso, a mudan\u00e7a permitir\u00e1 que os dados de internet das ag\u00eancias sejam enviados <strong>diretamente para a nuvem<\/strong>, diminuindo a carga sobre os data centers da institui\u00e7\u00e3o.<\/p>\n\n\n\n<p>A moderniza\u00e7\u00e3o j\u00e1 apresenta impacto financeiro. De acordo com o Banco do Brasil, a atualiza\u00e7\u00e3o da rede tecnol\u00f3gica gerou <strong>economia de cerca de R$ 3,8 milh\u00f5es por m\u00eas<\/strong>, valor que pode mais que dobrar com a conclus\u00e3o do projeto.<\/p>\n\n\n\n<p>Parte desse ganho vem da redu\u00e7\u00e3o da depend\u00eancia de <strong>conex\u00f5es via sat\u00e9lite<\/strong>, que possuem custos elevados e apresentam maior lat\u00eancia em compara\u00e7\u00e3o com redes mais modernas.<\/p>\n\n\n\n<h2 class=\"wp-block-heading\"><strong>Investimentos bilion\u00e1rios em tecnologia<\/strong><\/h2>\n\n\n\n<p>Nos \u00faltimos anos, o Banco do Brasil tem ampliado os investimentos em tecnologia para acompanhar a transforma\u00e7\u00e3o digital do setor financeiro.<\/p>\n\n\n\n<p>Somente em <strong>2025<\/strong>, a institui\u00e7\u00e3o investiu <strong>R$ 6,8 bilh\u00f5es em tecnologia<\/strong>. Desde 2016, o total aplicado na \u00e1rea j\u00e1 chega a <strong>R$ 43,7 bilh\u00f5es<\/strong>.<\/p>\n\n\n\n<p>Mesmo com a digitaliza\u00e7\u00e3o dos servi\u00e7os, o banco mant\u00e9m uma forte presen\u00e7a f\u00edsica no pa\u00eds. Atualmente, <strong>mais de 93% das transa\u00e7\u00f5es realizadas pelos clientes acontecem por canais digitais<\/strong>, enquanto a base de usu\u00e1rios ativos nesses canais alcan\u00e7a <strong>35,8 milh\u00f5es de pessoas<\/strong>.<\/p>\n\n\n\n<h2 class=\"wp-block-heading\"><strong>Ag\u00eancias continuam estrat\u00e9gicas<\/strong><\/h2>\n\n\n\n<p>Apesar do crescimento das opera\u00e7\u00f5es digitais, o Banco do Brasil destaca que a rede de ag\u00eancias continua sendo importante, principalmente por sua presen\u00e7a em <strong>praticamente todos os munic\u00edpios brasileiros<\/strong>.<\/p>\n\n\n\n<p>Segundo a institui\u00e7\u00e3o, a moderniza\u00e7\u00e3o busca justamente integrar melhor os canais f\u00edsicos e digitais, oferecendo <strong>atendimento mais eficiente e menor sensa\u00e7\u00e3o de lentid\u00e3o para os clientes<\/strong>.<\/p>\n","protected":false},"excerpt":{"rendered":"<p>O Banco do Brasil iniciou uma ampla moderniza\u00e7\u00e3o tecnol\u00f3gica em suas ag\u00eancias f\u00edsicas espalhadas pelo pa\u00eds. A iniciativa, que j\u00e1 alcan\u00e7ou 93% das quase 5 mil unidades, prev\u00ea a substitui\u00e7\u00e3o da infraestrutura antiga de rede por uma tecnologia mais moderna, capaz de tornar o atendimento mais r\u00e1pido e reduzir falhas de conex\u00e3o. Segundo a institui\u00e7\u00e3o, [&hellip;]<\/p>\n","protected":false},"author":9,"featured_media":37968,"comment_status":"closed","ping_status":"closed","sticky":false,"template":"","format":"standard","meta":{"jnews-multi-image_gallery":[],"jnews_single_post":{"format":"standard"},"jnews_primary_category":[],"jnews_social_meta":[],"jnews_override_counter":[],"jnews_post_split":[],"footnotes":""},"categories":[1],"tags":[],"class_list":["post-37965","post","type-post","status-publish","format-standard","has-post-thumbnail","hentry","category-geral"],"_referencia":"","_links":{"self":[{"href":"https:\/\/diariodocomercio.com.br\/mix\/wp-json\/wp\/v2\/posts\/37965","targetHints":{"allow":["GET"]}}],"collection":[{"href":"https:\/\/diariodocomercio.com.br\/mix\/wp-json\/wp\/v2\/posts"}],"about":[{"href":"https:\/\/diariodocomercio.com.br\/mix\/wp-json\/wp\/v2\/types\/post"}],"author":[{"embeddable":true,"href":"https:\/\/diariodocomercio.com.br\/mix\/wp-json\/wp\/v2\/users\/9"}],"replies":[{"embeddable":true,"href":"https:\/\/diariodocomercio.com.br\/mix\/wp-json\/wp\/v2\/comments?post=37965"}],"version-history":[{"count":2,"href":"https:\/\/diariodocomercio.com.br\/mix\/wp-json\/wp\/v2\/posts\/37965\/revisions"}],"predecessor-version":[{"id":37992,"href":"https:\/\/diariodocomercio.com.br\/mix\/wp-json\/wp\/v2\/posts\/37965\/revisions\/37992"}],"wp:featuredmedia":[{"embeddable":true,"href":"https:\/\/diariodocomercio.com.br\/mix\/wp-json\/wp\/v2\/media\/37968"}],"wp:attachment":[{"href":"https:\/\/diariodocomercio.com.br\/mix\/wp-json\/wp\/v2\/media?parent=37965"}],"wp:term":[{"taxonomy":"category","embeddable":true,"href":"https:\/\/diariodocomercio.com.br\/mix\/wp-json\/wp\/v2\/categories?post=37965"},{"taxonomy":"post_tag","embeddable":true,"href":"https:\/\/diariodocomercio.com.br\/mix\/wp-json\/wp\/v2\/tags?post=37965"}],"curies":[{"name":"wp","href":"https:\/\/api.w.org\/{rel}","templated":true}]}}