{"id":37970,"date":"2026-03-15T14:41:00","date_gmt":"2026-03-15T17:41:00","guid":{"rendered":"https:\/\/diariodocomercio.com.br\/mix\/?p=37970"},"modified":"2026-03-10T18:10:41","modified_gmt":"2026-03-10T21:10:41","slug":"nova-norma-preve-multa-de-r-826-para-tutor-que-sair-com-cao-sem-guia","status":"publish","type":"post","link":"https:\/\/diariodocomercio.com.br\/mix\/nova-norma-preve-multa-de-r-826-para-tutor-que-sair-com-cao-sem-guia\/","title":{"rendered":"Nova norma prev\u00ea multa de R$ 826 para tutor que sair com c\u00e3o sem guia"},"content":{"rendered":"\n<p>A cidade de <strong>S\u00e3o Jos\u00e9<\/strong>, na Grande Florian\u00f3polis, passou a aplicar multas a tutores que circularem com c\u00e3es <strong>sem guia ou qualquer forma de conten\u00e7\u00e3o<\/strong> em espa\u00e7os p\u00fablicos. A medida foi estabelecida pela <strong>Lei n\u00ba 6.555<\/strong>, sancionada pelo prefeito <strong>Orvino Coelho (PSD)<\/strong> e publicada em 27 de fevereiro.<\/p>\n\n\n\n<p>A nova legisla\u00e7\u00e3o pro\u00edbe que c\u00e3es permane\u00e7am ou circulem <strong>soltos em ruas, pra\u00e7as ou outros locais de uso coletivo<\/strong>, exigindo que os respons\u00e1veis mantenham os animais sob controle durante passeios ou deslocamentos pela cidade.<\/p>\n\n\n\n<p>De acordo com a lei, o descumprimento da regra pode gerar <strong>multas administrativas ao tutor ou respons\u00e1vel pelo animal<\/strong>.<\/p>\n\n\n\n<p>A penalidade varia de acordo com a gravidade da situa\u00e7\u00e3o:<\/p>\n\n\n\n<ul class=\"wp-block-list\">\n<li><strong>Infra\u00e7\u00e3o leve:<\/strong> quando o c\u00e3o for encontrado solto em \u00e1reas p\u00fablicas de menor circula\u00e7\u00e3o de pessoas. A multa \u00e9 de <strong>duas URMs (Unidades de Refer\u00eancia Municipal)<\/strong>, equivalente a <strong>R$ 550,82<\/strong>.<\/li>\n\n\n\n<li><strong>Infra\u00e7\u00e3o grave:<\/strong> quando o animal estiver nas proximidades de <strong>escolas, creches ou centros de educa\u00e7\u00e3o infantil da rede municipal<\/strong>. Nesse caso, a multa \u00e9 de <strong>tr\u00eas URMs<\/strong>, totalizando <strong>R$ 826,23<\/strong>.<\/li>\n<\/ul>\n\n\n\n<p>Em casos de <strong>reincid\u00eancia<\/strong>, a penalidade poder\u00e1 ser aplicada em dobro.<\/p>\n\n\n\n<h2 class=\"wp-block-heading\"><strong>Animal pode ser recolhido em situa\u00e7\u00f5es de risco<\/strong><\/h2>\n\n\n\n<p>A legisla\u00e7\u00e3o tamb\u00e9m prev\u00ea que o animal poder\u00e1 ser <strong>recolhido pelos \u00f3rg\u00e3os respons\u00e1veis<\/strong> quando houver risco \u00e0 seguran\u00e7a de pessoas, ao tr\u00e2nsito ou ao pr\u00f3prio c\u00e3o.<\/p>\n\n\n\n<p>A fiscaliza\u00e7\u00e3o ser\u00e1 realizada por equipes da <strong>Guarda Municipal<\/strong>, da <strong>Funda\u00e7\u00e3o Municipal do Meio Ambiente e Desenvolvimento Sustent\u00e1vel<\/strong> e da <strong>Diretoria de Bem-Estar Animal (Dibea)<\/strong>.<\/p>\n\n\n\n<h2 class=\"wp-block-heading\"><strong>Recursos ser\u00e3o destinados \u00e0 causa animal<\/strong><\/h2>\n\n\n\n<p>Os valores arrecadados com as multas ser\u00e3o direcionados, prioritariamente, ao <strong>Fundo Municipal do Meio Ambiente<\/strong>, que financia a\u00e7\u00f5es relacionadas \u00e0 prote\u00e7\u00e3o animal.<\/p>\n\n\n\n<p>Entre as iniciativas previstas est\u00e3o <strong>campanhas de educa\u00e7\u00e3o ambiental, programas de posse respons\u00e1vel e projetos voltados ao bem-estar dos animais<\/strong>.<\/p>\n\n\n\n<p>A nova lei j\u00e1 est\u00e1 em vigor e o Poder Executivo municipal tem prazo de <strong>at\u00e9 60 dias para regulamentar os detalhes da aplica\u00e7\u00e3o da norma<\/strong>.<\/p>\n","protected":false},"excerpt":{"rendered":"<p>A cidade de S\u00e3o Jos\u00e9, na Grande Florian\u00f3polis, passou a aplicar multas a tutores que circularem com c\u00e3es sem guia ou qualquer forma de conten\u00e7\u00e3o em espa\u00e7os p\u00fablicos. A medida foi estabelecida pela Lei n\u00ba 6.555, sancionada pelo prefeito Orvino Coelho (PSD) e publicada em 27 de fevereiro. A nova legisla\u00e7\u00e3o pro\u00edbe que c\u00e3es permane\u00e7am [&hellip;]<\/p>\n","protected":false},"author":9,"featured_media":28794,"comment_status":"closed","ping_status":"closed","sticky":false,"template":"","format":"standard","meta":{"jnews-multi-image_gallery":[],"jnews_single_post":{"format":"standard"},"jnews_primary_category":[],"jnews_social_meta":[],"jnews_override_counter":[],"jnews_post_split":[],"footnotes":""},"categories":[1],"tags":[],"class_list":["post-37970","post","type-post","status-publish","format-standard","has-post-thumbnail","hentry","category-geral"],"_referencia":"","_links":{"self":[{"href":"https:\/\/diariodocomercio.com.br\/mix\/wp-json\/wp\/v2\/posts\/37970","targetHints":{"allow":["GET"]}}],"collection":[{"href":"https:\/\/diariodocomercio.com.br\/mix\/wp-json\/wp\/v2\/posts"}],"about":[{"href":"https:\/\/diariodocomercio.com.br\/mix\/wp-json\/wp\/v2\/types\/post"}],"author":[{"embeddable":true,"href":"https:\/\/diariodocomercio.com.br\/mix\/wp-json\/wp\/v2\/users\/9"}],"replies":[{"embeddable":true,"href":"https:\/\/diariodocomercio.com.br\/mix\/wp-json\/wp\/v2\/comments?post=37970"}],"version-history":[{"count":1,"href":"https:\/\/diariodocomercio.com.br\/mix\/wp-json\/wp\/v2\/posts\/37970\/revisions"}],"predecessor-version":[{"id":37979,"href":"https:\/\/diariodocomercio.com.br\/mix\/wp-json\/wp\/v2\/posts\/37970\/revisions\/37979"}],"wp:featuredmedia":[{"embeddable":true,"href":"https:\/\/diariodocomercio.com.br\/mix\/wp-json\/wp\/v2\/media\/28794"}],"wp:attachment":[{"href":"https:\/\/diariodocomercio.com.br\/mix\/wp-json\/wp\/v2\/media?parent=37970"}],"wp:term":[{"taxonomy":"category","embeddable":true,"href":"https:\/\/diariodocomercio.com.br\/mix\/wp-json\/wp\/v2\/categories?post=37970"},{"taxonomy":"post_tag","embeddable":true,"href":"https:\/\/diariodocomercio.com.br\/mix\/wp-json\/wp\/v2\/tags?post=37970"}],"curies":[{"name":"wp","href":"https:\/\/api.w.org\/{rel}","templated":true}]}}