{"id":37989,"date":"2026-03-15T17:31:00","date_gmt":"2026-03-15T20:31:00","guid":{"rendered":"https:\/\/diariodocomercio.com.br\/mix\/?p=37989"},"modified":"2026-03-10T18:43:50","modified_gmt":"2026-03-10T21:43:50","slug":"chefes-que-mandarem-mensagens-ou-ligarem-fora-do-horario-de-trabalho-podem-ser-obrigados-a-pagar-indenizacao-ao-funcionario","status":"publish","type":"post","link":"https:\/\/diariodocomercio.com.br\/mix\/chefes-que-mandarem-mensagens-ou-ligarem-fora-do-horario-de-trabalho-podem-ser-obrigados-a-pagar-indenizacao-ao-funcionario\/","title":{"rendered":"Chefes que mandarem mensagens ou ligarem fora do hor\u00e1rio de trabalho podem ser obrigados a pagar indeniza\u00e7\u00e3o ao funcion\u00e1rio"},"content":{"rendered":"\n<p>O envio de <strong>mensagens ou liga\u00e7\u00f5es relacionadas ao trabalho fora do hor\u00e1rio de expediente<\/strong> pode gerar processos trabalhistas e at\u00e9 resultar em <strong>indeniza\u00e7\u00f5es ou pagamento de horas extras aos funcion\u00e1rios<\/strong>. O entendimento vem sendo aplicado em decis\u00f5es da Justi\u00e7a do Trabalho quando fica comprovado que o trabalhador permaneceu \u00e0 disposi\u00e7\u00e3o da empresa durante per\u00edodos de descanso.<\/p>\n\n\n\n<p>Embora o Brasil n\u00e3o possua uma legisla\u00e7\u00e3o espec\u00edfica sobre o tema, especialistas apontam que a <strong>Consolida\u00e7\u00e3o das Leis do Trabalho (CLT)<\/strong> j\u00e1 oferece base jur\u00eddica para esse tipo de interpreta\u00e7\u00e3o.<\/p>\n\n\n\n<p>O artigo 4\u00ba da CLT estabelece que se considera tempo de servi\u00e7o o per\u00edodo em que o empregado <strong>permanece \u00e0 disposi\u00e7\u00e3o do empregador, aguardando ou executando ordens<\/strong>.<\/p>\n\n\n\n<p>Na pr\u00e1tica, isso significa que, caso o funcion\u00e1rio receba <strong>mensagens ou ordens de superiores por aplicativos como WhatsApp durante folgas, fins de semana, f\u00e9rias ou ap\u00f3s o expediente<\/strong>, a situa\u00e7\u00e3o pode ser caracterizada como trabalho fora da jornada.<\/p>\n\n\n\n<p>Quando isso ocorre e o limite de horas trabalhadas \u00e9 ultrapassado, a empresa pode ser obrigada a pagar <strong>horas extras com adicional m\u00ednimo de 50% sobre o valor da hora normal<\/strong>.<\/p>\n\n\n\n<h2 class=\"wp-block-heading\"><strong>Uso corporativo de aplicativos exige regras claras<\/strong><\/h2>\n\n\n\n<p>Com a populariza\u00e7\u00e3o de aplicativos de mensagens no ambiente corporativo, muitas empresas passaram a utilizar grupos e conversas diretas para repassar informa\u00e7\u00f5es, cobrar metas ou emitir orienta\u00e7\u00f5es de trabalho.<\/p>\n\n\n\n<p>No entanto, especialistas alertam que <strong>o uso dessas ferramentas fora do hor\u00e1rio de expediente precisa estar bem definido em contratos ou pol\u00edticas internas<\/strong>, para evitar conflitos trabalhistas.<\/p>\n\n\n\n<p>Mensagens que envolvam <strong>ordens, cobran\u00e7as de tarefas ou metas<\/strong> podem ser utilizadas como prova de que o trabalhador continuou exercendo atividades fora da jornada regular.<\/p>\n\n\n\n<h2 class=\"wp-block-heading\"><strong>Nem todo contato gera obriga\u00e7\u00e3o de pagamento<\/strong><\/h2>\n\n\n\n<p>Apesar disso, nem todo contato fora do expediente gera automaticamente direito a horas extras.<\/p>\n\n\n\n<p>De acordo com especialistas na \u00e1rea de direito, \u00e9 necess\u00e1rio avaliar fatores como:<\/p>\n\n\n\n<ul class=\"wp-block-list\">\n<li><strong>se havia obriga\u00e7\u00e3o de responder imediatamente<\/strong>;<\/li>\n\n\n\n<li><strong>se o contato era frequente ou eventual<\/strong>;<\/li>\n\n\n\n<li><strong>se o trabalhador realmente executou alguma atividade ap\u00f3s a mensagem<\/strong>.<\/li>\n<\/ul>\n\n\n\n<p>Em casos pontuais e urgentes, quando o empregado possui informa\u00e7\u00f5es espec\u00edficas necess\u00e1rias naquele momento, a Justi\u00e7a pode entender que <strong>n\u00e3o houve caracteriza\u00e7\u00e3o de jornada extra<\/strong>.<\/p>\n","protected":false},"excerpt":{"rendered":"<p>O envio de mensagens ou liga\u00e7\u00f5es relacionadas ao trabalho fora do hor\u00e1rio de expediente pode gerar processos trabalhistas e at\u00e9 resultar em indeniza\u00e7\u00f5es ou pagamento de horas extras aos funcion\u00e1rios. O entendimento vem sendo aplicado em decis\u00f5es da Justi\u00e7a do Trabalho quando fica comprovado que o trabalhador permaneceu \u00e0 disposi\u00e7\u00e3o da empresa durante per\u00edodos de [&hellip;]<\/p>\n","protected":false},"author":9,"featured_media":20427,"comment_status":"closed","ping_status":"closed","sticky":false,"template":"","format":"standard","meta":{"jnews-multi-image_gallery":[],"jnews_single_post":{"format":"standard"},"jnews_primary_category":[],"jnews_social_meta":[],"jnews_override_counter":[],"jnews_post_split":[],"footnotes":""},"categories":[1],"tags":[],"class_list":["post-37989","post","type-post","status-publish","format-standard","has-post-thumbnail","hentry","category-geral"],"_referencia":"","_links":{"self":[{"href":"https:\/\/diariodocomercio.com.br\/mix\/wp-json\/wp\/v2\/posts\/37989","targetHints":{"allow":["GET"]}}],"collection":[{"href":"https:\/\/diariodocomercio.com.br\/mix\/wp-json\/wp\/v2\/posts"}],"about":[{"href":"https:\/\/diariodocomercio.com.br\/mix\/wp-json\/wp\/v2\/types\/post"}],"author":[{"embeddable":true,"href":"https:\/\/diariodocomercio.com.br\/mix\/wp-json\/wp\/v2\/users\/9"}],"replies":[{"embeddable":true,"href":"https:\/\/diariodocomercio.com.br\/mix\/wp-json\/wp\/v2\/comments?post=37989"}],"version-history":[{"count":1,"href":"https:\/\/diariodocomercio.com.br\/mix\/wp-json\/wp\/v2\/posts\/37989\/revisions"}],"predecessor-version":[{"id":38004,"href":"https:\/\/diariodocomercio.com.br\/mix\/wp-json\/wp\/v2\/posts\/37989\/revisions\/38004"}],"wp:featuredmedia":[{"embeddable":true,"href":"https:\/\/diariodocomercio.com.br\/mix\/wp-json\/wp\/v2\/media\/20427"}],"wp:attachment":[{"href":"https:\/\/diariodocomercio.com.br\/mix\/wp-json\/wp\/v2\/media?parent=37989"}],"wp:term":[{"taxonomy":"category","embeddable":true,"href":"https:\/\/diariodocomercio.com.br\/mix\/wp-json\/wp\/v2\/categories?post=37989"},{"taxonomy":"post_tag","embeddable":true,"href":"https:\/\/diariodocomercio.com.br\/mix\/wp-json\/wp\/v2\/tags?post=37989"}],"curies":[{"name":"wp","href":"https:\/\/api.w.org\/{rel}","templated":true}]}}