{"id":38005,"date":"2026-03-15T20:32:00","date_gmt":"2026-03-15T23:32:00","guid":{"rendered":"https:\/\/diariodocomercio.com.br\/mix\/?p=38005"},"modified":"2026-03-10T18:56:35","modified_gmt":"2026-03-10T21:56:35","slug":"eua-emitem-alerta-para-2-faccoes-organizadas-do-brasil","status":"publish","type":"post","link":"https:\/\/diariodocomercio.com.br\/mix\/eua-emitem-alerta-para-2-faccoes-organizadas-do-brasil\/","title":{"rendered":"EUA emitem alerta para 2 fac\u00e7\u00f5es organizadas do Brasil"},"content":{"rendered":"\n<p>O governo dos Estados Unidos afirmou nesta ter\u00e7a-feira (10) que considera as fac\u00e7\u00f5es brasileiras Primeiro Comando da Capital (PCC) e Comando Vermelho (CV) amea\u00e7as \u00e0 seguran\u00e7a regional. A administra\u00e7\u00e3o do presidente Donald Trump, no entanto, ainda n\u00e3o confirmou a inten\u00e7\u00e3o de classific\u00e1-las formalmente como organiza\u00e7\u00f5es terroristas internacionais.<\/p>\n\n\n\n<p>A discuss\u00e3o integra uma estrat\u00e9gia mais ampla do governo americano de combate ao narcotr\u00e1fico na Am\u00e9rica Latina e passou a ser acompanhada com aten\u00e7\u00e3o pelo governo brasileiro, que avalia poss\u00edveis impactos pol\u00edticos, diplom\u00e1ticos e econ\u00f4micos da medida.<\/p>\n\n\n\n<p>Segundo informa\u00e7\u00f5es da CNN, o presidente Luiz In\u00e1cio Lula da Silva (PT) orientou sua equipe a tratar o tema com cautela. A avalia\u00e7\u00e3o no Pal\u00e1cio do Planalto \u00e9 de que o assunto deve ser conduzido prioritariamente no campo diplom\u00e1tico, evitando reagir a poss\u00edveis \u201cbal\u00f5es de ensaio\u201d.<\/p>\n\n\n\n<p>Integrantes do governo brasileiro consideram que, at\u00e9 o momento, a proposta tem mais car\u00e1ter ret\u00f3rico dentro da pol\u00edtica externa de Trump do que indicativos concretos de implementa\u00e7\u00e3o.<\/p>\n\n\n\n<p>Mesmo assim, o tema passou a ser tratado como sens\u00edvel no Itamaraty e pode entrar na pauta de um encontro previsto entre Lula e Trump no pr\u00f3ximo m\u00eas, ainda sem data confirmada.<\/p>\n\n\n\n<h2 class=\"wp-block-heading\"><strong>Receio de amplia\u00e7\u00e3o de a\u00e7\u00f5es dos EUA<\/strong><\/h2>\n\n\n\n<p>Um dos principais pontos de preocupa\u00e7\u00e3o em Bras\u00edlia \u00e9 que a eventual classifica\u00e7\u00e3o das fac\u00e7\u00f5es como terroristas permita uma atua\u00e7\u00e3o mais ampla das autoridades americanas fora do territ\u00f3rio dos Estados Unidos.<\/p>\n\n\n\n<p>Pela legisla\u00e7\u00e3o americana, a designa\u00e7\u00e3o de organiza\u00e7\u00f5es terroristas possibilita a aplica\u00e7\u00e3o de san\u00e7\u00f5es econ\u00f4micas, amplia\u00e7\u00e3o de instrumentos de intelig\u00eancia e, em determinados casos, justificativas legais para opera\u00e7\u00f5es internacionais contra os grupos.<\/p>\n\n\n\n<p>Autoridades brasileiras lembram que decis\u00e3o semelhante foi adotada recentemente em rela\u00e7\u00e3o a cart\u00e9is ligados ao narcotr\u00e1fico na Venezuela. Na ocasi\u00e3o, a classifica\u00e7\u00e3o precedeu uma opera\u00e7\u00e3o militar dos Estados Unidos que resultou na captura do ex-presidente Nicol\u00e1s Maduro, acusado por Washington de envolvimento com o tr\u00e1fico internacional de drogas.<\/p>\n\n\n\n<h2 class=\"wp-block-heading\"><strong>Diferen\u00e7a na legisla\u00e7\u00e3o brasileira<\/strong><\/h2>\n\n\n\n<p>No Brasil, a legisla\u00e7\u00e3o define terrorismo como crimes motivados por raz\u00f5es ideol\u00f3gicas, pol\u00edticas, religiosas ou discriminat\u00f3rias. Fac\u00e7\u00f5es como PCC e CV s\u00e3o enquadradas principalmente como organiza\u00e7\u00f5es criminosas voltadas ao lucro por meio de atividades il\u00edcitas, como tr\u00e1fico de drogas, contrabando e lavagem de dinheiro.<\/p>\n\n\n\n<p>Especialistas avaliam que a eventual mudan\u00e7a de classifica\u00e7\u00e3o por parte dos Estados Unidos poderia ter efic\u00e1cia limitada no combate \u00e0s fac\u00e7\u00f5es e ainda gerar efeitos colaterais, inclusive no campo diplom\u00e1tico e no mercado financeiro.<\/p>\n\n\n\n<p>No \u00faltimo domingo (8), o ministro das Rela\u00e7\u00f5es Exteriores, Mauro Vieira, conversou por telefone com o secret\u00e1rio de Estado americano, Marco Rubio. Durante a liga\u00e7\u00e3o, o chanceler brasileiro buscou convencer Washington a n\u00e3o levar adiante a classifica\u00e7\u00e3o das fac\u00e7\u00f5es brasileiras como organiza\u00e7\u00f5es terroristas.<\/p>\n","protected":false},"excerpt":{"rendered":"<p>O governo dos Estados Unidos afirmou nesta ter\u00e7a-feira (10) que considera as fac\u00e7\u00f5es brasileiras Primeiro Comando da Capital (PCC) e Comando Vermelho (CV) amea\u00e7as \u00e0 seguran\u00e7a regional. A administra\u00e7\u00e3o do presidente Donald Trump, no entanto, ainda n\u00e3o confirmou a inten\u00e7\u00e3o de classific\u00e1-las formalmente como organiza\u00e7\u00f5es terroristas internacionais. A discuss\u00e3o integra uma estrat\u00e9gia mais ampla do [&hellip;]<\/p>\n","protected":false},"author":9,"featured_media":23046,"comment_status":"closed","ping_status":"closed","sticky":false,"template":"","format":"standard","meta":{"jnews-multi-image_gallery":[],"jnews_single_post":{"format":"standard"},"jnews_primary_category":[],"jnews_social_meta":[],"jnews_override_counter":[],"jnews_post_split":[],"footnotes":""},"categories":[1],"tags":[],"class_list":["post-38005","post","type-post","status-publish","format-standard","has-post-thumbnail","hentry","category-geral"],"_referencia":"","_links":{"self":[{"href":"https:\/\/diariodocomercio.com.br\/mix\/wp-json\/wp\/v2\/posts\/38005","targetHints":{"allow":["GET"]}}],"collection":[{"href":"https:\/\/diariodocomercio.com.br\/mix\/wp-json\/wp\/v2\/posts"}],"about":[{"href":"https:\/\/diariodocomercio.com.br\/mix\/wp-json\/wp\/v2\/types\/post"}],"author":[{"embeddable":true,"href":"https:\/\/diariodocomercio.com.br\/mix\/wp-json\/wp\/v2\/users\/9"}],"replies":[{"embeddable":true,"href":"https:\/\/diariodocomercio.com.br\/mix\/wp-json\/wp\/v2\/comments?post=38005"}],"version-history":[{"count":1,"href":"https:\/\/diariodocomercio.com.br\/mix\/wp-json\/wp\/v2\/posts\/38005\/revisions"}],"predecessor-version":[{"id":38009,"href":"https:\/\/diariodocomercio.com.br\/mix\/wp-json\/wp\/v2\/posts\/38005\/revisions\/38009"}],"wp:featuredmedia":[{"embeddable":true,"href":"https:\/\/diariodocomercio.com.br\/mix\/wp-json\/wp\/v2\/media\/23046"}],"wp:attachment":[{"href":"https:\/\/diariodocomercio.com.br\/mix\/wp-json\/wp\/v2\/media?parent=38005"}],"wp:term":[{"taxonomy":"category","embeddable":true,"href":"https:\/\/diariodocomercio.com.br\/mix\/wp-json\/wp\/v2\/categories?post=38005"},{"taxonomy":"post_tag","embeddable":true,"href":"https:\/\/diariodocomercio.com.br\/mix\/wp-json\/wp\/v2\/tags?post=38005"}],"curies":[{"name":"wp","href":"https:\/\/api.w.org\/{rel}","templated":true}]}}