{"id":38010,"date":"2026-03-15T21:34:00","date_gmt":"2026-03-16T00:34:00","guid":{"rendered":"https:\/\/diariodocomercio.com.br\/mix\/?p=38010"},"modified":"2026-03-10T19:55:32","modified_gmt":"2026-03-10T22:55:32","slug":"tempestade-solar-brutal-fez-a-terra-ser-atingida-por-radiacao-de-200-dias-em-apenas-64-horas","status":"publish","type":"post","link":"https:\/\/diariodocomercio.com.br\/mix\/tempestade-solar-brutal-fez-a-terra-ser-atingida-por-radiacao-de-200-dias-em-apenas-64-horas\/","title":{"rendered":"Tempestade solar brutal fez a Terra ser atingida por radia\u00e7\u00e3o de 200 dias em apenas 64 horas"},"content":{"rendered":"\n<p>A Terra foi atingida em maio de 2024 pela maior tempestade solar registrada em mais de 20 anos, fen\u00f4meno que exp\u00f4s o planeta a uma quantidade de radia\u00e7\u00e3o equivalente a cerca de 200 dias em apenas 64 horas. O evento colocou cientistas em alerta e provocou auroras intensas vis\u00edveis em latitudes incomuns, incluindo regi\u00f5es do M\u00e9xico.<\/p>\n\n\n\n<p>A atividade solar extrema tamb\u00e9m alcan\u00e7ou Marte e permitiu que miss\u00f5es da Ag\u00eancia Espacial Europeia (ESA) registrassem mudan\u00e7as significativas na atmosfera do planeta vermelho. Os resultados das observa\u00e7\u00f5es foram detalhados em um estudo revisado por pares publicado em 5 de mar\u00e7o de 2026 na revista cient\u00edfica <em>Nature Communications<\/em>.<\/p>\n\n\n\n<p>Durante a tempestade, as sondas <strong>Mars Express<\/strong> e <strong>ExoMars Trace Gas Orbiter (TGO)<\/strong> detectaram um aumento expressivo na quantidade de el\u00e9trons em duas camadas da atmosfera marciana. A cerca de 110 quil\u00f4metros de altitude, o crescimento foi de 45%. J\u00e1 a aproximadamente 130 quil\u00f4metros, o aumento chegou a 278%, o maior j\u00e1 registrado nessa regi\u00e3o do planeta.<\/p>\n\n\n\n<p>O aumento da radia\u00e7\u00e3o tamb\u00e9m afetou equipamentos em opera\u00e7\u00e3o no planeta. Orbitadores registraram falhas tempor\u00e1rias em computadores de bordo, fen\u00f4meno comum durante eventos intensos de clima espacial. De acordo com os pesquisadores, os sistemas foram projetados com prote\u00e7\u00e3o contra radia\u00e7\u00e3o e conseguiram se recuperar rapidamente.<\/p>\n\n\n\n<h2 class=\"wp-block-heading\"><strong>T\u00e9cnica in\u00e9dita permitiu observa\u00e7\u00e3o detalhada<\/strong><\/h2>\n\n\n\n<p>Os dados foram obtidos gra\u00e7as a um alinhamento raro entre as duas espa\u00e7onaves e ao uso de uma t\u00e9cnica chamada <strong>oculta\u00e7\u00e3o por r\u00e1dio<\/strong>, aplicada em Marte apenas nos \u00faltimos cinco anos.<\/p>\n\n\n\n<p>Nesse m\u00e9todo, a sonda <strong>Mars Express<\/strong> envia um sinal de r\u00e1dio para o orbitador <strong>TGO<\/strong> no momento em que ele desaparece atr\u00e1s do horizonte do planeta. Ao atravessar as camadas da atmosfera marciana, o sinal sofre refra\u00e7\u00e3o \u2014 ou seja, \u00e9 desviado \u2014 permitindo que cientistas analisem a composi\u00e7\u00e3o e a densidade de cada camada atmosf\u00e9rica.<\/p>\n\n\n\n<p>As medi\u00e7\u00f5es foram complementadas por dados da miss\u00e3o <strong>MAVEN<\/strong>, da NASA, que confirmou o aumento da densidade de el\u00e9trons durante a tempestade solar.<\/p>\n\n\n\n<h2 class=\"wp-block-heading\"><strong>Diferen\u00e7as entre Terra e Marte<\/strong><\/h2>\n\n\n\n<p>Embora a tempestade tenha atingido ambos os planetas, os efeitos foram distintos. Na Terra, o campo magn\u00e9tico funciona como um escudo natural que desvia grande parte das part\u00edculas solares. Parte dessa energia, por\u00e9m, \u00e9 canalizada para as regi\u00f5es polares, produzindo auroras intensas.<\/p>\n\n\n\n<p>J\u00e1 Marte possui um campo magn\u00e9tico muito mais fraco, o que torna sua atmosfera mais vulner\u00e1vel \u00e0s part\u00edculas energ\u00e9ticas vindas do Sol.<\/p>\n","protected":false},"excerpt":{"rendered":"<p>A Terra foi atingida em maio de 2024 pela maior tempestade solar registrada em mais de 20 anos, fen\u00f4meno que exp\u00f4s o planeta a uma quantidade de radia\u00e7\u00e3o equivalente a cerca de 200 dias em apenas 64 horas. O evento colocou cientistas em alerta e provocou auroras intensas vis\u00edveis em latitudes incomuns, incluindo regi\u00f5es do [&hellip;]<\/p>\n","protected":false},"author":9,"featured_media":20301,"comment_status":"closed","ping_status":"closed","sticky":false,"template":"","format":"standard","meta":{"jnews-multi-image_gallery":[],"jnews_single_post":{"format":"standard"},"jnews_primary_category":[],"jnews_social_meta":[],"jnews_override_counter":[],"jnews_post_split":[],"footnotes":""},"categories":[1],"tags":[],"class_list":["post-38010","post","type-post","status-publish","format-standard","has-post-thumbnail","hentry","category-geral"],"_referencia":"","_links":{"self":[{"href":"https:\/\/diariodocomercio.com.br\/mix\/wp-json\/wp\/v2\/posts\/38010","targetHints":{"allow":["GET"]}}],"collection":[{"href":"https:\/\/diariodocomercio.com.br\/mix\/wp-json\/wp\/v2\/posts"}],"about":[{"href":"https:\/\/diariodocomercio.com.br\/mix\/wp-json\/wp\/v2\/types\/post"}],"author":[{"embeddable":true,"href":"https:\/\/diariodocomercio.com.br\/mix\/wp-json\/wp\/v2\/users\/9"}],"replies":[{"embeddable":true,"href":"https:\/\/diariodocomercio.com.br\/mix\/wp-json\/wp\/v2\/comments?post=38010"}],"version-history":[{"count":1,"href":"https:\/\/diariodocomercio.com.br\/mix\/wp-json\/wp\/v2\/posts\/38010\/revisions"}],"predecessor-version":[{"id":38014,"href":"https:\/\/diariodocomercio.com.br\/mix\/wp-json\/wp\/v2\/posts\/38010\/revisions\/38014"}],"wp:featuredmedia":[{"embeddable":true,"href":"https:\/\/diariodocomercio.com.br\/mix\/wp-json\/wp\/v2\/media\/20301"}],"wp:attachment":[{"href":"https:\/\/diariodocomercio.com.br\/mix\/wp-json\/wp\/v2\/media?parent=38010"}],"wp:term":[{"taxonomy":"category","embeddable":true,"href":"https:\/\/diariodocomercio.com.br\/mix\/wp-json\/wp\/v2\/categories?post=38010"},{"taxonomy":"post_tag","embeddable":true,"href":"https:\/\/diariodocomercio.com.br\/mix\/wp-json\/wp\/v2\/tags?post=38010"}],"curies":[{"name":"wp","href":"https:\/\/api.w.org\/{rel}","templated":true}]}}