{"id":38032,"date":"2026-03-14T09:48:44","date_gmt":"2026-03-14T12:48:44","guid":{"rendered":"https:\/\/diariodocomercio.com.br\/mix\/?p=38032"},"modified":"2026-03-11T10:30:08","modified_gmt":"2026-03-11T13:30:08","slug":"cientistas-descobrem-algo-inacreditavel-sobre-a-origem-da-humanidade","status":"publish","type":"post","link":"https:\/\/diariodocomercio.com.br\/mix\/cientistas-descobrem-algo-inacreditavel-sobre-a-origem-da-humanidade\/","title":{"rendered":"Cientistas descobrem algo inacredit\u00e1vel sobre a origem da humanidade"},"content":{"rendered":"\n<p>Uma descoberta arqueol\u00f3gica pode mudar a compreens\u00e3o cient\u00edfica sobre a origem da humanidade. Pesquisadores identificaram um f\u00eamur de aproximadamente <strong>7,2 milh\u00f5es de anos<\/strong>, encontrado no sul da Bulg\u00e1ria, que apresenta caracter\u00edsticas associadas ao <strong>bipedalismo<\/strong>, habilidade considerada um marco fundamental da evolu\u00e7\u00e3o humana.<\/p>\n\n\n\n<p>O f\u00f3ssil foi analisado por uma equipe internacional de cientistas e os resultados foram publicados em <strong>4 de mar\u00e7o de 2026<\/strong> na revista cient\u00edfica <em>Palaeobiodiversity and Palaeoenvironments<\/em>. Os pesquisadores sugerem que o osso pertence ao <strong>Graecopithecus<\/strong>, um antigo primata que pode representar um dos mais antigos ancestrais da linhagem humana.<\/p>\n\n\n\n<p>At\u00e9 hoje, o <strong>Graecopithecus<\/strong> era conhecido por apenas dois fragmentos f\u00f3sseis: uma mand\u00edbula parcial descoberta em 1944 perto de Atenas, na Gr\u00e9cia, e um dente isolado encontrado na Bulg\u00e1ria na d\u00e9cada de 2010.<\/p>\n\n\n\n<p>O achado, um f\u00eamur quase completo descoberto em 2016 no s\u00edtio arqueol\u00f3gico de <strong>Azmaka<\/strong>, na regi\u00e3o de Chirpan, permitiu an\u00e1lises mais detalhadas sobre a forma de locomo\u00e7\u00e3o desse antigo primata.<\/p>\n\n\n\n<figure class=\"wp-block-image size-large\"><img decoding=\"async\" width=\"1200\" height=\"614\" src=\"https:\/\/diariodocomercio.com.br\/mix\/wp-content\/uploads\/2026\/03\/image-82-1200x614.png\" alt=\"\" class=\"wp-image-38036\" srcset=\"https:\/\/diariodocomercio.com.br\/mix\/wp-content\/uploads\/2026\/03\/image-82-1200x614.png 1200w, https:\/\/diariodocomercio.com.br\/mix\/wp-content\/uploads\/2026\/03\/image-82-300x154.png 300w, https:\/\/diariodocomercio.com.br\/mix\/wp-content\/uploads\/2026\/03\/image-82-768x393.png 768w, https:\/\/diariodocomercio.com.br\/mix\/wp-content\/uploads\/2026\/03\/image-82-150x77.png 150w, https:\/\/diariodocomercio.com.br\/mix\/wp-content\/uploads\/2026\/03\/image-82-750x384.png 750w, https:\/\/diariodocomercio.com.br\/mix\/wp-content\/uploads\/2026\/03\/image-82-1140x584.png 1140w, https:\/\/diariodocomercio.com.br\/mix\/wp-content\/uploads\/2026\/03\/image-82.png 1350w\" sizes=\"(max-width: 1200px) 100vw, 1200px\" \/><figcaption class=\"wp-element-caption\">(Reprodu\u00e7\u00e3o\/Spassov et al. 2026)<\/figcaption><\/figure>\n\n\n\n<p>Segundo o paleoantrop\u00f3logo <strong>David Begun<\/strong>, da Universidade de Toronto e coautor do estudo, o f\u00f3ssil pode representar um dos primeiros membros da linhagem humana j\u00e1 identificados.<\/p>\n\n\n\n<p>\u201cCom cerca de 7,2 milh\u00f5es de anos, esse ancestral que classificamos como pertencente ao g\u00eanero <em>Graecopithecus<\/em> pode ser o humano mais antigo conhecido\u201d, afirmou o pesquisador.<\/p>\n\n\n\n<h2 class=\"wp-block-heading\"><strong>Ind\u00edcios de bipedalismo<\/strong><\/h2>\n\n\n\n<p>A an\u00e1lise do osso revelou uma combina\u00e7\u00e3o incomum de caracter\u00edsticas. A cabe\u00e7a do f\u00eamur tem formato esf\u00e9rico e bem definido, estrutura t\u00edpica dos <strong>hominoides<\/strong> \u2014 grupo que inclui humanos e grandes primatas.<\/p>\n\n\n\n<p>Ao mesmo tempo, o osso apresenta tra\u00e7os que sugerem uma transi\u00e7\u00e3o evolutiva entre locomo\u00e7\u00e3o quadr\u00fapede e b\u00edpede. O \u00e2ngulo entre o colo e o eixo do f\u00eamur se aproxima do observado em humanos modernos e em alguns dos primeiros homin\u00eddeos conhecidos, embora ainda n\u00e3o apresente todas as adapta\u00e7\u00f5es t\u00edpicas de quem anda totalmente ereto.<\/p>\n\n\n\n<p>Para os pesquisadores, essa mistura de caracter\u00edsticas pode representar um est\u00e1gio intermedi\u00e1rio da evolu\u00e7\u00e3o humana \u2014 uma poss\u00edvel <strong>\u201cliga\u00e7\u00e3o perdida\u201d<\/strong> entre primatas que viviam em \u00e1rvores e os primeiros ancestrais adaptados \u00e0 vida no solo.<\/p>\n\n\n\n<h2 class=\"wp-block-heading\"><strong>Hip\u00f3tese desafia teoria tradicional<\/strong><\/h2>\n\n\n\n<p>Durante d\u00e9cadas, a maioria dos cientistas considerou que os primeiros ancestrais humanos surgiram exclusivamente <strong>na \u00c1frica<\/strong>, onde o bipedalismo teria evolu\u00eddo entre 6 e 7 milh\u00f5es de anos atr\u00e1s.<\/p>\n\n\n\n<p>A descoberta do f\u00eamur na Bulg\u00e1ria, por\u00e9m, levanta a hip\u00f3tese de que alguns desses processos evolutivos possam ter ocorrido inicialmente <strong>na regi\u00e3o dos B\u00e1lc\u00e3s<\/strong>, antes de popula\u00e7\u00f5es desses primatas migrarem para o continente africano.<\/p>\n\n\n\n<p>Os autores do estudo sugerem que o <em>Graecopithecus<\/em> descende de primatas que viveram na Europa e na Anat\u00f3lia durante o Mioceno tardio. Mudan\u00e7as clim\u00e1ticas e a forma\u00e7\u00e3o de ambientes mais secos podem ter provocado migra\u00e7\u00f5es em dire\u00e7\u00e3o \u00e0 \u00c1frica entre <strong>8 e 6 milh\u00f5es de anos atr\u00e1s<\/strong>, movimento que tamb\u00e9m teria influenciado a evolu\u00e7\u00e3o de esp\u00e9cies que deram origem a chimpanz\u00e9s, gorilas e humanos.<\/p>\n","protected":false},"excerpt":{"rendered":"<p>Uma descoberta arqueol\u00f3gica pode mudar a compreens\u00e3o cient\u00edfica sobre a origem da humanidade. Pesquisadores identificaram um f\u00eamur de aproximadamente 7,2 milh\u00f5es de anos, encontrado no sul da Bulg\u00e1ria, que apresenta caracter\u00edsticas associadas ao bipedalismo, habilidade considerada um marco fundamental da evolu\u00e7\u00e3o humana. O f\u00f3ssil foi analisado por uma equipe internacional de cientistas e os resultados [&hellip;]<\/p>\n","protected":false},"author":9,"featured_media":38035,"comment_status":"closed","ping_status":"closed","sticky":false,"template":"","format":"standard","meta":{"jnews-multi-image_gallery":[],"jnews_single_post":{"format":"standard"},"jnews_primary_category":[],"jnews_social_meta":[],"jnews_override_counter":[],"jnews_post_split":[],"footnotes":""},"categories":[1],"tags":[],"class_list":["post-38032","post","type-post","status-publish","format-standard","has-post-thumbnail","hentry","category-geral"],"_referencia":"","_links":{"self":[{"href":"https:\/\/diariodocomercio.com.br\/mix\/wp-json\/wp\/v2\/posts\/38032","targetHints":{"allow":["GET"]}}],"collection":[{"href":"https:\/\/diariodocomercio.com.br\/mix\/wp-json\/wp\/v2\/posts"}],"about":[{"href":"https:\/\/diariodocomercio.com.br\/mix\/wp-json\/wp\/v2\/types\/post"}],"author":[{"embeddable":true,"href":"https:\/\/diariodocomercio.com.br\/mix\/wp-json\/wp\/v2\/users\/9"}],"replies":[{"embeddable":true,"href":"https:\/\/diariodocomercio.com.br\/mix\/wp-json\/wp\/v2\/comments?post=38032"}],"version-history":[{"count":1,"href":"https:\/\/diariodocomercio.com.br\/mix\/wp-json\/wp\/v2\/posts\/38032\/revisions"}],"predecessor-version":[{"id":38038,"href":"https:\/\/diariodocomercio.com.br\/mix\/wp-json\/wp\/v2\/posts\/38032\/revisions\/38038"}],"wp:featuredmedia":[{"embeddable":true,"href":"https:\/\/diariodocomercio.com.br\/mix\/wp-json\/wp\/v2\/media\/38035"}],"wp:attachment":[{"href":"https:\/\/diariodocomercio.com.br\/mix\/wp-json\/wp\/v2\/media?parent=38032"}],"wp:term":[{"taxonomy":"category","embeddable":true,"href":"https:\/\/diariodocomercio.com.br\/mix\/wp-json\/wp\/v2\/categories?post=38032"},{"taxonomy":"post_tag","embeddable":true,"href":"https:\/\/diariodocomercio.com.br\/mix\/wp-json\/wp\/v2\/tags?post=38032"}],"curies":[{"name":"wp","href":"https:\/\/api.w.org\/{rel}","templated":true}]}}