{"id":38040,"date":"2026-03-11T10:58:10","date_gmt":"2026-03-11T13:58:10","guid":{"rendered":"https:\/\/diariodocomercio.com.br\/mix\/?p=38040"},"modified":"2026-03-11T10:58:12","modified_gmt":"2026-03-11T13:58:12","slug":"apos-ser-condenado-a-13-anos-de-prisao-brasileiro-foge-para-a-argentina-e-consegue-liberdade","status":"publish","type":"post","link":"https:\/\/diariodocomercio.com.br\/mix\/apos-ser-condenado-a-13-anos-de-prisao-brasileiro-foge-para-a-argentina-e-consegue-liberdade\/","title":{"rendered":"Ap\u00f3s ser condenado a 13 anos de pris\u00e3o, brasileiro foge para a Argentina e consegue liberdade"},"content":{"rendered":"\n<p>Um brasileiro condenado a 13 anos de pris\u00e3o pelos atos golpistas de 8 de janeiro de 2023 conseguiu obter status de refugiado pol\u00edtico na Argentina, decis\u00e3o que pode impedir sua extradi\u00e7\u00e3o ao Brasil. A concess\u00e3o foi feita pela Comiss\u00e3o Nacional para Refugiados (Conare), \u00f3rg\u00e3o ligado ao Minist\u00e9rio da Seguran\u00e7a argentino respons\u00e1vel por analisar pedidos de prote\u00e7\u00e3o internacional.<\/p>\n\n\n\n<p>A informa\u00e7\u00e3o foi divulgada pela Associa\u00e7\u00e3o de Familiares e V\u00edtimas do 8 de Janeiro (Asfav). O homem integra o primeiro grupo de foragidos do Brasil a receber esse tipo de reconhecimento no pa\u00eds vizinho.<\/p>\n\n\n\n<p>A decis\u00e3o da Conare foi tomada no <strong>dia 4 de mar\u00e7o<\/strong>. Segundo documento obtido pelo jornal argentino <em>Infobae<\/em>, o \u00f3rg\u00e3o decidiu conceder o ref\u00fagio com base no chamado <strong>\u201cbenef\u00edcio da d\u00favida\u201d<\/strong>.<\/p>\n\n\n\n<p>No relat\u00f3rio t\u00e9cnico, a comiss\u00e3o afirmou que <strong>milh\u00f5es de apoiadores do ex-presidente Jair Bolsonaro acreditavam ter ocorrido fraude eleitoral<\/strong> no Brasil e apontou que o Estado brasileiro teria atuado como <strong>\u201cagente perseguidor\u201d<\/strong>.<\/p>\n\n\n\n<p>Apesar da decis\u00e3o, o processo ainda n\u00e3o est\u00e1 totalmente encerrado. O reconhecimento definitivo do status de refugiado depende de avalia\u00e7\u00e3o do <strong>governo do presidente Javier Milei<\/strong>, que poder\u00e1 formalizar a prote\u00e7\u00e3o e impedir a retirada do brasileiro do territ\u00f3rio argentino.<\/p>\n\n\n\n<h2 class=\"wp-block-heading\"><strong>Pedido de extradi\u00e7\u00e3o havia sido aceito<\/strong><\/h2>\n\n\n\n<p>Em dezembro do ano passado, a Justi\u00e7a argentina havia aceitado um <strong>pedido de extradi\u00e7\u00e3o apresentado pelo governo brasileiro<\/strong> contra o condenado e outros quatro foragidos pelos atos de 8 de janeiro.<\/p>\n\n\n\n<p>Inicialmente, o grupo permaneceu em <strong>pris\u00e3o preventiva<\/strong> enquanto o processo era analisado pela Suprema Corte da Argentina. Posteriormente, a defesa conseguiu converter a medida em <strong>pris\u00e3o domiciliar<\/strong> at\u00e9 a conclus\u00e3o do caso.<\/p>\n\n\n\n<p>A extradi\u00e7\u00e3o foi solicitada pelo Minist\u00e9rio da Justi\u00e7a brasileiro a partir de determina\u00e7\u00e3o do ministro <strong>Alexandre de Moraes<\/strong>, relator das a\u00e7\u00f5es penais no Supremo Tribunal Federal (STF). As senten\u00e7as aplicadas aos envolvidos nos ataques \u00e0s sedes dos Tr\u00eas Poderes variam entre <strong>13 e 17 anos de pris\u00e3o<\/strong>.<\/p>\n\n\n\n<h2 class=\"wp-block-heading\"><strong>Argentina passou a receber pedidos de ref\u00fagio<\/strong><\/h2>\n\n\n\n<p>Nos \u00faltimos anos, parte dos investigados ou condenados pelos atos de 8 de janeiro passou a buscar <strong>ref\u00fagio pol\u00edtico na Argentina<\/strong>. Nos pedidos apresentados \u00e0s autoridades do pa\u00eds, os brasileiros afirmam ser alvo de <strong>persegui\u00e7\u00e3o pol\u00edtica<\/strong> no Brasil.<\/p>\n\n\n\n<p>A an\u00e1lise desses casos costuma ser demorada e depende da avalia\u00e7\u00e3o da Conare, comiss\u00e3o formada por representantes de diferentes minist\u00e9rios do governo argentino.<\/p>\n\n\n\n<p>O pa\u00eds passou a atrair esses pedidos ap\u00f3s a posse do presidente <strong>Javier Milei<\/strong>, em 2023, que mant\u00e9m alinhamento pol\u00edtico com o ex-presidente Jair Bolsonaro.<\/p>\n\n\n\n<p>Pelas regras da legisla\u00e7\u00e3o argentina, o <strong>status de refugiado<\/strong> \u00e9 concedido a pessoas que est\u00e3o fora de seu pa\u00eds de origem por temer persegui\u00e7\u00e3o por motivos de <strong>ra\u00e7a, religi\u00e3o, nacionalidade, pertencimento a determinado grupo social ou opini\u00f5es pol\u00edticas<\/strong>.<\/p>\n","protected":false},"excerpt":{"rendered":"<p>Um brasileiro condenado a 13 anos de pris\u00e3o pelos atos golpistas de 8 de janeiro de 2023 conseguiu obter status de refugiado pol\u00edtico na Argentina, decis\u00e3o que pode impedir sua extradi\u00e7\u00e3o ao Brasil. A concess\u00e3o foi feita pela Comiss\u00e3o Nacional para Refugiados (Conare), \u00f3rg\u00e3o ligado ao Minist\u00e9rio da Seguran\u00e7a argentino respons\u00e1vel por analisar pedidos de [&hellip;]<\/p>\n","protected":false},"author":9,"featured_media":36555,"comment_status":"closed","ping_status":"closed","sticky":false,"template":"","format":"standard","meta":{"jnews-multi-image_gallery":[],"jnews_single_post":{"format":"standard"},"jnews_primary_category":[],"jnews_social_meta":[],"jnews_override_counter":[],"jnews_post_split":[],"footnotes":""},"categories":[1],"tags":[],"class_list":["post-38040","post","type-post","status-publish","format-standard","has-post-thumbnail","hentry","category-geral"],"_referencia":"","_links":{"self":[{"href":"https:\/\/diariodocomercio.com.br\/mix\/wp-json\/wp\/v2\/posts\/38040","targetHints":{"allow":["GET"]}}],"collection":[{"href":"https:\/\/diariodocomercio.com.br\/mix\/wp-json\/wp\/v2\/posts"}],"about":[{"href":"https:\/\/diariodocomercio.com.br\/mix\/wp-json\/wp\/v2\/types\/post"}],"author":[{"embeddable":true,"href":"https:\/\/diariodocomercio.com.br\/mix\/wp-json\/wp\/v2\/users\/9"}],"replies":[{"embeddable":true,"href":"https:\/\/diariodocomercio.com.br\/mix\/wp-json\/wp\/v2\/comments?post=38040"}],"version-history":[{"count":1,"href":"https:\/\/diariodocomercio.com.br\/mix\/wp-json\/wp\/v2\/posts\/38040\/revisions"}],"predecessor-version":[{"id":38045,"href":"https:\/\/diariodocomercio.com.br\/mix\/wp-json\/wp\/v2\/posts\/38040\/revisions\/38045"}],"wp:featuredmedia":[{"embeddable":true,"href":"https:\/\/diariodocomercio.com.br\/mix\/wp-json\/wp\/v2\/media\/36555"}],"wp:attachment":[{"href":"https:\/\/diariodocomercio.com.br\/mix\/wp-json\/wp\/v2\/media?parent=38040"}],"wp:term":[{"taxonomy":"category","embeddable":true,"href":"https:\/\/diariodocomercio.com.br\/mix\/wp-json\/wp\/v2\/categories?post=38040"},{"taxonomy":"post_tag","embeddable":true,"href":"https:\/\/diariodocomercio.com.br\/mix\/wp-json\/wp\/v2\/tags?post=38040"}],"curies":[{"name":"wp","href":"https:\/\/api.w.org\/{rel}","templated":true}]}}