{"id":38046,"date":"2026-03-11T11:33:51","date_gmt":"2026-03-11T14:33:51","guid":{"rendered":"https:\/\/diariodocomercio.com.br\/mix\/?p=38046"},"modified":"2026-03-11T11:33:53","modified_gmt":"2026-03-11T14:33:53","slug":"apresentador-lendario-da-globo-e-internado-as-pressas-com-quadro-de-pneumonia","status":"publish","type":"post","link":"https:\/\/diariodocomercio.com.br\/mix\/apresentador-lendario-da-globo-e-internado-as-pressas-com-quadro-de-pneumonia\/","title":{"rendered":"Apresentador lend\u00e1rio da Globo \u00e9 internado \u00e0s pressas com quadro de pneumonia"},"content":{"rendered":"\n<p>O apresentador e humorista <strong>Carlos Alberto de N\u00f3brega<\/strong>, de 89 anos, foi internado em um hospital em S\u00e3o Paulo ap\u00f3s apresentar altera\u00e7\u00f5es na press\u00e3o arterial. Durante exames m\u00e9dicos, os profissionais identificaram um <strong>quadro de pneumonia leve<\/strong>, o que levou \u00e0 perman\u00eancia do artista na unidade de terapia semi-intensiva para acompanhamento.<\/p>\n\n\n\n<p>A informa\u00e7\u00e3o foi confirmada pelo pr\u00f3prio apresentador nesta ter\u00e7a-feira (10), por meio de um v\u00eddeo publicado nas redes sociais. Nas imagens, ele aparece no quarto do hospital ao lado da esposa, a m\u00e9dica <strong>Renata de N\u00f3brega<\/strong>, e tranquiliza os f\u00e3s sobre seu estado de sa\u00fade.<\/p>\n\n\n\n<p>\u201cEu vim tratar de uma coisa e descobri outra: estou com uma pneumonia pequena. Certamente vou ficar aqui mais um dia ou dois. Gra\u00e7as a Deus estou bem. A press\u00e3o j\u00e1 est\u00e1 baixa, mas agora a preocupa\u00e7\u00e3o \u00e9 a pneumonia, por conta da minha idade\u201d, afirmou.<\/p>\n\n\n\n<blockquote class=\"instagram-media\" data-instgrm-captioned data-instgrm-permalink=\"https:\/\/www.instagram.com\/reel\/DVtKGPcDjdO\/?utm_source=ig_embed&amp;utm_campaign=loading\" data-instgrm-version=\"14\" style=\"background:#FFF;border:0;border-radius:3px;margin: 1px;max-width:540px;min-width:326px;padding:0;width:99.375%;width:-webkit-calc(100% - 2px);width:calc(100% - 2px)\"><div style=\"padding:16px\"> <a href=\"https:\/\/www.instagram.com\/reel\/DVtKGPcDjdO\/?utm_source=ig_embed&amp;utm_campaign=loading\" style=\"background:#FFFFFF;line-height:0;padding:0 0;text-align:center;text-decoration:none;width:100%\" target=\"_blank\" rel=\"noopener\"> <div style=\"flex-direction: row;align-items: center\"> <div style=\"background-color: #F4F4F4;border-radius: 50%;flex-grow: 0;height: 40px;margin-right: 14px;width: 40px\"><\/div> <div style=\"flex-direction: column;flex-grow: 1;justify-content: center\"> <div style=\"background-color: #F4F4F4;border-radius: 4px;flex-grow: 0;height: 14px;margin-bottom: 6px;width: 100px\"><\/div> <div style=\"background-color: #F4F4F4;border-radius: 4px;flex-grow: 0;height: 14px;width: 60px\"><\/div><\/div><\/div><div style=\"padding: 19% 0\"><\/div> <div style=\"height:50px;margin:0 auto 12px;width:50px\"><\/div><div style=\"padding-top: 8px\"> <div style=\"color:#3897f0;font-family:Arial,sans-serif;font-size:14px;font-style:normal;font-weight:550;line-height:18px\">Ver essa foto no Instagram<\/div><\/div><div style=\"padding: 12.5% 0\"><\/div> <div style=\"flex-direction: row;margin-bottom: 14px;align-items: center\"><div> <div style=\"background-color: #F4F4F4;border-radius: 50%;height: 12.5px;width: 12.5px\"><\/div> <div style=\"background-color: #F4F4F4;height: 12.5px;width: 12.5px;flex-grow: 0;margin-right: 14px;margin-left: 2px\"><\/div> <div style=\"background-color: #F4F4F4;border-radius: 50%;height: 12.5px;width: 12.5px\"><\/div><\/div><div style=\"margin-left: 8px\"> <div style=\"background-color: #F4F4F4;border-radius: 50%;flex-grow: 0;height: 20px;width: 20px\"><\/div> <div style=\"width: 0;height: 0;border-top: 2px solid transparent;border-left: 6px solid #f4f4f4;border-bottom: 2px solid transparent\"><\/div><\/div><div style=\"margin-left: auto\"> <div style=\"width: 0px;border-top: 8px solid #F4F4F4;border-right: 8px solid transparent\"><\/div> <div style=\"background-color: #F4F4F4;flex-grow: 0;height: 12px;width: 16px\"><\/div> <div style=\"width: 0;height: 0;border-top: 8px solid #F4F4F4;border-left: 8px solid transparent\"><\/div><\/div><\/div> <div style=\"flex-direction: column;flex-grow: 1;justify-content: center;margin-bottom: 24px\"> <div style=\"background-color: #F4F4F4;border-radius: 4px;flex-grow: 0;height: 14px;margin-bottom: 6px;width: 224px\"><\/div> <div style=\"background-color: #F4F4F4;border-radius: 4px;flex-grow: 0;height: 14px;width: 144px\"><\/div><\/div><\/a><p style=\"color:#c9c8cd;font-family:Arial,sans-serif;font-size:14px;line-height:17px;margin-bottom:0;margin-top:8px;overflow:hidden;padding:8px 0 7px;text-align:center;white-space:nowrap\"><a href=\"https:\/\/www.instagram.com\/reel\/DVtKGPcDjdO\/?utm_source=ig_embed&amp;utm_campaign=loading\" style=\"color:#c9c8cd;font-family:Arial,sans-serif;font-size:14px;font-style:normal;font-weight:normal;line-height:17px;text-decoration:none\" target=\"_blank\" rel=\"noopener\">Um post compartilhado por Carlos Alberto Nobrega (@calbertonobrega)<\/a><\/p><\/div><\/blockquote>\n<script async src=\"\/\/www.instagram.com\/embed.js\"><\/script>\n\n\n\n<h2 class=\"wp-block-heading\"><strong>Interna\u00e7\u00e3o ocorreu ap\u00f3s mal-estar<\/strong><\/h2>\n\n\n\n<p>Carlos Alberto deu entrada na unidade hospitalar no \u00faltimo domingo (8), ap\u00f3s apresentar <strong>oscila\u00e7\u00f5es na press\u00e3o arterial<\/strong>. O mal-estar ocorreu depois de uma sequ\u00eancia de compromissos profissionais no SBT, incluindo grava\u00e7\u00f5es especiais do programa <strong>A Pra\u00e7a \u00e9 Nossa<\/strong>.<\/p>\n\n\n\n<p>Diante do quadro, familiares e equipe optaram pela realiza\u00e7\u00e3o de um <strong>check-up m\u00e9dico detalhado<\/strong>, quando os exames apontaram a presen\u00e7a da pneumonia.<\/p>\n\n\n\n<p>Em nota, o <strong>SBT<\/strong> informou que o apresentador permanece internado para observa\u00e7\u00e3o e que seu estado de sa\u00fade \u00e9 <strong>est\u00e1vel<\/strong>.<\/p>\n\n\n\n<h2 class=\"wp-block-heading\"><strong>Trajet\u00f3ria hist\u00f3rica na televis\u00e3o<\/strong><\/h2>\n\n\n\n<p>Um dos nomes mais longevos da televis\u00e3o brasileira, Carlos Alberto de N\u00f3brega est\u00e1 prestes a completar <strong>90 anos no pr\u00f3ximo dia 12 de mar\u00e7o de 2026<\/strong>. Ele \u00e9 o principal respons\u00e1vel pela longevidade de <strong>A Pra\u00e7a \u00e9 Nossa<\/strong>, programa humor\u00edstico que se mant\u00e9m no ar h\u00e1 d\u00e9cadas e \u00e9 considerado um dos formatos mais tradicionais do humor na TV aberta.<\/p>\n\n\n\n<p>Ao longo da carreira, o humorista tamb\u00e9m atuou como roteirista e participou de diversos projetos hist\u00f3ricos da televis\u00e3o brasileira, incluindo trabalhos com o grupo <strong>Os Trapalh\u00f5es<\/strong> nas d\u00e9cadas de 1970 e 1980.<\/p>\n\n\n\n<p>Em entrevistas recentes, Carlos Alberto afirmou que pretende continuar trabalhando enquanto mantiver a sa\u00fade. \u201c\u00c9 chegar aos 90 como quem faz 60 anos. Que nunca me falte sa\u00fade\u201d, disse.<\/p>\n","protected":false},"excerpt":{"rendered":"<p>O apresentador e humorista Carlos Alberto de N\u00f3brega, de 89 anos, foi internado em um hospital em S\u00e3o Paulo ap\u00f3s apresentar altera\u00e7\u00f5es na press\u00e3o arterial. Durante exames m\u00e9dicos, os profissionais identificaram um quadro de pneumonia leve, o que levou \u00e0 perman\u00eancia do artista na unidade de terapia semi-intensiva para acompanhamento. A informa\u00e7\u00e3o foi confirmada pelo [&hellip;]<\/p>\n","protected":false},"author":9,"featured_media":9578,"comment_status":"closed","ping_status":"closed","sticky":false,"template":"","format":"standard","meta":{"jnews-multi-image_gallery":[],"jnews_single_post":{"format":"standard"},"jnews_primary_category":[],"jnews_social_meta":[],"jnews_override_counter":[],"jnews_post_split":[],"footnotes":""},"categories":[1],"tags":[],"class_list":["post-38046","post","type-post","status-publish","format-standard","has-post-thumbnail","hentry","category-geral"],"_referencia":"","_links":{"self":[{"href":"https:\/\/diariodocomercio.com.br\/mix\/wp-json\/wp\/v2\/posts\/38046","targetHints":{"allow":["GET"]}}],"collection":[{"href":"https:\/\/diariodocomercio.com.br\/mix\/wp-json\/wp\/v2\/posts"}],"about":[{"href":"https:\/\/diariodocomercio.com.br\/mix\/wp-json\/wp\/v2\/types\/post"}],"author":[{"embeddable":true,"href":"https:\/\/diariodocomercio.com.br\/mix\/wp-json\/wp\/v2\/users\/9"}],"replies":[{"embeddable":true,"href":"https:\/\/diariodocomercio.com.br\/mix\/wp-json\/wp\/v2\/comments?post=38046"}],"version-history":[{"count":1,"href":"https:\/\/diariodocomercio.com.br\/mix\/wp-json\/wp\/v2\/posts\/38046\/revisions"}],"predecessor-version":[{"id":38047,"href":"https:\/\/diariodocomercio.com.br\/mix\/wp-json\/wp\/v2\/posts\/38046\/revisions\/38047"}],"wp:featuredmedia":[{"embeddable":true,"href":"https:\/\/diariodocomercio.com.br\/mix\/wp-json\/wp\/v2\/media\/9578"}],"wp:attachment":[{"href":"https:\/\/diariodocomercio.com.br\/mix\/wp-json\/wp\/v2\/media?parent=38046"}],"wp:term":[{"taxonomy":"category","embeddable":true,"href":"https:\/\/diariodocomercio.com.br\/mix\/wp-json\/wp\/v2\/categories?post=38046"},{"taxonomy":"post_tag","embeddable":true,"href":"https:\/\/diariodocomercio.com.br\/mix\/wp-json\/wp\/v2\/tags?post=38046"}],"curies":[{"name":"wp","href":"https:\/\/api.w.org\/{rel}","templated":true}]}}