{"id":38050,"date":"2026-03-11T12:33:24","date_gmt":"2026-03-11T15:33:24","guid":{"rendered":"https:\/\/diariodocomercio.com.br\/mix\/?p=38050"},"modified":"2026-03-11T15:10:53","modified_gmt":"2026-03-11T18:10:53","slug":"meteorologistas-alertam-moradores-de-sp-mg-go-ms-e-am-para-o-que-vira-ate-o-dia-16-03","status":"publish","type":"post","link":"https:\/\/diariodocomercio.com.br\/mix\/meteorologistas-alertam-moradores-de-sp-mg-go-ms-e-am-para-o-que-vira-ate-o-dia-16-03\/","title":{"rendered":"Meteorologistas alertam moradores de SP, MG, GO, MS e AM para o que vir\u00e1 at\u00e9 o dia 16\/03"},"content":{"rendered":"\n<p>O Instituto Nacional de Meteorologia (Inmet) emitiu alertas de <strong>perigo para chuvas intensas em v\u00e1rias regi\u00f5es do Brasil<\/strong>, com destaque para \u00e1reas dos estados de <strong>S\u00e3o Paulo, Minas Gerais, Goi\u00e1s, Mato Grosso do Sul e Amazonas<\/strong>. A previs\u00e3o indica que os maiores acumulados devem ocorrer at\u00e9 <strong>segunda-feira (16)<\/strong>, elevando o risco de alagamentos, enxurradas e deslizamentos.<\/p>\n\n\n\n<p>Segundo o \u00f3rg\u00e3o, as regi\u00f5es com maior volume de precipita\u00e7\u00e3o devem ser <strong>o norte do estado de S\u00e3o Paulo, o Tri\u00e2ngulo Mineiro, o sul de Goi\u00e1s e \u00e1reas do norte de Mato Grosso do Sul e da Amaz\u00f4nia Legal<\/strong>.<\/p>\n\n\n\n<p>Para esta quarta-feira (11), o Inmet emitiu <strong>alerta de grande perigo para acumulado de chuva<\/strong> no norte paulista, no sul de Minas Gerais, no Tri\u00e2ngulo Mineiro e na regi\u00e3o central de Mato Grosso do Sul.<\/p>\n\n\n\n<p>De acordo com o instituto, as chuvas podem <strong>ultrapassar 60 mil\u00edmetros por hora ou atingir mais de 100 mil\u00edmetros por dia<\/strong>, \u00edndices considerados elevados e capazes de provocar transtornos em \u00e1reas urbanas e regi\u00f5es com relevo acidentado.<\/p>\n\n\n\n<p>A previs\u00e3o indica ainda que a semana ser\u00e1 marcada por <strong>chuvas persistentes<\/strong>, com acumulados que podem <strong>superar 200 mil\u00edmetros<\/strong> em partes do norte de S\u00e3o Paulo e do Tri\u00e2ngulo Mineiro.<\/p>\n\n\n\n<h2 class=\"wp-block-heading\"><strong>Temporais j\u00e1 provocaram mortes<\/strong><\/h2>\n\n\n\n<p>Os temporais recentes j\u00e1 provocaram v\u00edtimas. No \u00faltimo fim de semana, <strong>duas pessoas morreram no estado de S\u00e3o Paulo<\/strong> ap\u00f3s enxurradas registradas nos munic\u00edpios de <strong>S\u00e3o Bernardo do Campo e Sorocaba<\/strong>, segundo a Defesa Civil estadual.<\/p>\n\n\n\n<p>Na semana passada, as fortes chuvas que atingem o Sudeste desde o fim de fevereiro levaram o <strong>Minist\u00e9rio da Integra\u00e7\u00e3o e do Desenvolvimento Regional<\/strong> a reconhecer <strong>situa\u00e7\u00e3o de emerg\u00eancia em 16 cidades<\/strong> dos estados de Minas Gerais, Rio de Janeiro e S\u00e3o Paulo.<\/p>\n\n\n\n<p>A maior parte dos munic\u00edpios afetados est\u00e1 em <strong>Minas Gerais<\/strong>, onde o n\u00famero de mortes causadas por <strong>enchentes e deslizamentos na Zona da Mata mineira ultrapassou 70<\/strong>.<\/p>\n\n\n\n<h2 class=\"wp-block-heading\"><strong>Queda de temperatura no Sul e Sudeste<\/strong><\/h2>\n\n\n\n<p>Al\u00e9m das chuvas, uma <strong>frente fria avan\u00e7a pela costa das regi\u00f5es Sul e Sudeste<\/strong>, provocando queda nas temperaturas m\u00e1ximas em \u00e1reas do litoral e do leste dessas regi\u00f5es.<\/p>\n\n\n\n<p>Enquanto isso, a tend\u00eancia \u00e9 de <strong>temperaturas elevadas no centro-norte do pa\u00eds<\/strong>, principalmente no interior da <strong>Regi\u00e3o Nordeste<\/strong>, onde o calor deve continuar predominando nos pr\u00f3ximos dias.<\/p>\n","protected":false},"excerpt":{"rendered":"<p>O Instituto Nacional de Meteorologia (Inmet) emitiu alertas de perigo para chuvas intensas em v\u00e1rias regi\u00f5es do Brasil, com destaque para \u00e1reas dos estados de S\u00e3o Paulo, Minas Gerais, Goi\u00e1s, Mato Grosso do Sul e Amazonas. A previs\u00e3o indica que os maiores acumulados devem ocorrer at\u00e9 segunda-feira (16), elevando o risco de alagamentos, enxurradas e [&hellip;]<\/p>\n","protected":false},"author":9,"featured_media":26870,"comment_status":"closed","ping_status":"closed","sticky":false,"template":"","format":"standard","meta":{"jnews-multi-image_gallery":[],"jnews_single_post":{"format":"standard"},"jnews_primary_category":[],"jnews_social_meta":[],"jnews_override_counter":[],"jnews_post_split":[],"footnotes":""},"categories":[1],"tags":[],"class_list":["post-38050","post","type-post","status-publish","format-standard","has-post-thumbnail","hentry","category-geral"],"_referencia":"","_links":{"self":[{"href":"https:\/\/diariodocomercio.com.br\/mix\/wp-json\/wp\/v2\/posts\/38050","targetHints":{"allow":["GET"]}}],"collection":[{"href":"https:\/\/diariodocomercio.com.br\/mix\/wp-json\/wp\/v2\/posts"}],"about":[{"href":"https:\/\/diariodocomercio.com.br\/mix\/wp-json\/wp\/v2\/types\/post"}],"author":[{"embeddable":true,"href":"https:\/\/diariodocomercio.com.br\/mix\/wp-json\/wp\/v2\/users\/9"}],"replies":[{"embeddable":true,"href":"https:\/\/diariodocomercio.com.br\/mix\/wp-json\/wp\/v2\/comments?post=38050"}],"version-history":[{"count":2,"href":"https:\/\/diariodocomercio.com.br\/mix\/wp-json\/wp\/v2\/posts\/38050\/revisions"}],"predecessor-version":[{"id":38090,"href":"https:\/\/diariodocomercio.com.br\/mix\/wp-json\/wp\/v2\/posts\/38050\/revisions\/38090"}],"wp:featuredmedia":[{"embeddable":true,"href":"https:\/\/diariodocomercio.com.br\/mix\/wp-json\/wp\/v2\/media\/26870"}],"wp:attachment":[{"href":"https:\/\/diariodocomercio.com.br\/mix\/wp-json\/wp\/v2\/media?parent=38050"}],"wp:term":[{"taxonomy":"category","embeddable":true,"href":"https:\/\/diariodocomercio.com.br\/mix\/wp-json\/wp\/v2\/categories?post=38050"},{"taxonomy":"post_tag","embeddable":true,"href":"https:\/\/diariodocomercio.com.br\/mix\/wp-json\/wp\/v2\/tags?post=38050"}],"curies":[{"name":"wp","href":"https:\/\/api.w.org\/{rel}","templated":true}]}}