{"id":38053,"date":"2026-03-11T12:51:10","date_gmt":"2026-03-11T15:51:10","guid":{"rendered":"https:\/\/diariodocomercio.com.br\/mix\/?p=38053"},"modified":"2026-03-11T12:51:13","modified_gmt":"2026-03-11T15:51:13","slug":"selecao-tradicional-revela-que-vai-abandonar-a-copa-do-mundo-de-2026","status":"publish","type":"post","link":"https:\/\/diariodocomercio.com.br\/mix\/selecao-tradicional-revela-que-vai-abandonar-a-copa-do-mundo-de-2026\/","title":{"rendered":"Sele\u00e7\u00e3o tradicional revela que vai abandonar a Copa do Mundo de 2026"},"content":{"rendered":"\n<p>A decis\u00e3o do <strong>Ir\u00e3 <\/strong>de n\u00e3o <strong>participar da Copa do Mundo de 2026 <\/strong>foi oficializada ap\u00f3s declara\u00e7\u00f5es do ministro dos Esportes, Ahmad Donyamali, neste dia 11 de mar\u00e7o. Ele anunciou que o pa\u00eds n\u00e3o enviar\u00e1 sua sele\u00e7\u00e3o ao torneio devido a quest\u00f5es de seguran\u00e7a e conflitos diplom\u00e1ticos.<\/p>\n\n\n\n<p>O campeonato est\u00e1 programado para ocorrer entre junho e julho nos Estados Unidos, Canad\u00e1 e M\u00e9xico.<\/p>\n\n\n\n<p>Donyamali citou que a morte do L\u00edder Supremo Ali Khamenei, ocorrida em 28 de fevereiro, durante ataques dos Estados Unidos e Israel, dificultou a participa\u00e7\u00e3o do Ir\u00e3. A tens\u00e3o aumentou com o acolhimento de atletas iranianas pela Austr\u00e1lia, com apoio dos EUA, visto como interfer\u00eancia pol\u00edtica.<\/p>\n\n\n\n<h2 class=\"wp-block-heading\">Repercuss\u00f5es para a Copa do Mundo<\/h2>\n\n\n\n<p>A retirada do Ir\u00e3 cria incertezas sobre os jogos previamente programados contra equipes como B\u00e9lgica e Nova Zel\u00e2ndia. O presidente da FIFA, Gianni Infantino, declarou que a sele\u00e7\u00e3o iraniana seria bem-vinda nos EUA. No entanto, a decis\u00e3o iraniana alterou essa perspectiva.<\/p>\n\n\n\n<p>A FIFA definiu que, se uma sele\u00e7\u00e3o previamente classificada n\u00e3o participar, outra equipe ser\u00e1 escolhida para substitu\u00ed-la. Especula-se que sele\u00e7\u00f5es asi\u00e1ticas possam ocupar a posi\u00e7\u00e3o do Ir\u00e3, mas um comunicado oficial ainda n\u00e3o foi divulgado.<\/p>\n\n\n\n<h2 class=\"wp-block-heading\">Conflitos geopol\u00edticos<\/h2>\n\n\n\n<p>A situa\u00e7\u00e3o esportiva reflete em tens\u00f5es internacionais mais amplas. Desde fevereiro de 2026, as rela\u00e7\u00f5es entre Ir\u00e3, Estados Unidos e aliados t\u00eam se deteriorado. Ataques a\u00e9reos e restri\u00e7\u00f5es econ\u00f4micas intensificaram a diverg\u00eancia, pondo em xeque a participa\u00e7\u00e3o do Ir\u00e3 em eventos internacionais.<\/p>\n\n\n\n<p>A situa\u00e7\u00e3o pol\u00edtica \u00e9 complexa. A rivalidade entre os pa\u00edses se reflete em medidas restritivas e san\u00e7\u00f5es, afetando cidad\u00e3os iranianos e a log\u00edstica de eventos como a Copa do Mundo.<\/p>\n","protected":false},"excerpt":{"rendered":"<p>O campeonato est\u00e1 programado para ocorrer entre junho e julho.<\/p>\n","protected":false},"author":12,"featured_media":38054,"comment_status":"closed","ping_status":"closed","sticky":false,"template":"","format":"standard","meta":{"jnews-multi-image_gallery":[],"jnews_single_post":{"format":"standard"},"jnews_primary_category":[],"jnews_social_meta":[],"jnews_override_counter":[],"jnews_post_split":[],"footnotes":""},"categories":[1],"tags":[],"class_list":["post-38053","post","type-post","status-publish","format-standard","has-post-thumbnail","hentry","category-geral"],"_referencia":"","_links":{"self":[{"href":"https:\/\/diariodocomercio.com.br\/mix\/wp-json\/wp\/v2\/posts\/38053","targetHints":{"allow":["GET"]}}],"collection":[{"href":"https:\/\/diariodocomercio.com.br\/mix\/wp-json\/wp\/v2\/posts"}],"about":[{"href":"https:\/\/diariodocomercio.com.br\/mix\/wp-json\/wp\/v2\/types\/post"}],"author":[{"embeddable":true,"href":"https:\/\/diariodocomercio.com.br\/mix\/wp-json\/wp\/v2\/users\/12"}],"replies":[{"embeddable":true,"href":"https:\/\/diariodocomercio.com.br\/mix\/wp-json\/wp\/v2\/comments?post=38053"}],"version-history":[{"count":1,"href":"https:\/\/diariodocomercio.com.br\/mix\/wp-json\/wp\/v2\/posts\/38053\/revisions"}],"predecessor-version":[{"id":38055,"href":"https:\/\/diariodocomercio.com.br\/mix\/wp-json\/wp\/v2\/posts\/38053\/revisions\/38055"}],"wp:featuredmedia":[{"embeddable":true,"href":"https:\/\/diariodocomercio.com.br\/mix\/wp-json\/wp\/v2\/media\/38054"}],"wp:attachment":[{"href":"https:\/\/diariodocomercio.com.br\/mix\/wp-json\/wp\/v2\/media?parent=38053"}],"wp:term":[{"taxonomy":"category","embeddable":true,"href":"https:\/\/diariodocomercio.com.br\/mix\/wp-json\/wp\/v2\/categories?post=38053"},{"taxonomy":"post_tag","embeddable":true,"href":"https:\/\/diariodocomercio.com.br\/mix\/wp-json\/wp\/v2\/tags?post=38053"}],"curies":[{"name":"wp","href":"https:\/\/api.w.org\/{rel}","templated":true}]}}