{"id":38060,"date":"2026-03-11T14:25:40","date_gmt":"2026-03-11T17:25:40","guid":{"rendered":"https:\/\/diariodocomercio.com.br\/mix\/?p=38060"},"modified":"2026-03-11T15:08:57","modified_gmt":"2026-03-11T18:08:57","slug":"patinetes-eletricas-agora-terao-velocidade-maxima-permitida-e-quem-ultrapassar-pode-ser-multado","status":"publish","type":"post","link":"https:\/\/diariodocomercio.com.br\/mix\/patinetes-eletricas-agora-terao-velocidade-maxima-permitida-e-quem-ultrapassar-pode-ser-multado\/","title":{"rendered":"Patinetes el\u00e9tricos agora ter\u00e3o velocidade m\u00e1xima permitida e quem ultrapassar pode ser multado"},"content":{"rendered":"\n<p>Na \u00faltima ter\u00e7a-feira (10), a prefeitura do Rio de Janeiro publicou um decreto criando o Sistema de Compartilhamento de Patinetes El\u00e9tricos, estabelecendo uma s\u00e9rie de regras n\u00e3o apenas para o funcionamento do servi\u00e7o, mas tamb\u00e9m para o uso desses patinetes. Desde o come\u00e7o do servi\u00e7o, l\u00e1 em 2024, a capital fluminense bateu a marca de tr\u00eas milh\u00f5es de viagens, principalmente em bairros mais tur\u00edsticos como Copacabana, Ipanema e Leblon.<\/p>\n\n\n\n<h2 class=\"wp-block-heading\">Regras para o uso de patinetes el\u00e9tricas no RJ<\/h2>\n\n\n\n<p>Como j\u00e1 mencionamos no t\u00edtulo, entre as regras estabelecidas pelo decreto temos o limite de velocidade, al\u00e9m de uma delimita\u00e7\u00e3o mais precisa para onde os patinetes v\u00e3o poder circular. De acordo com o GLOBO, eles podem ser usados em:<\/p>\n\n\n\n<ul class=\"wp-block-list\">\n<li>ciclovias, ciclofaixas e ciclorrotas;<\/li>\n\n\n\n<li>vias urbanas com limite de velocidade 40 km\/h;<\/li>\n\n\n\n<li>parques e \u00e1reas indicadas;<\/li>\n\n\n\n<li>trechos espec\u00edficos de cal\u00e7adas com sinaliza\u00e7\u00e3o de compartilhamento,<\/li>\n<\/ul>\n\n\n\n<p>Nas vias e ciclovias, a velocidade m\u00e1xima permitida \u00e9 de at\u00e9 20 km\/h, enquanto em \u00e1reas de conviv\u00eancia, ela diminui para 6 km\/h. O decreto ainda estabelece outras regras para quem quiser usar o sistema de compartilhamento:<\/p>\n\n\n\n<ul class=\"wp-block-list\">\n<li>Os usu\u00e1rios precisam ter pelo menos 18 anos e estarem cadastrados em plataforma digital;<\/li>\n\n\n\n<li>N\u00e3o podem usar celular ou fones de ouvido enquanto conduzem, nem estar sob efeito de \u00e1lcool ou de outras subst\u00e2ncias.<\/li>\n<\/ul>\n\n\n\n<p>Sobre os patinetes em si, os itens pass\u00e3o a, obrigatoriamente, ter equipamentos m\u00ednimos de seguran\u00e7a, como campanha, indicador de velocidade e sinaliza\u00e7\u00e3o noturna.<\/p>\n\n\n\n<p>O decreto tamb\u00e9m estabelece normas para as empresas que atuam nesse servi\u00e7o na Cidade Maravilhosa, como um pre\u00e7o p\u00fablico que elas precisam pagar ao munic\u00edpio. Por at\u00e9 90 dias, ser\u00e1 cobrado um valor mensal de R$ 30 por patinete em opera\u00e7\u00e3o. Depois, a taxa passa a ser R$ 0,20 por viagem.<\/p>\n\n\n\n<style>@media (min-width: 992px) {\n    .recomendadorV2Area1 {\n        width: 280px;\n    }\n    .recomendadorV2Area2 {\n        padding: 0px 20px;\n        width: calc(100% - 280px);\n    }\n}\n\n@media (max-width: 992px) {\n    .recomendadorV2Button {\n        margin: 0 auto;\n    }\n    .recomendadorV2Area {\n        flex-direction: column;\n        text-align: center;\n    }\n    .recomendadorV2Area2 {\n        padding: 0px 20px;\n    }\n}\n\n.recomendadorV2Area {\n    background: #eeeeee3d;\n    border-radius: 10px;\n    padding: 15px;\n    display: flex;\n    margin: 15px auto;\n    border: 1px solid #00000014;\n    max-width: 800px;\n}\n\n.recomendadorV2Area1 img {\n    width: 280px;\n    height: auto;\n    border-radius: 8px;\n}\n\n.linkrecomendadorv2 {\n    text-decoration: none !important;\n}\n\n.recomendadorV2Area2 .recomendadorV2Type {\n    text-transform: uppercase;\n    font-weight: 500;\n    font-size: 11px;\n    letter-spacing: 2px;\n    color: #666;\n    margin: 12px 0;\n    display: block;\n}\n\n.recomendadorV2Title h2 {\n    padding-top: 0px !important;\n    margin: 0px !important;\n    border-left: none !important;\n    padding-left: 0px !important;\n    line-height: 1.3;\n    color: #000 !important;\n    font-size: 24px;\n    margin-bottom: 12px !important;\n}\n\n.recomendadorV2Desc {\n    color: #333;\n    margin: 12px 0px !important;\n    font-size: 15px;\n    line-height: 1.5;\n}\n\n.recomendadorV2Button {\n    width: auto;\n    max-width: 200px;\n    margin: 0;\n    display: inline-flex;\n    align-items: center;\n    background: #1D3557;\n    border-radius: 8px;\n    color: #fff;\n    height: 36px;\n    justify-content: center;\n    text-align: center;\n    font-size: 14px;\n    padding: 0 20px;\n    transition: background-color 0.2s ease;\n}\n\n.recomendadorV2Button:hover {\n    background: #2a4d7a;\n}\n\n.recomendadorV2Button:after {\n    margin-top: -2px;\n    content: \"\u2192\";\n    padding: 0px 0px 0px 8px;\n}\n\n.recomendadorV2Alert {\n    text-align: left;\n    font-size: 11px;\n    margin-top: 8px;\n    color: #666;\n}\n\n.recomendadorFixedArea {\n    width: 100%;\n    display: flex;\n    justify-content: center;\n    align-items: center;\n}\n\n@media (min-width: 992px) {\n    #recomendadorFixed {\n        width: 32% !important;\n        left: 5%;\n    }\n    .recomendadorCloseFixed{\n        right: inherit !important;\n        left: 378px !important;\n    }\n}\n\n#recomendadorFixed {\n    width: 90%;\n    box-shadow: 0 10px 20px 0px #00000057;\n    display: none;\n    height: 90px;\n    background: #F6F6F6;\n    position: fixed;\n    flex-direction: row;\n    bottom: 10px;\n    z-index: 9999;\n    border-radius: 16px;\n    padding: 7px 10px;\n}\n\n.recomendadorLeftArea {\n    width: 160px;\n}\n\n.recomendadorRightArea h2 {\n    padding-top: 0px;\n    margin: 2px 0px 4px 0px !important;\n    font-weight: 400;\n    text-align: center;\n    padding-left: 0px !important;\n    color: #000 !important;\n    border-left: none !important;\n    line-height: 20px;\n    font-size: 12px !important;\n}\n\n.recomendadorImgFixed {\n    overflow: hidden;\n    padding: 8px 6px;\n    height: 100%;\n}\n\n.recomendadorImgFixed img {\n    height: 100% !important;\n    border-radius: 16px;\n}\n\n.recomendadorRightArea {\n    padding-top: 6px;\n    display: flex;\n    width: calc(100% - 130px);\n    justify-content: space-between;\n    align-items: center;\n    flex-direction: column;\n}\n\n.recomendadorButtonFixed {\n    margin: 0 auto;\n    background: #1D3557;\n    width: 80%;\n    text-align: center;\n    font-size: 10px;\n    color: #FFF;\n    padding: 2px 10px;\n    border-radius: 3px;\n}\n\n.recomendadorButtonFixed:after {\n    margin-top: -3px;\n    content: \"\u2192\";\n    padding: 0px 0px 0px 10px;\n}\n\n.recomendadorAlertFixed {\n    font-weight: 400;\n    text-align: center;\n    color: #484848;\n    font-size: 8px;\n}\n\n.recomendadorCloseFixed {\n    z-index: 99999;\n    display: none;\n    right: 0px;\n    left: inherit;\n    bottom: 99px;\n    position: fixed;\n    justify-content: center;\n    background: #F6F6F6;\n    width: 25px;\n    align-items: center;\n    height: 25px;\n    font-weight: 800;\n    border-radius: 50%;\n    border: 1px solid #EBEBEB;\n}\n\n.recomendadorV2Desc{\n    color: #000000;\n    margin: 20px 0px;\n}\n\n@media (max-width: 576px) {\n    .recomendadorV2Area {\n      padding: 10px;\n      max-width: 100%;\n    }\n  \n    .recomendadorV2Area1 img {\n      width: 100%;\n      border-radius: 6px;\n    }\n  \n    .recomendadorV2Area2 .recomendadorV2Type {\n      font-size: 9px;\n      letter-spacing: 1px;\n      margin: 8px 0;\n    }\n  \n    .recomendadorV2Title h2 {\n      font-size: 18px !important;\n      margin-bottom: 8px !important;\n      line-height: 1.2;\n    }\n  \n    .recomendadorV2Desc {\n      font-size: 14px;\n      margin: 8px 0 !important;\n      line-height: 1.4;\n    }\n  \n    .recomendadorV2Button {\n      font-size: 14px;\n      height: 40px;\n      padding: 0 12px;\n      max-width: 100%;\n      width: 100%;\n    }\n  \n    .recomendadorV2Button:after {\n      padding-left: 6px;\n    }\n  }\n  <\/style>\n        <div class=\"lazyblock-recomendador-v2-2jDGz wp-block-lazyblock-recomendador-v2\">\n        <a class=\"linkrecomendadorv2\" href=\"https:\/\/diariodocomercio.com.br\/mix\/com-fortuna-de-r-57-bilhoes-brasileira-de-20-anos-e-a-jovem-mais-rica-do-mundo\/\">\n            <div class=\"recomendadorV2Area\">\n            <div class=\"recomendadorV2Area1\">\n                <div class=\"recomendadorV2Img\">\n                <img class=\"lazyloaded\" decoding=\"async\" src=\"https:\/\/diariodocomercio.com.br\/mix\/wp-content\/uploads\/2025\/04\/dinheiro-dolar.jpg\" data-src=\"https:\/\/diariodocomercio.com.br\/mix\/wp-content\/uploads\/2025\/04\/dinheiro-dolar.jpg\" alt=\"\">\n                <\/div>\n            <\/div>\n            <div class=\"recomendadorV2Area2\">\n                <div class=\"recomendadorV2Type\">\n                    <span>FORBES<\/span>\n                <\/div>\n                <div class=\"recomendadorV2Title\">\n                <h2><span>Com fortuna de R$ 5,7 bilh\u00f5es, brasileira de 20 anos \u00e9 a jovem mais rica do mundo<\/span><\/h2>\n                <\/div>\n                <div class=\"recomendadorV2Desc\">\n                <span>Esta semana, a Forbes divulgou as suas tradicionais listas dos mais ricos do mundo e uma brasileira apareceu como a \u2026<\/span>\n                <\/div>\n                <div class=\"recomendadorV2Button\">Leia mais<\/div>\n                <div class=\"recomendadorV2Alert\"><\/div>\n            <\/div>\n            <\/div>\n        <\/a>\n        <div>\n            <div style=\"z-index:99999;\" id=\"buttonClose\" onclick=\"closeRecomendadorFixed()\">\n            <div class=\"recomendadorCloseFixed\">X<\/div>\n            <\/div>\n            <a href=\"https:\/\/diariodocomercio.com.br\/mix\/com-fortuna-de-r-57-bilhoes-brasileira-de-20-anos-e-a-jovem-mais-rica-do-mundo\/\">\n            <div class=\"recomendadorFixedArea\">\n                <div id=\"recomendadorFixed\">\n                <div class=\"recomendadorLeftArea\">\n                    <div class=\"recomendadorImgFixed\">\n                    <img class=\"lazyload\" decoding=\"async\" src=\"https:\/\/diariodocomercio.com.br\/mix\/wp-content\/uploads\/2025\/04\/dinheiro-dolar.jpg\" alt=\"\">\n                    <\/div>\n                <\/div>\n                <div class=\"recomendadorRightArea\">\n                    <div class=\"recomendadorTitleFixed\">\n                    <h2><span>Com fortuna de R$ 5,7 bilh\u00f5es, brasileira de 20 anos \u00e9 a jovem mais rica do mundo<\/span><\/h2>\n                    <\/div>\n                    <div class=\"recomendadorButtonFixed\">Leia mais<\/div>\n                    <div class=\"recomendadorAlertFixed\"><\/div>\n                <\/div>\n                <\/div>\n            <\/div>\n            <\/a>\n        <\/div>\n        <\/div>\n","protected":false},"excerpt":{"rendered":"<p>Na \u00faltima ter\u00e7a-feira (10), a prefeitura do Rio de Janeiro publicou um decreto criando o Sistema de Compartilhamento de Patinetes El\u00e9tricos, estabelecendo uma s\u00e9rie de regras n\u00e3o apenas para o funcionamento do servi\u00e7o, mas tamb\u00e9m para o uso desses patinetes. Desde o come\u00e7o do servi\u00e7o, l\u00e1 em 2024, a capital fluminense bateu a marca de [&hellip;]<\/p>\n","protected":false},"author":6,"featured_media":38061,"comment_status":"closed","ping_status":"closed","sticky":false,"template":"","format":"standard","meta":{"jnews-multi-image_gallery":[],"jnews_single_post":{"format":"standard"},"jnews_primary_category":[],"jnews_social_meta":[],"jnews_override_counter":[],"jnews_post_split":[],"footnotes":""},"categories":[1],"tags":[],"class_list":["post-38060","post","type-post","status-publish","format-standard","has-post-thumbnail","hentry","category-geral"],"_referencia":"","_links":{"self":[{"href":"https:\/\/diariodocomercio.com.br\/mix\/wp-json\/wp\/v2\/posts\/38060","targetHints":{"allow":["GET"]}}],"collection":[{"href":"https:\/\/diariodocomercio.com.br\/mix\/wp-json\/wp\/v2\/posts"}],"about":[{"href":"https:\/\/diariodocomercio.com.br\/mix\/wp-json\/wp\/v2\/types\/post"}],"author":[{"embeddable":true,"href":"https:\/\/diariodocomercio.com.br\/mix\/wp-json\/wp\/v2\/users\/6"}],"replies":[{"embeddable":true,"href":"https:\/\/diariodocomercio.com.br\/mix\/wp-json\/wp\/v2\/comments?post=38060"}],"version-history":[{"count":2,"href":"https:\/\/diariodocomercio.com.br\/mix\/wp-json\/wp\/v2\/posts\/38060\/revisions"}],"predecessor-version":[{"id":38089,"href":"https:\/\/diariodocomercio.com.br\/mix\/wp-json\/wp\/v2\/posts\/38060\/revisions\/38089"}],"wp:featuredmedia":[{"embeddable":true,"href":"https:\/\/diariodocomercio.com.br\/mix\/wp-json\/wp\/v2\/media\/38061"}],"wp:attachment":[{"href":"https:\/\/diariodocomercio.com.br\/mix\/wp-json\/wp\/v2\/media?parent=38060"}],"wp:term":[{"taxonomy":"category","embeddable":true,"href":"https:\/\/diariodocomercio.com.br\/mix\/wp-json\/wp\/v2\/categories?post=38060"},{"taxonomy":"post_tag","embeddable":true,"href":"https:\/\/diariodocomercio.com.br\/mix\/wp-json\/wp\/v2\/tags?post=38060"}],"curies":[{"name":"wp","href":"https:\/\/api.w.org\/{rel}","templated":true}]}}