{"id":38070,"date":"2026-03-11T14:38:00","date_gmt":"2026-03-11T17:38:00","guid":{"rendered":"https:\/\/diariodocomercio.com.br\/mix\/?p=38070"},"modified":"2026-03-11T14:35:33","modified_gmt":"2026-03-11T17:35:33","slug":"apos-pagamento-de-r-246-milhoes-brasileiro-deixara-o-catar-e-chegara-ao-brasil-nesta-quinta-feira-12-03","status":"publish","type":"post","link":"https:\/\/diariodocomercio.com.br\/mix\/apos-pagamento-de-r-246-milhoes-brasileiro-deixara-o-catar-e-chegara-ao-brasil-nesta-quinta-feira-12-03\/","title":{"rendered":"Ap\u00f3s pagamento de R$ 24,6 milh\u00f5es, brasileiro deixar\u00e1 o Catar e chegar\u00e1 ao Brasil nesta quinta-feira (12\/03)"},"content":{"rendered":"\n<p>O <strong>Santos Futebol Clube <\/strong>anunciou a repatria\u00e7\u00e3o do zagueiro <strong>Lucas Ver\u00edssimo, <\/strong>desembolsando cerca de 4 milh\u00f5es de euros, aproximadamente <strong>R$ 24,6 milh\u00f5es. <\/strong>O jogador retorna ao Brasil ap\u00f3s uma passagem pelo Al-Wakrah, do Catar. A chegada ao pa\u00eds est\u00e1 prevista para esta quinta-feira, dia 12.<\/p>\n\n\n\n<p>A transfer\u00eancia foi intermediada pelo empres\u00e1rio Paulo Pitombeira e visa refor\u00e7ar o elenco paulista com a experi\u00eancia internacional de Ver\u00edssimo. Sua atua\u00e7\u00e3o est\u00e1 prevista para come\u00e7ar ap\u00f3s sua chegada, com o primeiro jogo do ano programado para logo ap\u00f3s sua chegada iminente ao Brasil.<\/p>\n\n\n<div class=\"wp-block-image\">\n<figure class=\"aligncenter size-full is-resized\"><img decoding=\"async\" width=\"1000\" height=\"612\" src=\"https:\/\/diariodocomercio.com.br\/mix\/wp-content\/uploads\/2026\/03\/8-3-2025-1-1200x734-1.avif\" alt=\"\" class=\"wp-image-38075\" style=\"aspect-ratio:1.634012321696176;width:484px;height:auto\" srcset=\"https:\/\/diariodocomercio.com.br\/mix\/wp-content\/uploads\/2026\/03\/8-3-2025-1-1200x734-1.avif 1000w, https:\/\/diariodocomercio.com.br\/mix\/wp-content\/uploads\/2026\/03\/8-3-2025-1-1200x734-1-300x184.avif 300w, https:\/\/diariodocomercio.com.br\/mix\/wp-content\/uploads\/2026\/03\/8-3-2025-1-1200x734-1-768x470.avif 768w, https:\/\/diariodocomercio.com.br\/mix\/wp-content\/uploads\/2026\/03\/8-3-2025-1-1200x734-1-150x92.avif 150w, https:\/\/diariodocomercio.com.br\/mix\/wp-content\/uploads\/2026\/03\/8-3-2025-1-1200x734-1-750x459.avif 750w\" sizes=\"(max-width: 1000px) 100vw, 1000px\" \/><figcaption class=\"wp-element-caption\">Lucas Ver\u00edssimo com a camisa do Al Duhail, do Catar (Foto: Divulga\u00e7\u00e3o)<\/figcaption><\/figure>\n<\/div>\n\n\n<p>Com esta transa\u00e7\u00e3o, o Santos adquire 70% dos direitos econ\u00f4micos de Ver\u00edssimo, e o pagamento ser\u00e1 efetuado em quatro parcelas anuais, a partir de dezembro de 2026.<\/p>\n\n\n\n<p>A decis\u00e3o do jogador de retornar ao pa\u00eds foi influenciada pelas tens\u00f5es no Oriente M\u00e9dio, que resultaram na suspens\u00e3o das competi\u00e7\u00f5es locais. Esse contexto contribuiu para que Ver\u00edssimo tomasse a decis\u00e3o de voltar ao Brasil, onde iniciou sua carreira.<\/p>\n\n\n\n<h2 class=\"wp-block-heading\">Negocia\u00e7\u00f5es planejadas<\/h2>\n\n\n\n<p>A estrutura do acordo detalha um planejamento financeiro robusto. O Santos organizou o pagamento da transfer\u00eancia em parcelas, garantindo flexibilidade monet\u00e1ria. A participa\u00e7\u00e3o de Paulo Pitombeira foi crucial para contornar obst\u00e1culos e concretizar o retorno.<\/p>\n\n\n\n<p>Al\u00e9m dos motivos pessoais que influenciaram a decis\u00e3o de Ver\u00edssimo, o retorno ao Santos representa uma estrat\u00e9gia fundamental para o clube. A presen\u00e7a de um atleta de renome internacional na defesa pode alavancar o desempenho do time nas competi\u00e7\u00f5es futuras.<\/p>\n\n\n\n<p>O investimento ressalta a capacidade do clube em realizar transa\u00e7\u00f5es de grande porte. Para os torcedores, a expectativa \u00e9 ver Lucas Ver\u00edssimo em campo. Com sua reestreia prevista, o jogador poder\u00e1 contribuir dentro e fora do campo.<\/p>\n","protected":false},"excerpt":{"rendered":"<p>A chegada ao pa\u00eds est\u00e1 prevista para esta quinta-feira, dia 12.<\/p>\n","protected":false},"author":12,"featured_media":15732,"comment_status":"closed","ping_status":"closed","sticky":false,"template":"","format":"standard","meta":{"jnews-multi-image_gallery":[],"jnews_single_post":{"format":"standard"},"jnews_primary_category":[],"jnews_social_meta":[],"jnews_override_counter":[],"jnews_post_split":[],"footnotes":""},"categories":[1],"tags":[],"class_list":["post-38070","post","type-post","status-publish","format-standard","has-post-thumbnail","hentry","category-geral"],"_referencia":"","_links":{"self":[{"href":"https:\/\/diariodocomercio.com.br\/mix\/wp-json\/wp\/v2\/posts\/38070","targetHints":{"allow":["GET"]}}],"collection":[{"href":"https:\/\/diariodocomercio.com.br\/mix\/wp-json\/wp\/v2\/posts"}],"about":[{"href":"https:\/\/diariodocomercio.com.br\/mix\/wp-json\/wp\/v2\/types\/post"}],"author":[{"embeddable":true,"href":"https:\/\/diariodocomercio.com.br\/mix\/wp-json\/wp\/v2\/users\/12"}],"replies":[{"embeddable":true,"href":"https:\/\/diariodocomercio.com.br\/mix\/wp-json\/wp\/v2\/comments?post=38070"}],"version-history":[{"count":1,"href":"https:\/\/diariodocomercio.com.br\/mix\/wp-json\/wp\/v2\/posts\/38070\/revisions"}],"predecessor-version":[{"id":38076,"href":"https:\/\/diariodocomercio.com.br\/mix\/wp-json\/wp\/v2\/posts\/38070\/revisions\/38076"}],"wp:featuredmedia":[{"embeddable":true,"href":"https:\/\/diariodocomercio.com.br\/mix\/wp-json\/wp\/v2\/media\/15732"}],"wp:attachment":[{"href":"https:\/\/diariodocomercio.com.br\/mix\/wp-json\/wp\/v2\/media?parent=38070"}],"wp:term":[{"taxonomy":"category","embeddable":true,"href":"https:\/\/diariodocomercio.com.br\/mix\/wp-json\/wp\/v2\/categories?post=38070"},{"taxonomy":"post_tag","embeddable":true,"href":"https:\/\/diariodocomercio.com.br\/mix\/wp-json\/wp\/v2\/tags?post=38070"}],"curies":[{"name":"wp","href":"https:\/\/api.w.org\/{rel}","templated":true}]}}