{"id":38078,"date":"2026-03-14T10:19:00","date_gmt":"2026-03-14T13:19:00","guid":{"rendered":"https:\/\/diariodocomercio.com.br\/mix\/?p=38078"},"modified":"2026-03-11T15:00:01","modified_gmt":"2026-03-11T18:00:01","slug":"atletico-mg-foi-comprado-pelo-31o-homem-mais-rico-do-brasil","status":"publish","type":"post","link":"https:\/\/diariodocomercio.com.br\/mix\/atletico-mg-foi-comprado-pelo-31o-homem-mais-rico-do-brasil\/","title":{"rendered":"Atl\u00e9tico-MG foi comprado pelo 31\u00ba homem mais rico do Brasil"},"content":{"rendered":"\n<p>O empres\u00e1rio <strong>Rubens Menin<\/strong>, principal s\u00f3cio da Sociedade An\u00f4nima do Futebol (SAF) do Atl\u00e9tico-MG, aparece como o <strong>31\u00ba homem mais rico do Brasil<\/strong>, segundo ranking anual de bilion\u00e1rios divulgado pela revista <em>Forbes<\/em> nesta ter\u00e7a-feira (10). O patrim\u00f4nio do empres\u00e1rio mineiro, de 70 anos, foi estimado em <strong>US$ 2,3 bilh\u00f5es<\/strong>, o equivalente a cerca de <strong>R$ 11,8 bilh\u00f5es<\/strong> na cota\u00e7\u00e3o atual.<\/p>\n\n\n\n<p>Na lista anterior da publica\u00e7\u00e3o, a fortuna de Menin era calculada em <strong>US$ 1,5 bilh\u00e3o<\/strong> (aproximadamente R$ 8,6 bilh\u00f5es), o que indica um crescimento significativo de seus ativos ao longo do \u00faltimo ano.<\/p>\n\n\n\n<p>Formado em <strong>engenharia civil pela Universidade Federal de Minas Gerais (UFMG)<\/strong>, Rubens Menin construiu sua fortuna a partir de neg\u00f3cios nos setores de constru\u00e7\u00e3o civil, financeiro e comunica\u00e7\u00e3o.<\/p>\n\n\n\n<p>Um dos principais pilares de seu patrim\u00f4nio \u00e9 a <strong>MRV Engenharia<\/strong>, empresa fundada em 1979 e considerada uma das maiores construtoras do pa\u00eds. A companhia j\u00e1 entregou <strong>mais de 550 mil im\u00f3veis<\/strong> e possui valor de mercado pr\u00f3ximo de <strong>R$ 4,9 bilh\u00f5es na B3<\/strong>. Menin det\u00e9m cerca de <strong>32,5% das a\u00e7\u00f5es<\/strong> da empresa.<\/p>\n\n\n\n<p>A MRV tamb\u00e9m mant\u00e9m liga\u00e7\u00e3o direta com o clube mineiro ao deter os <strong>naming rights da Arena MRV at\u00e9 2033<\/strong>, refor\u00e7ando a rela\u00e7\u00e3o entre o grupo empresarial e o Atl\u00e9tico.<\/p>\n\n\n\n<figure class=\"wp-block-image size-full\"><img decoding=\"async\" width=\"1200\" height=\"540\" src=\"https:\/\/diariodocomercio.com.br\/mix\/wp-content\/uploads\/2026\/03\/image-83.png\" alt=\"\" class=\"wp-image-38079\" srcset=\"https:\/\/diariodocomercio.com.br\/mix\/wp-content\/uploads\/2026\/03\/image-83.png 1200w, https:\/\/diariodocomercio.com.br\/mix\/wp-content\/uploads\/2026\/03\/image-83-300x135.png 300w, https:\/\/diariodocomercio.com.br\/mix\/wp-content\/uploads\/2026\/03\/image-83-768x346.png 768w, https:\/\/diariodocomercio.com.br\/mix\/wp-content\/uploads\/2026\/03\/image-83-150x68.png 150w, https:\/\/diariodocomercio.com.br\/mix\/wp-content\/uploads\/2026\/03\/image-83-750x338.png 750w, https:\/\/diariodocomercio.com.br\/mix\/wp-content\/uploads\/2026\/03\/image-83-1140x513.png 1140w\" sizes=\"(max-width: 1200px) 100vw, 1200px\" \/><figcaption class=\"wp-element-caption\">(Reprodu\u00e7\u00e3o\/Gladyst Rodrigues)<\/figcaption><\/figure>\n\n\n\n<h2 class=\"wp-block-heading\"><strong>Banco Inter e diversifica\u00e7\u00e3o de investimentos<\/strong><\/h2>\n\n\n\n<p>Outro ativo relevante do empres\u00e1rio \u00e9 o <strong>Banco Inter<\/strong>, institui\u00e7\u00e3o digital que registrou forte expans\u00e3o nos \u00faltimos anos. Em apenas sete anos, o banco passou de <strong>200 mil para cerca de 43 milh\u00f5es de clientes<\/strong>, consolidando-se como um dos maiores bancos digitais do pa\u00eds.<\/p>\n\n\n\n<p>De acordo com proje\u00e7\u00f5es de mercado, o Inter deve registrar <strong>lucro de aproximadamente R$ 1,3 bilh\u00e3o em 2025<\/strong>.<\/p>\n\n\n\n<p>Al\u00e9m desses neg\u00f3cios, Menin tamb\u00e9m investe em diferentes setores por meio de empresas como <strong>CNN Brasil<\/strong>, <strong>R\u00e1dio Itatiaia<\/strong>, <strong>Log Commercial Properties<\/strong> e a vin\u00edcola portuguesa <strong>Menin Douro Estates<\/strong>.<\/p>\n\n\n\n<h2 class=\"wp-block-heading\"><strong>Rela\u00e7\u00e3o com o Atl\u00e9tico-MG<\/strong><\/h2>\n\n\n\n<p>Rubens Menin \u00e9 um dos principais investidores da <strong>SAF do Atl\u00e9tico-MG<\/strong>, estrutura empresarial que passou a administrar o futebol do clube. A participa\u00e7\u00e3o do empres\u00e1rio \u00e9 considerada fundamental para projetos recentes, como a constru\u00e7\u00e3o da Arena MRV e a reestrutura\u00e7\u00e3o financeira da equipe.<\/p>\n\n\n\n<p>Ap\u00f3s a classifica\u00e7\u00e3o do Atl\u00e9tico-MG para a final do <strong>Campeonato Mineiro<\/strong>, Menin tamb\u00e9m comentou o in\u00edcio de trabalho do t\u00e9cnico Dom\u00ednguez e destacou a import\u00e2ncia de buscar o <strong>heptacampeonato estadual<\/strong>, objetivo que considera estrat\u00e9gico para o clube.<\/p>\n","protected":false},"excerpt":{"rendered":"<p>O empres\u00e1rio Rubens Menin, principal s\u00f3cio da Sociedade An\u00f4nima do Futebol (SAF) do Atl\u00e9tico-MG, aparece como o 31\u00ba homem mais rico do Brasil, segundo ranking anual de bilion\u00e1rios divulgado pela revista Forbes nesta ter\u00e7a-feira (10). O patrim\u00f4nio do empres\u00e1rio mineiro, de 70 anos, foi estimado em US$ 2,3 bilh\u00f5es, o equivalente a cerca de R$ [&hellip;]<\/p>\n","protected":false},"author":9,"featured_media":38080,"comment_status":"closed","ping_status":"closed","sticky":false,"template":"","format":"standard","meta":{"jnews-multi-image_gallery":[],"jnews_single_post":{"format":"standard"},"jnews_primary_category":[],"jnews_social_meta":[],"jnews_override_counter":[],"jnews_post_split":[],"footnotes":""},"categories":[1],"tags":[],"class_list":["post-38078","post","type-post","status-publish","format-standard","has-post-thumbnail","hentry","category-geral"],"_referencia":"","_links":{"self":[{"href":"https:\/\/diariodocomercio.com.br\/mix\/wp-json\/wp\/v2\/posts\/38078","targetHints":{"allow":["GET"]}}],"collection":[{"href":"https:\/\/diariodocomercio.com.br\/mix\/wp-json\/wp\/v2\/posts"}],"about":[{"href":"https:\/\/diariodocomercio.com.br\/mix\/wp-json\/wp\/v2\/types\/post"}],"author":[{"embeddable":true,"href":"https:\/\/diariodocomercio.com.br\/mix\/wp-json\/wp\/v2\/users\/9"}],"replies":[{"embeddable":true,"href":"https:\/\/diariodocomercio.com.br\/mix\/wp-json\/wp\/v2\/comments?post=38078"}],"version-history":[{"count":1,"href":"https:\/\/diariodocomercio.com.br\/mix\/wp-json\/wp\/v2\/posts\/38078\/revisions"}],"predecessor-version":[{"id":38081,"href":"https:\/\/diariodocomercio.com.br\/mix\/wp-json\/wp\/v2\/posts\/38078\/revisions\/38081"}],"wp:featuredmedia":[{"embeddable":true,"href":"https:\/\/diariodocomercio.com.br\/mix\/wp-json\/wp\/v2\/media\/38080"}],"wp:attachment":[{"href":"https:\/\/diariodocomercio.com.br\/mix\/wp-json\/wp\/v2\/media?parent=38078"}],"wp:term":[{"taxonomy":"category","embeddable":true,"href":"https:\/\/diariodocomercio.com.br\/mix\/wp-json\/wp\/v2\/categories?post=38078"},{"taxonomy":"post_tag","embeddable":true,"href":"https:\/\/diariodocomercio.com.br\/mix\/wp-json\/wp\/v2\/tags?post=38078"}],"curies":[{"name":"wp","href":"https:\/\/api.w.org\/{rel}","templated":true}]}}