{"id":38084,"date":"2026-03-11T15:30:33","date_gmt":"2026-03-11T18:30:33","guid":{"rendered":"https:\/\/diariodocomercio.com.br\/mix\/?p=38084"},"modified":"2026-03-11T15:30:35","modified_gmt":"2026-03-11T18:30:35","slug":"ancelotti-surpreende-e-deve-convocar-craque-do-futebol-turco-para-a-selecao-brasileira","status":"publish","type":"post","link":"https:\/\/diariodocomercio.com.br\/mix\/ancelotti-surpreende-e-deve-convocar-craque-do-futebol-turco-para-a-selecao-brasileira\/","title":{"rendered":"Ancelotti surpreende e deve convocar craque do futebol turco para a sele\u00e7\u00e3o brasileira"},"content":{"rendered":"\n<p>O t\u00e9cnico da sele\u00e7\u00e3o brasileira, <strong>Carlo Ancelotti<\/strong>, incluiu o meio-campista <strong>Gabriel Sara<\/strong>, do <strong>Galatasaray<\/strong>, da Turquia, na pr\u00e9-lista de convocados para os pr\u00f3ximos amistosos da equipe nacional. O jogador surge como uma das op\u00e7\u00f5es para substituir <strong>Bruno Guimar\u00e3es<\/strong>, que est\u00e1 fora da convoca\u00e7\u00e3o devido a uma <strong>les\u00e3o muscular na coxa<\/strong>.<\/p>\n\n\n\n<p>Segundo informa\u00e7\u00f5es divulgadas pelo portal <em>ge<\/em>, Sara pode receber oportunidade nos amistosos que o Brasil disputar\u00e1 contra <strong>Cro\u00e1cia e Fran\u00e7a<\/strong>, no fim de mar\u00e7o, per\u00edodo que servir\u00e1 como fase de observa\u00e7\u00e3o para o treinador antes da defini\u00e7\u00e3o do elenco para a Copa do Mundo.<\/p>\n\n\n\n<p>Gabriel Sara, de <strong>26 anos<\/strong>, vive sua segunda temporada defendendo o <strong>Galatasaray<\/strong> e tem se destacado com atua\u00e7\u00f5es consistentes. Na atual temporada, o meio-campista j\u00e1 participou de <strong>37 partidas<\/strong>, sendo titular em <strong>27 delas<\/strong>, com <strong>seis gols marcados e tr\u00eas assist\u00eancias<\/strong>.<\/p>\n\n\n\n<p>O desempenho do brasileiro tamb\u00e9m chamou aten\u00e7\u00e3o em competi\u00e7\u00f5es internacionais. O Galatasaray eliminou a <strong>Juventus<\/strong> na Liga dos Campe\u00f5es e conquistou vit\u00f3ria no primeiro confronto contra o <strong>Liverpool<\/strong>, resultados que ampliaram a visibilidade do jogador no cen\u00e1rio europeu.<\/p>\n\n\n\n<p>Na temporada anterior, Sara disputou <strong>44 jogos<\/strong>, marcou <strong>dois gols<\/strong> e contribuiu com <strong>nove assist\u00eancias<\/strong>.<\/p>\n\n\n\n<figure class=\"wp-block-image size-full\"><img decoding=\"async\" width=\"950\" height=\"593\" src=\"https:\/\/diariodocomercio.com.br\/mix\/wp-content\/uploads\/2026\/03\/image-85.png\" alt=\"\" class=\"wp-image-38092\" srcset=\"https:\/\/diariodocomercio.com.br\/mix\/wp-content\/uploads\/2026\/03\/image-85.png 950w, https:\/\/diariodocomercio.com.br\/mix\/wp-content\/uploads\/2026\/03\/image-85-300x187.png 300w, https:\/\/diariodocomercio.com.br\/mix\/wp-content\/uploads\/2026\/03\/image-85-768x479.png 768w, https:\/\/diariodocomercio.com.br\/mix\/wp-content\/uploads\/2026\/03\/image-85-150x94.png 150w, https:\/\/diariodocomercio.com.br\/mix\/wp-content\/uploads\/2026\/03\/image-85-750x468.png 750w\" sizes=\"(max-width: 950px) 100vw, 950px\" \/><figcaption class=\"wp-element-caption\">Gabriel Sara (Reprodu\u00e7\u00e3o\/Galatasaray)<\/figcaption><\/figure>\n\n\n\n<h2 class=\"wp-block-heading\"><strong>Caminho at\u00e9 a Europa<\/strong><\/h2>\n\n\n\n<p>Revelado pelo <strong>S\u00e3o Paulo<\/strong>, o meio-campista se transferiu para o <strong>Norwich City<\/strong>, da Inglaterra, onde atuou por duas temporadas. Pelo clube ingl\u00eas, disputou <strong>96 partidas<\/strong>, marcou <strong>21 gols<\/strong> e deu <strong>17 assist\u00eancias<\/strong>.<\/p>\n\n\n\n<p>A poss\u00edvel convoca\u00e7\u00e3o representa a <strong>primeira vez que Gabriel Sara aparece em uma pr\u00e9-lista da sele\u00e7\u00e3o brasileira<\/strong>, o que pode marcar sua estreia na equipe principal.<\/p>\n\n\n\n<h2 class=\"wp-block-heading\"><strong>Observa\u00e7\u00e3o para a Copa do Mundo<\/strong><\/h2>\n\n\n\n<p>Carlo Ancelotti afirmou recentemente que segue avaliando jogadores que atuam tanto no futebol brasileiro quanto no exterior para definir o grupo que disputar\u00e1 a <strong>Copa do Mundo<\/strong>, que ser\u00e1 realizada <strong>no Canad\u00e1, M\u00e9xico e Estados Unidos<\/strong>.<\/p>\n\n\n\n<p>Segundo o treinador, os amistosos contra Fran\u00e7a e Cro\u00e1cia ser\u00e3o importantes para observar novos nomes e avaliar atletas que podem integrar o elenco final.<\/p>\n","protected":false},"excerpt":{"rendered":"<p>O t\u00e9cnico da sele\u00e7\u00e3o brasileira, Carlo Ancelotti, incluiu o meio-campista Gabriel Sara, do Galatasaray, da Turquia, na pr\u00e9-lista de convocados para os pr\u00f3ximos amistosos da equipe nacional. O jogador surge como uma das op\u00e7\u00f5es para substituir Bruno Guimar\u00e3es, que est\u00e1 fora da convoca\u00e7\u00e3o devido a uma les\u00e3o muscular na coxa. Segundo informa\u00e7\u00f5es divulgadas pelo portal [&hellip;]<\/p>\n","protected":false},"author":9,"featured_media":7118,"comment_status":"closed","ping_status":"closed","sticky":false,"template":"","format":"standard","meta":{"jnews-multi-image_gallery":[],"jnews_single_post":{"format":"standard"},"jnews_primary_category":[],"jnews_social_meta":[],"jnews_override_counter":[],"jnews_post_split":[],"footnotes":""},"categories":[1],"tags":[],"class_list":["post-38084","post","type-post","status-publish","format-standard","has-post-thumbnail","hentry","category-geral"],"_referencia":"","_links":{"self":[{"href":"https:\/\/diariodocomercio.com.br\/mix\/wp-json\/wp\/v2\/posts\/38084","targetHints":{"allow":["GET"]}}],"collection":[{"href":"https:\/\/diariodocomercio.com.br\/mix\/wp-json\/wp\/v2\/posts"}],"about":[{"href":"https:\/\/diariodocomercio.com.br\/mix\/wp-json\/wp\/v2\/types\/post"}],"author":[{"embeddable":true,"href":"https:\/\/diariodocomercio.com.br\/mix\/wp-json\/wp\/v2\/users\/9"}],"replies":[{"embeddable":true,"href":"https:\/\/diariodocomercio.com.br\/mix\/wp-json\/wp\/v2\/comments?post=38084"}],"version-history":[{"count":1,"href":"https:\/\/diariodocomercio.com.br\/mix\/wp-json\/wp\/v2\/posts\/38084\/revisions"}],"predecessor-version":[{"id":38093,"href":"https:\/\/diariodocomercio.com.br\/mix\/wp-json\/wp\/v2\/posts\/38084\/revisions\/38093"}],"wp:featuredmedia":[{"embeddable":true,"href":"https:\/\/diariodocomercio.com.br\/mix\/wp-json\/wp\/v2\/media\/7118"}],"wp:attachment":[{"href":"https:\/\/diariodocomercio.com.br\/mix\/wp-json\/wp\/v2\/media?parent=38084"}],"wp:term":[{"taxonomy":"category","embeddable":true,"href":"https:\/\/diariodocomercio.com.br\/mix\/wp-json\/wp\/v2\/categories?post=38084"},{"taxonomy":"post_tag","embeddable":true,"href":"https:\/\/diariodocomercio.com.br\/mix\/wp-json\/wp\/v2\/tags?post=38084"}],"curies":[{"name":"wp","href":"https:\/\/api.w.org\/{rel}","templated":true}]}}