{"id":38087,"date":"2026-03-11T15:28:00","date_gmt":"2026-03-11T18:28:00","guid":{"rendered":"https:\/\/diariodocomercio.com.br\/mix\/?p=38087"},"modified":"2026-03-11T15:15:46","modified_gmt":"2026-03-11T18:15:46","slug":"internautas-que-comentarem-sobre-a-guerra-no-oriente-medio-nas-redes-sociais-poderao-ser-presos-neste-pais","status":"publish","type":"post","link":"https:\/\/diariodocomercio.com.br\/mix\/internautas-que-comentarem-sobre-a-guerra-no-oriente-medio-nas-redes-sociais-poderao-ser-presos-neste-pais\/","title":{"rendered":"Internautas que comentarem sobre a guerra no Oriente M\u00e9dio nas redes sociais poder\u00e3o ser presos neste pa\u00eds"},"content":{"rendered":"\n<p>O governo do <strong>Catar <\/strong>anunciou recentemente medidas para intensificar o controle sobre redes sociais no pa\u00eds, alinhando-se a uma tend\u00eancia global de supervis\u00e3o digital durante per\u00edodos de conflito. As preocupa\u00e7\u00f5es com a seguran\u00e7a aumentaram na regi\u00e3o do <strong>Oriente M\u00e9dio,<\/strong> levando as autoridades a adotar estrat\u00e9gias para gerenciar a dissemina\u00e7\u00e3o de informa\u00e7\u00f5es potencialmente perigosas.<\/p>\n\n\n\n<p>Em mar\u00e7o de 2026, o Ir\u00e3 lan\u00e7ou ataques com m\u00edsseis e drones contra o Catar e outros pa\u00edses do Golfo em retalia\u00e7\u00e3o a ofensivas dos Estados Unidos e Israel.<\/p>\n\n\n\n<p>O Minist\u00e9rio do Interior refor\u00e7ou a import\u00e2ncia de compartilhar apenas informa\u00e7\u00f5es verificadas de fontes oficiais. Essa iniciativa visa prevenir a propaga\u00e7\u00e3o de boatos e desinforma\u00e7\u00e3o, que podem exacerbar tens\u00f5es locais.&nbsp;<\/p>\n\n\n\n<p>O Minist\u00e9rio do Interior do Catar confirmou oficialmente a pris\u00e3o de 313 pessoas, de diversas nacionalidades, por filmarem e divulgarem v\u00eddeos e informa\u00e7\u00f5es consideradas enganosas sobre os ataques.<\/p>\n\n\n\n<h2 class=\"wp-block-heading\">Compara\u00e7\u00f5es internacionais&nbsp;<\/h2>\n\n\n\n<p>Outros pa\u00edses, como <strong>Israel <\/strong>e <strong>Ucr\u00e2nia<\/strong>, j\u00e1 estabeleceram medidas rigorosas para controlar informa\u00e7\u00f5es sens\u00edveis em per\u00edodos de conflito. Israel implementou censura militar para resguardar seus sistemas de defesa, enquanto a Ucr\u00e2nia mant\u00e9m restri\u00e7\u00f5es severas sobre movimenta\u00e7\u00f5es militares.<\/p>\n\n\n\n<p>No Catar, as a\u00e7\u00f5es refletem uma abordagem semelhante ao tentar equilibrar seguran\u00e7a interna e estabilidade regional. A evolu\u00e7\u00e3o tecnol\u00f3gica ampliou o alcance das redes sociais, transformando-as em ferramentas cr\u00edticas.<\/p>\n\n\n\n<p>Governos em todo o mundo enfrentam o desafio de manter a ordem sem suprimir direitos individuais. No Catar, essa balan\u00e7a \u00e9 observada pela comunidade internacional.<\/p>\n","protected":false},"excerpt":{"rendered":"<p>Minist\u00e9rio confirmou oficialmente a pris\u00e3o de 313 pessoas de diversas nacionalidades.<\/p>\n","protected":false},"author":12,"featured_media":10817,"comment_status":"closed","ping_status":"closed","sticky":false,"template":"","format":"standard","meta":{"jnews-multi-image_gallery":[],"jnews_single_post":{"format":"standard"},"jnews_primary_category":[],"jnews_social_meta":[],"jnews_override_counter":[],"jnews_post_split":[],"footnotes":""},"categories":[1],"tags":[],"class_list":["post-38087","post","type-post","status-publish","format-standard","has-post-thumbnail","hentry","category-geral"],"_referencia":"","_links":{"self":[{"href":"https:\/\/diariodocomercio.com.br\/mix\/wp-json\/wp\/v2\/posts\/38087","targetHints":{"allow":["GET"]}}],"collection":[{"href":"https:\/\/diariodocomercio.com.br\/mix\/wp-json\/wp\/v2\/posts"}],"about":[{"href":"https:\/\/diariodocomercio.com.br\/mix\/wp-json\/wp\/v2\/types\/post"}],"author":[{"embeddable":true,"href":"https:\/\/diariodocomercio.com.br\/mix\/wp-json\/wp\/v2\/users\/12"}],"replies":[{"embeddable":true,"href":"https:\/\/diariodocomercio.com.br\/mix\/wp-json\/wp\/v2\/comments?post=38087"}],"version-history":[{"count":1,"href":"https:\/\/diariodocomercio.com.br\/mix\/wp-json\/wp\/v2\/posts\/38087\/revisions"}],"predecessor-version":[{"id":38091,"href":"https:\/\/diariodocomercio.com.br\/mix\/wp-json\/wp\/v2\/posts\/38087\/revisions\/38091"}],"wp:featuredmedia":[{"embeddable":true,"href":"https:\/\/diariodocomercio.com.br\/mix\/wp-json\/wp\/v2\/media\/10817"}],"wp:attachment":[{"href":"https:\/\/diariodocomercio.com.br\/mix\/wp-json\/wp\/v2\/media?parent=38087"}],"wp:term":[{"taxonomy":"category","embeddable":true,"href":"https:\/\/diariodocomercio.com.br\/mix\/wp-json\/wp\/v2\/categories?post=38087"},{"taxonomy":"post_tag","embeddable":true,"href":"https:\/\/diariodocomercio.com.br\/mix\/wp-json\/wp\/v2\/tags?post=38087"}],"curies":[{"name":"wp","href":"https:\/\/api.w.org\/{rel}","templated":true}]}}