{"id":38094,"date":"2026-03-14T12:50:00","date_gmt":"2026-03-14T15:50:00","guid":{"rendered":"https:\/\/diariodocomercio.com.br\/mix\/?p=38094"},"modified":"2026-03-11T15:41:50","modified_gmt":"2026-03-11T18:41:50","slug":"nestle-vai-lancar-suplemento-inedito-no-brasil-que-pode-adicionar-anos-de-vida-em-quem-ja-chegou-nos-40","status":"publish","type":"post","link":"https:\/\/diariodocomercio.com.br\/mix\/nestle-vai-lancar-suplemento-inedito-no-brasil-que-pode-adicionar-anos-de-vida-em-quem-ja-chegou-nos-40\/","title":{"rendered":"Nestl\u00e9 vai lan\u00e7ar suplemento in\u00e9dito no Brasil, que pode adicionar anos de vida em quem j\u00e1 chegou nos 40"},"content":{"rendered":"\n<p>A Nestl\u00e9 anunciou o lan\u00e7amento de um novo suplemento nutricional voltado para pessoas com mais de 40 anos. Batizado de Nestl\u00e9 Vital, o produto ter\u00e1 o Brasil como primeiro mercado global, com produ\u00e7\u00e3o concentrada na f\u00e1brica da empresa em Ara\u00e7atuba, no interior de S\u00e3o Paulo.<\/p>\n\n\n\n<p>Segundo a companhia, a nova linha foi desenvolvida com foco em sa\u00fade, bem-estar e longevidade, e faz parte de uma estrat\u00e9gia para ampliar a presen\u00e7a da multinacional no segmento de nutri\u00e7\u00e3o. A expectativa \u00e9 que o produto seja exportado ainda em 2026 para pa\u00edses da Am\u00e9rica Latina, Europa e \u00c1sia.<\/p>\n\n\n\n<p>O Nestl\u00e9 Vital ser\u00e1 comercializado inicialmente em <strong>duas vers\u00f5es em p\u00f3<\/strong>: uma para consumo durante o dia e outra para a noite. A proposta \u00e9 oferecer uma solu\u00e7\u00e3o nutricional que atenda diferentes necessidades do organismo ao longo do dia.<\/p>\n\n\n\n<p>A vers\u00e3o diurna inclui ingredientes associados ao aumento de energia, como <strong>taurina<\/strong>, enquanto a formula\u00e7\u00e3o noturna cont\u00e9m <strong>triptofano e magn\u00e9sio<\/strong>, subst\u00e2ncias relacionadas ao relaxamento e \u00e0 qualidade do sono.<\/p>\n\n\n<div class=\"wp-block-image\">\n<figure class=\"aligncenter size-full\"><img decoding=\"async\" width=\"794\" height=\"514\" src=\"https:\/\/diariodocomercio.com.br\/mix\/wp-content\/uploads\/2026\/03\/image-86.png\" alt=\"\" class=\"wp-image-38095\" srcset=\"https:\/\/diariodocomercio.com.br\/mix\/wp-content\/uploads\/2026\/03\/image-86.png 794w, https:\/\/diariodocomercio.com.br\/mix\/wp-content\/uploads\/2026\/03\/image-86-300x194.png 300w, https:\/\/diariodocomercio.com.br\/mix\/wp-content\/uploads\/2026\/03\/image-86-768x497.png 768w, https:\/\/diariodocomercio.com.br\/mix\/wp-content\/uploads\/2026\/03\/image-86-150x97.png 150w, https:\/\/diariodocomercio.com.br\/mix\/wp-content\/uploads\/2026\/03\/image-86-750x486.png 750w\" sizes=\"(max-width: 794px) 100vw, 794px\" \/><figcaption class=\"wp-element-caption\">(Divulga\u00e7\u00e3o\/Nestl\u00e9)<\/figcaption><\/figure>\n<\/div>\n\n\n<p>Ambas as vers\u00f5es tamb\u00e9m possuem <strong>col\u00e1geno, colina e fibras<\/strong>. Cada por\u00e7\u00e3o preparada com \u00e1gua oferece cerca de <strong>15 gramas de prote\u00edna<\/strong>, podendo chegar a <strong>23 gramas quando preparada com leite<\/strong>, al\u00e9m de aproximadamente <strong>6 gramas de fibra<\/strong>.<\/p>\n\n\n\n<p>De acordo com a empresa, o produto busca substituir o consumo de m\u00faltiplos suplementos em c\u00e1psulas ou f\u00f3rmulas separadas, reunindo diferentes nutrientes em uma \u00fanica solu\u00e7\u00e3o.<\/p>\n\n\n\n<h2 class=\"wp-block-heading\"><strong>Brasil lidera lan\u00e7amento global<\/strong><\/h2>\n\n\n\n<p>A escolha do Brasil como mercado inicial reflete o crescimento do setor de produtos voltados \u00e0 longevidade. Estimativas apontam que o <strong>mercado de suplementos para esse p\u00fablico movimenta cerca de R$ 1 bilh\u00e3o no pa\u00eds<\/strong>.<\/p>\n\n\n\n<p>A Nestl\u00e9 investiu aproximadamente <strong>R$ 203 milh\u00f5es<\/strong> no desenvolvimento da nova marca. A distribui\u00e7\u00e3o inicial ser\u00e1 feita principalmente por <strong>redes de farm\u00e1cias e plataformas de com\u00e9rcio eletr\u00f4nico<\/strong>, com expans\u00e3o gradual para supermercados e outros canais de varejo.<\/p>\n\n\n\n<p>Al\u00e9m do produto, a empresa tamb\u00e9m pretende lan\u00e7ar uma plataforma digital chamada <strong>Smart Aging<\/strong>, que oferecer\u00e1 conte\u00fados sobre alimenta\u00e7\u00e3o saud\u00e1vel, exerc\u00edcios f\u00edsicos, medita\u00e7\u00e3o e bem-estar por meio de QR codes nas embalagens.<\/p>\n\n\n\n<h2 class=\"wp-block-heading\"><strong>Estrat\u00e9gia focada em nutri\u00e7\u00e3o e sa\u00fade<\/strong><\/h2>\n\n\n\n<p>O lan\u00e7amento do Vital ocorre em meio a uma reorganiza\u00e7\u00e3o estrat\u00e9gica da Nestl\u00e9, que passou a concentrar suas opera\u00e7\u00f5es em quatro grandes \u00e1reas: <strong>caf\u00e9, petcare, nutri\u00e7\u00e3o e alimentos e snacks<\/strong>.<\/p>\n\n\n\n<p>Atualmente, as tr\u00eas primeiras categorias j\u00e1 representam cerca de <strong>70% das vendas globais da companhia<\/strong>. Dentro desse contexto, o novo suplemento amplia o portf\u00f3lio da empresa em produtos voltados \u00e0 sa\u00fade, que j\u00e1 inclui marcas como <strong>Nutren Senior<\/strong>.<\/p>\n","protected":false},"excerpt":{"rendered":"<p>A Nestl\u00e9 anunciou o lan\u00e7amento de um novo suplemento nutricional voltado para pessoas com mais de 40 anos. Batizado de Nestl\u00e9 Vital, o produto ter\u00e1 o Brasil como primeiro mercado global, com produ\u00e7\u00e3o concentrada na f\u00e1brica da empresa em Ara\u00e7atuba, no interior de S\u00e3o Paulo. Segundo a companhia, a nova linha foi desenvolvida com foco [&hellip;]<\/p>\n","protected":false},"author":9,"featured_media":21895,"comment_status":"closed","ping_status":"closed","sticky":false,"template":"","format":"standard","meta":{"jnews-multi-image_gallery":[],"jnews_single_post":{"format":"standard"},"jnews_primary_category":[],"jnews_social_meta":[],"jnews_override_counter":[],"jnews_post_split":[],"footnotes":""},"categories":[1],"tags":[],"class_list":["post-38094","post","type-post","status-publish","format-standard","has-post-thumbnail","hentry","category-geral"],"_referencia":"","_links":{"self":[{"href":"https:\/\/diariodocomercio.com.br\/mix\/wp-json\/wp\/v2\/posts\/38094","targetHints":{"allow":["GET"]}}],"collection":[{"href":"https:\/\/diariodocomercio.com.br\/mix\/wp-json\/wp\/v2\/posts"}],"about":[{"href":"https:\/\/diariodocomercio.com.br\/mix\/wp-json\/wp\/v2\/types\/post"}],"author":[{"embeddable":true,"href":"https:\/\/diariodocomercio.com.br\/mix\/wp-json\/wp\/v2\/users\/9"}],"replies":[{"embeddable":true,"href":"https:\/\/diariodocomercio.com.br\/mix\/wp-json\/wp\/v2\/comments?post=38094"}],"version-history":[{"count":1,"href":"https:\/\/diariodocomercio.com.br\/mix\/wp-json\/wp\/v2\/posts\/38094\/revisions"}],"predecessor-version":[{"id":38096,"href":"https:\/\/diariodocomercio.com.br\/mix\/wp-json\/wp\/v2\/posts\/38094\/revisions\/38096"}],"wp:featuredmedia":[{"embeddable":true,"href":"https:\/\/diariodocomercio.com.br\/mix\/wp-json\/wp\/v2\/media\/21895"}],"wp:attachment":[{"href":"https:\/\/diariodocomercio.com.br\/mix\/wp-json\/wp\/v2\/media?parent=38094"}],"wp:term":[{"taxonomy":"category","embeddable":true,"href":"https:\/\/diariodocomercio.com.br\/mix\/wp-json\/wp\/v2\/categories?post=38094"},{"taxonomy":"post_tag","embeddable":true,"href":"https:\/\/diariodocomercio.com.br\/mix\/wp-json\/wp\/v2\/tags?post=38094"}],"curies":[{"name":"wp","href":"https:\/\/api.w.org\/{rel}","templated":true}]}}