{"id":38103,"date":"2026-03-11T17:09:00","date_gmt":"2026-03-11T20:09:00","guid":{"rendered":"https:\/\/diariodocomercio.com.br\/mix\/?p=38103"},"modified":"2026-03-11T16:54:40","modified_gmt":"2026-03-11T19:54:40","slug":"pis-pasep-e-adiantado-e-trabalhadores-recebem-pagamento-extra-em-16-03","status":"publish","type":"post","link":"https:\/\/diariodocomercio.com.br\/mix\/pis-pasep-e-adiantado-e-trabalhadores-recebem-pagamento-extra-em-16-03\/","title":{"rendered":"PIS\/Pasep \u00e9 adiantado e trabalhadores recebem pagamento extra em 16\/03"},"content":{"rendered":"\n<p>O governo brasileiro, por meio do Conselho Deliberativo do Fundo de Amparo ao Trabalhador (Codefat), adiantou o pagamento do <strong>abono salarial<\/strong> para cidades de Minas Gerais afetadas por chuvas intensas. O an\u00fancio ocorreu em 4 de mar\u00e7o e visa aliviar as dificuldades dos trabalhadores em regi\u00f5es declaradas em <strong>estado de calamidade.<\/strong><\/p>\n\n\n\n<p>Inicialmente programado para ser pago entre abril e agosto de 2026, o abono ser\u00e1 disponibilizado j\u00e1 a partir de <strong>16 de mar\u00e7o<\/strong> do mesmo ano. A medida beneficia trabalhadores nascidos entre mar\u00e7o e dezembro, com v\u00ednculo empregat\u00edcio em Juiz de Fora, Matias Barbosa e Ub\u00e1. Cerca de 96.077 trabalhadores ser\u00e3o atendidos, injetando R$ 122,3 milh\u00f5es na economia local.<\/p>\n\n\n\n<h2 class=\"wp-block-heading\">Acesso ao benef\u00edcio<\/h2>\n\n\n\n<p>Os trabalhadores com contas no <strong>Banco do Brasil<\/strong> ou <strong>Caixa Econ\u00f4mica Federal <\/strong>ter\u00e3o o abono creditado automaticamente. Isso elimina a necessidade de deslocamento para saque, facilitando o acesso ao benef\u00edcio.<\/p>\n\n\n\n<p>Al\u00e9m disso, informa\u00e7\u00f5es sobre o abono est\u00e3o dispon\u00edveis na <strong>Carteira de Trabalho Digital <\/strong>(CTPS Digital) e no <strong>portal gov.br, <\/strong>garantindo que todos possam acessar dados importantes rapidamente.<\/p>\n\n\n\n<h2 class=\"wp-block-heading\">Relev\u00e2ncia econ\u00f4mica para Minas Gerais<\/h2>\n\n\n\n<p>A libera\u00e7\u00e3o dos recursos traz impacto significativo \u00e0s cidades afetadas. Juiz de Fora recebe a maior parte, com 76.240 trabalhadores beneficiados, seguido por Ub\u00e1 e Matias Barbosa.<\/p>\n\n\n\n<p>O montante antecipado n\u00e3o apenas ameniza a situa\u00e7\u00e3o financeira imediata dos benefici\u00e1rios, mas tamb\u00e9m estimula a economia local.<\/p>\n\n\n\n<p>A antecipa\u00e7\u00e3o do abono salarial \u00e9 vital para fam\u00edlias que enfrentam dificuldades devido \u00e0s calamidades.<\/p>\n\n\n\n<p>A Resolu\u00e7\u00e3o CODEFAT n\u00ba 1.037, que viabiliza a antecipa\u00e7\u00e3o, reflete a urg\u00eancia de respostas governamentais diante de emerg\u00eancias humanit\u00e1rias como esta.&nbsp;<\/p>\n\n\n\n<p>Apesar de concentrar esfor\u00e7os na antecipa\u00e7\u00e3o do abono, o governo permanece vigilante, acompanhando o desenrolar das necessidades e ajustando a\u00e7\u00f5es conforme necess\u00e1rio.&nbsp;<\/p>\n","protected":false},"excerpt":{"rendered":"<p>Inicialmente programado para ser pago entre abril e agosto, o abono ser\u00e1 disponibilizado j\u00e1 a partir de 16 de mar\u00e7o.<\/p>\n","protected":false},"author":12,"featured_media":11602,"comment_status":"closed","ping_status":"closed","sticky":false,"template":"","format":"standard","meta":{"jnews-multi-image_gallery":[],"jnews_single_post":{"format":"standard"},"jnews_primary_category":[],"jnews_social_meta":[],"jnews_override_counter":[],"jnews_post_split":[],"footnotes":""},"categories":[1],"tags":[],"class_list":["post-38103","post","type-post","status-publish","format-standard","has-post-thumbnail","hentry","category-geral"],"_referencia":"","_links":{"self":[{"href":"https:\/\/diariodocomercio.com.br\/mix\/wp-json\/wp\/v2\/posts\/38103","targetHints":{"allow":["GET"]}}],"collection":[{"href":"https:\/\/diariodocomercio.com.br\/mix\/wp-json\/wp\/v2\/posts"}],"about":[{"href":"https:\/\/diariodocomercio.com.br\/mix\/wp-json\/wp\/v2\/types\/post"}],"author":[{"embeddable":true,"href":"https:\/\/diariodocomercio.com.br\/mix\/wp-json\/wp\/v2\/users\/12"}],"replies":[{"embeddable":true,"href":"https:\/\/diariodocomercio.com.br\/mix\/wp-json\/wp\/v2\/comments?post=38103"}],"version-history":[{"count":1,"href":"https:\/\/diariodocomercio.com.br\/mix\/wp-json\/wp\/v2\/posts\/38103\/revisions"}],"predecessor-version":[{"id":38108,"href":"https:\/\/diariodocomercio.com.br\/mix\/wp-json\/wp\/v2\/posts\/38103\/revisions\/38108"}],"wp:featuredmedia":[{"embeddable":true,"href":"https:\/\/diariodocomercio.com.br\/mix\/wp-json\/wp\/v2\/media\/11602"}],"wp:attachment":[{"href":"https:\/\/diariodocomercio.com.br\/mix\/wp-json\/wp\/v2\/media?parent=38103"}],"wp:term":[{"taxonomy":"category","embeddable":true,"href":"https:\/\/diariodocomercio.com.br\/mix\/wp-json\/wp\/v2\/categories?post=38103"},{"taxonomy":"post_tag","embeddable":true,"href":"https:\/\/diariodocomercio.com.br\/mix\/wp-json\/wp\/v2\/tags?post=38103"}],"curies":[{"name":"wp","href":"https:\/\/api.w.org\/{rel}","templated":true}]}}