{"id":38109,"date":"2026-03-11T17:31:00","date_gmt":"2026-03-11T20:31:00","guid":{"rendered":"https:\/\/diariodocomercio.com.br\/mix\/?p=38109"},"modified":"2026-03-11T17:00:49","modified_gmt":"2026-03-11T20:00:49","slug":"terceira-guerra-mundial-russia-se-une-ao-ira-para-atingir-os-eua","status":"publish","type":"post","link":"https:\/\/diariodocomercio.com.br\/mix\/terceira-guerra-mundial-russia-se-une-ao-ira-para-atingir-os-eua\/","title":{"rendered":"Terceira Guerra Mundial? R\u00fassia se une ao Ir\u00e3 para atingir os EUA"},"content":{"rendered":"\n<p>A parceria entre a <strong>R\u00fassia <\/strong>e o <strong>Ir\u00e3<\/strong> no campo dos <strong>drones <\/strong>est\u00e1 reformulando a geopol\u00edtica global em 2026. O desenvolvimento desta colabora\u00e7\u00e3o \u00e9 resultado da aplica\u00e7\u00e3o de experi\u00eancias russas adquiridas na guerra na Ucr\u00e2nia, que agora s\u00e3o compartilhadas com o Ir\u00e3.<\/p>\n\n\n\n<p>A R\u00fassia, ao ampliar sua influ\u00eancia internacional, visa fortalecer o poder militar iraniano. Atualmente, Israel e Estados Unidos est\u00e3o em guerra contra o Ir\u00e3.<\/p>\n\n\n\n<p>Uma fonte de intelig\u00eancia ocidental afirmou \u00e0<strong> CNN<\/strong> que a R\u00fassia compartilha estrat\u00e9gias de ataque e orienta\u00e7\u00f5es militares com o Ir\u00e3 para atingir alvos dos EUA e de pa\u00edses do Golfo.<\/p>\n\n\n\n<h2 class=\"wp-block-heading\">Colabora\u00e7\u00e3o tecnol\u00f3gica em drones<\/h2>\n\n\n\n<p>A fabrica\u00e7\u00e3o conjunta dos drones Shahed, projetados pelo Ir\u00e3 e produzidos pela R\u00fassia, \u00e9 um exemplo desse avan\u00e7o. Estes drones conseguiram penetrar defesas a\u00e9reas sofisticadas nos pa\u00edses do Golfo P\u00e9rsico.<\/p>\n\n\n\n<p>Tal capacidade desafia a seguran\u00e7a das pot\u00eancias ocidentais presentes na regi\u00e3o. Com isso, h\u00e1 um aumento expressivo no investimento em defesa por parte desses pa\u00edses para contrabalan\u00e7ar as amea\u00e7as emergentes.<\/p>\n\n\n\n<h2 class=\"wp-block-heading\">Novas t\u00e1ticas de guerra<\/h2>\n\n\n\n<p>A parceria vai al\u00e9m da mera produ\u00e7\u00e3o de drones, englobando o desenvolvimento de novas t\u00e1ticas de ataque. Os russos compartilham com os iranianos estrat\u00e9gias de campo testadas, como o uso simult\u00e2neo de m\u00faltiplos drones para superar defesas inimigas.<\/p>\n\n\n\n<p>Embora os detalhes dessas t\u00e1ticas n\u00e3o sejam amplamente conhecidos, a colabora\u00e7\u00e3o sugere um aumento no uso de t\u00e9cnicas coordenadas de ataque.<\/p>\n\n\n\n<h2 class=\"wp-block-heading\">Rea\u00e7\u00f5es da comunidade internacional<\/h2>\n\n\n\n<p>Na\u00e7\u00f5es ocidentais e do Golfo t\u00eam demonstrado inquieta\u00e7\u00e3o com essa alian\u00e7a, especialmente devido ao apoio do Ir\u00e3 a influ\u00eancias regionais desestabilizadoras.<\/p>\n\n\n\n<p>As movimenta\u00e7\u00f5es no Estreito de Ormuz, um ponto cr\u00edtico para o petr\u00f3leo global, provocam discuss\u00f5es em f\u00f3runs internacionais sobre controle de armamentos aut\u00f4nomos.<\/p>\n","protected":false},"excerpt":{"rendered":"<p>A parceria entre a R\u00fassia e o Ir\u00e3 no campo dos drones est\u00e1 reformulando a geopol\u00edtica global em 2026. <\/p>\n","protected":false},"author":12,"featured_media":10509,"comment_status":"closed","ping_status":"closed","sticky":false,"template":"","format":"standard","meta":{"jnews-multi-image_gallery":[],"jnews_single_post":{"format":"standard"},"jnews_primary_category":[],"jnews_social_meta":[],"jnews_override_counter":[],"jnews_post_split":[],"footnotes":""},"categories":[1],"tags":[],"class_list":["post-38109","post","type-post","status-publish","format-standard","has-post-thumbnail","hentry","category-geral"],"_referencia":"","_links":{"self":[{"href":"https:\/\/diariodocomercio.com.br\/mix\/wp-json\/wp\/v2\/posts\/38109","targetHints":{"allow":["GET"]}}],"collection":[{"href":"https:\/\/diariodocomercio.com.br\/mix\/wp-json\/wp\/v2\/posts"}],"about":[{"href":"https:\/\/diariodocomercio.com.br\/mix\/wp-json\/wp\/v2\/types\/post"}],"author":[{"embeddable":true,"href":"https:\/\/diariodocomercio.com.br\/mix\/wp-json\/wp\/v2\/users\/12"}],"replies":[{"embeddable":true,"href":"https:\/\/diariodocomercio.com.br\/mix\/wp-json\/wp\/v2\/comments?post=38109"}],"version-history":[{"count":1,"href":"https:\/\/diariodocomercio.com.br\/mix\/wp-json\/wp\/v2\/posts\/38109\/revisions"}],"predecessor-version":[{"id":38115,"href":"https:\/\/diariodocomercio.com.br\/mix\/wp-json\/wp\/v2\/posts\/38109\/revisions\/38115"}],"wp:featuredmedia":[{"embeddable":true,"href":"https:\/\/diariodocomercio.com.br\/mix\/wp-json\/wp\/v2\/media\/10509"}],"wp:attachment":[{"href":"https:\/\/diariodocomercio.com.br\/mix\/wp-json\/wp\/v2\/media?parent=38109"}],"wp:term":[{"taxonomy":"category","embeddable":true,"href":"https:\/\/diariodocomercio.com.br\/mix\/wp-json\/wp\/v2\/categories?post=38109"},{"taxonomy":"post_tag","embeddable":true,"href":"https:\/\/diariodocomercio.com.br\/mix\/wp-json\/wp\/v2\/tags?post=38109"}],"curies":[{"name":"wp","href":"https:\/\/api.w.org\/{rel}","templated":true}]}}