{"id":38118,"date":"2026-03-11T19:03:19","date_gmt":"2026-03-11T22:03:19","guid":{"rendered":"https:\/\/diariodocomercio.com.br\/mix\/?p=38118"},"modified":"2026-03-11T19:03:21","modified_gmt":"2026-03-11T22:03:21","slug":"pe-de-meia-confirma-data-e-vai-liberar-pagamento-de-r-3-00000-a-estudantes","status":"publish","type":"post","link":"https:\/\/diariodocomercio.com.br\/mix\/pe-de-meia-confirma-data-e-vai-liberar-pagamento-de-r-3-00000-a-estudantes\/","title":{"rendered":"P\u00e9-de-Meia confirma data e vai liberar pagamento de R$ 3.000,00 a estudantes"},"content":{"rendered":"\n<p>Estudantes benefici\u00e1rios do programa P\u00e9-de-Meia, do Minist\u00e9rio da Educa\u00e7\u00e3o (MEC), poder\u00e3o receber at\u00e9 R$ 3 mil referentes a incentivos acumulados ao longo do ensino m\u00e9dio. O pagamento faz parte do cronograma oficial do programa e deve ocorrer entre 22 de fevereiro e 1\u00ba de mar\u00e7o de 2027, seguindo calend\u00e1rio organizado conforme o m\u00eas de nascimento dos alunos.<\/p>\n\n\n\n<p>Os valores contemplam R$ 1 mil destinados aos estudantes que conclu\u00edram o ensino m\u00e9dio, al\u00e9m do desbloqueio de R$ 2 mil acumulados nos anos anteriores do programa. Tamb\u00e9m est\u00e1 previsto um b\u00f4nus adicional de R$ 200 para os alunos que participaram dos dois dias de prova do Exame Nacional do Ensino M\u00e9dio (Enem).<\/p>\n\n\n\n<p>De acordo com o MEC, o pagamento do incentivo de conclus\u00e3o n\u00e3o ocorre automaticamente ap\u00f3s o encerramento do ano letivo. Para que o valor seja liberado, \u00e9 necess\u00e1rio que as secretarias estaduais e municipais de Educa\u00e7\u00e3o confirmem os dados dos estudantes.<\/p>\n\n\n\n<p>Esse processo ocorre em duas etapas: primeiro, a confirma\u00e7\u00e3o da aprova\u00e7\u00e3o no fim do ano letivo e, posteriormente, a valida\u00e7\u00e3o da conclus\u00e3o do ensino m\u00e9dio. Somente ap\u00f3s a atualiza\u00e7\u00e3o dessas informa\u00e7\u00f5es o pagamento \u00e9 autorizado.<\/p>\n\n\n\n<p>Caso haja atraso no envio dos dados pelas redes de ensino, os valores poder\u00e3o ser depositados em outras datas previstas no calend\u00e1rio do programa, que se estende at\u00e9 o in\u00edcio de julho.<\/p>\n\n\n\n<h3 class=\"wp-block-heading\">Incentivo funciona como poupan\u00e7a estudantil<\/h3>\n\n\n\n<p>O P\u00e9-de-Meia \u00e9 um programa federal que oferece incentivos financeiros a estudantes do ensino m\u00e9dio p\u00fablico inscritos no Cadastro \u00danico (Cad\u00danico). A iniciativa beneficia cerca de 4 milh\u00f5es de jovens em todo o pa\u00eds.<\/p>\n\n\n\n<p>A proposta funciona como uma esp\u00e9cie de <strong>poupan\u00e7a educacional<\/strong>, com dep\u00f3sitos feitos ao longo dos anos do ensino m\u00e9dio para estimular a perman\u00eancia na escola e reduzir a evas\u00e3o escolar.<\/p>\n\n\n\n<p>Enquanto os estudantes do 3\u00ba ano que conclu\u00edram o ensino m\u00e9dio podem sacar imediatamente o incentivo de conclus\u00e3o, os alunos do 1\u00ba e 2\u00ba anos recebem R$ 1 mil que permanecem bloqueados at\u00e9 o t\u00e9rmino da etapa escolar.<\/p>\n\n\n\n<p>O MEC orienta os benefici\u00e1rios a acompanharem sua situa\u00e7\u00e3o por meio da p\u00e1gina <strong>\u201cConsulta P\u00e9-de-Meia\u201d<\/strong>, dispon\u00edvel com acesso pela conta <strong><a href=\"http:\/\/gov.br\" target=\"_blank\" rel=\"noopener\">Gov.br<\/a><\/strong>.<\/p>\n","protected":false},"excerpt":{"rendered":"<p>Estudantes benefici\u00e1rios do programa P\u00e9-de-Meia, do Minist\u00e9rio da Educa\u00e7\u00e3o (MEC), poder\u00e3o receber at\u00e9 R$ 3 mil referentes a incentivos acumulados ao longo do ensino m\u00e9dio. O pagamento faz parte do cronograma oficial do programa e deve ocorrer entre 22 de fevereiro e 1\u00ba de mar\u00e7o de 2027, seguindo calend\u00e1rio organizado conforme o m\u00eas de nascimento [&hellip;]<\/p>\n","protected":false},"author":9,"featured_media":6223,"comment_status":"closed","ping_status":"closed","sticky":false,"template":"","format":"standard","meta":{"jnews-multi-image_gallery":[],"jnews_single_post":{"format":"standard"},"jnews_primary_category":[],"jnews_social_meta":[],"jnews_override_counter":[],"jnews_post_split":[],"footnotes":""},"categories":[1],"tags":[],"class_list":["post-38118","post","type-post","status-publish","format-standard","has-post-thumbnail","hentry","category-geral"],"_referencia":"","_links":{"self":[{"href":"https:\/\/diariodocomercio.com.br\/mix\/wp-json\/wp\/v2\/posts\/38118","targetHints":{"allow":["GET"]}}],"collection":[{"href":"https:\/\/diariodocomercio.com.br\/mix\/wp-json\/wp\/v2\/posts"}],"about":[{"href":"https:\/\/diariodocomercio.com.br\/mix\/wp-json\/wp\/v2\/types\/post"}],"author":[{"embeddable":true,"href":"https:\/\/diariodocomercio.com.br\/mix\/wp-json\/wp\/v2\/users\/9"}],"replies":[{"embeddable":true,"href":"https:\/\/diariodocomercio.com.br\/mix\/wp-json\/wp\/v2\/comments?post=38118"}],"version-history":[{"count":1,"href":"https:\/\/diariodocomercio.com.br\/mix\/wp-json\/wp\/v2\/posts\/38118\/revisions"}],"predecessor-version":[{"id":38133,"href":"https:\/\/diariodocomercio.com.br\/mix\/wp-json\/wp\/v2\/posts\/38118\/revisions\/38133"}],"wp:featuredmedia":[{"embeddable":true,"href":"https:\/\/diariodocomercio.com.br\/mix\/wp-json\/wp\/v2\/media\/6223"}],"wp:attachment":[{"href":"https:\/\/diariodocomercio.com.br\/mix\/wp-json\/wp\/v2\/media?parent=38118"}],"wp:term":[{"taxonomy":"category","embeddable":true,"href":"https:\/\/diariodocomercio.com.br\/mix\/wp-json\/wp\/v2\/categories?post=38118"},{"taxonomy":"post_tag","embeddable":true,"href":"https:\/\/diariodocomercio.com.br\/mix\/wp-json\/wp\/v2\/tags?post=38118"}],"curies":[{"name":"wp","href":"https:\/\/api.w.org\/{rel}","templated":true}]}}