{"id":38134,"date":"2026-03-11T19:17:05","date_gmt":"2026-03-11T22:17:05","guid":{"rendered":"https:\/\/diariodocomercio.com.br\/mix\/?p=38134"},"modified":"2026-03-11T19:17:07","modified_gmt":"2026-03-11T22:17:07","slug":"ana-paula-deixa-de-ser-a-queridinha-do-publico-para-levar-o-bbb-26-saiba-quem-e-o-forte-candidato","status":"publish","type":"post","link":"https:\/\/diariodocomercio.com.br\/mix\/ana-paula-deixa-de-ser-a-queridinha-do-publico-para-levar-o-bbb-26-saiba-quem-e-o-forte-candidato\/","title":{"rendered":"Ana Paula deixa de ser a queridinha do p\u00fablico para levar o BBB 26; saiba quem \u00e9 o forte candidato"},"content":{"rendered":"\n<p>A disputa pelo pr\u00eamio do <strong>BBB 26<\/strong> ganhou novos contornos ap\u00f3s a elimina\u00e7\u00e3o do ator <strong>Babu Santana<\/strong>, que deixou o programa com <strong>68,62% da m\u00e9dia dos votos<\/strong> no pared\u00e3o exibido na ter\u00e7a-feira (10). Com a sa\u00edda do participante, enquetes realizadas por ve\u00edculos especializados apontam mudan\u00e7as no ranking de favoritismo entre os confinados.<\/p>\n\n\n\n<p>Embora a jornalista <strong>Ana Paula Renault<\/strong> siga entre os nomes mais fortes da edi\u00e7\u00e3o, o modelo <strong>Jonas Sulzbach<\/strong> passou a liderar algumas proje\u00e7\u00f5es de prefer\u00eancia do p\u00fablico, indicando uma poss\u00edvel virada na disputa.<\/p>\n\n\n\n<p>Em levantamento divulgado pelo site do jornal <em>Extra<\/em>, Jonas aparece na lideran\u00e7a da prefer\u00eancia do p\u00fablico, com <strong>38,58% dos votos<\/strong>, seguido de perto por <strong>Ana Paula Renault<\/strong>, que registra <strong>35,37%<\/strong>. Em terceiro lugar surge outro veterano do programa, <strong>Alberto \u201cCowboy\u201d<\/strong>, com <strong>11,9%<\/strong>.<\/p>\n\n\n\n<p>J\u00e1 em enquete realizada pelo portal <em>Not\u00edcias da TV<\/em>, com cerca de <strong>112 mil votos<\/strong>, Ana Paula ainda aparece em primeiro lugar, com <strong>35,33%<\/strong>, seguida por <strong>Jordana Morais<\/strong>, com <strong>30,03%<\/strong>, enquanto Jonas ocupa a terceira posi\u00e7\u00e3o, com <strong>11,62%<\/strong>.<\/p>\n\n\n\n<p>O desempenho de Jonas nas enquetes tem sido associado \u00e0 sua posi\u00e7\u00e3o de <strong>opositor direto de Ana Paula dentro da casa<\/strong>, o que acabou atraindo parte do p\u00fablico que busca uma alternativa \u00e0 jornalista na disputa final.<\/p>\n\n\n\n<h2 class=\"wp-block-heading\"><strong>Rea\u00e7\u00f5es ap\u00f3s a elimina\u00e7\u00e3o<\/strong><\/h2>\n\n\n\n<p>A sa\u00edda de Babu provocou rea\u00e7\u00f5es diversas entre os participantes durante a madrugada desta quarta-feira (11). Alguns brothers lamentaram a elimina\u00e7\u00e3o do ator, enquanto outros come\u00e7aram a recalcular estrat\u00e9gias no jogo.<\/p>\n\n\n\n<p>\u201cEstou baqueado. Qualquer um de voc\u00eas que sa\u00edsse, apesar de jogo, eu ficaria assim\u201d, afirmou <strong>Juliano Floss<\/strong> ap\u00f3s o resultado do pared\u00e3o.<\/p>\n\n\n\n<p>A advogada <strong>Jordana Morais<\/strong> tamb\u00e9m comentou o clima entre os participantes e demonstrou preocupa\u00e7\u00e3o com poss\u00edveis mudan\u00e7as nas alian\u00e7as dentro da casa.<\/p>\n\n\n\n<p>Durante a noite, <strong>Ana Paula Renault<\/strong> chegou a pedir a Juliano que evitasse comentar determinadas percep\u00e7\u00f5es de jogo na frente de outro participante, indicando que as conversas estrat\u00e9gicas devem se intensificar na reta decisiva do programa.<\/p>\n","protected":false},"excerpt":{"rendered":"<p>A disputa pelo pr\u00eamio do BBB 26 ganhou novos contornos ap\u00f3s a elimina\u00e7\u00e3o do ator Babu Santana, que deixou o programa com 68,62% da m\u00e9dia dos votos no pared\u00e3o exibido na ter\u00e7a-feira (10). Com a sa\u00edda do participante, enquetes realizadas por ve\u00edculos especializados apontam mudan\u00e7as no ranking de favoritismo entre os confinados. Embora a jornalista [&hellip;]<\/p>\n","protected":false},"author":9,"featured_media":38138,"comment_status":"closed","ping_status":"closed","sticky":false,"template":"","format":"standard","meta":{"jnews-multi-image_gallery":[],"jnews_single_post":{"format":"standard"},"jnews_primary_category":[],"jnews_social_meta":[],"jnews_override_counter":[],"jnews_post_split":[],"footnotes":""},"categories":[1],"tags":[],"class_list":["post-38134","post","type-post","status-publish","format-standard","has-post-thumbnail","hentry","category-geral"],"_referencia":"","_links":{"self":[{"href":"https:\/\/diariodocomercio.com.br\/mix\/wp-json\/wp\/v2\/posts\/38134","targetHints":{"allow":["GET"]}}],"collection":[{"href":"https:\/\/diariodocomercio.com.br\/mix\/wp-json\/wp\/v2\/posts"}],"about":[{"href":"https:\/\/diariodocomercio.com.br\/mix\/wp-json\/wp\/v2\/types\/post"}],"author":[{"embeddable":true,"href":"https:\/\/diariodocomercio.com.br\/mix\/wp-json\/wp\/v2\/users\/9"}],"replies":[{"embeddable":true,"href":"https:\/\/diariodocomercio.com.br\/mix\/wp-json\/wp\/v2\/comments?post=38134"}],"version-history":[{"count":1,"href":"https:\/\/diariodocomercio.com.br\/mix\/wp-json\/wp\/v2\/posts\/38134\/revisions"}],"predecessor-version":[{"id":38139,"href":"https:\/\/diariodocomercio.com.br\/mix\/wp-json\/wp\/v2\/posts\/38134\/revisions\/38139"}],"wp:featuredmedia":[{"embeddable":true,"href":"https:\/\/diariodocomercio.com.br\/mix\/wp-json\/wp\/v2\/media\/38138"}],"wp:attachment":[{"href":"https:\/\/diariodocomercio.com.br\/mix\/wp-json\/wp\/v2\/media?parent=38134"}],"wp:term":[{"taxonomy":"category","embeddable":true,"href":"https:\/\/diariodocomercio.com.br\/mix\/wp-json\/wp\/v2\/categories?post=38134"},{"taxonomy":"post_tag","embeddable":true,"href":"https:\/\/diariodocomercio.com.br\/mix\/wp-json\/wp\/v2\/tags?post=38134"}],"curies":[{"name":"wp","href":"https:\/\/api.w.org\/{rel}","templated":true}]}}