{"id":38137,"date":"2026-03-14T18:04:00","date_gmt":"2026-03-14T21:04:00","guid":{"rendered":"https:\/\/diariodocomercio.com.br\/mix\/?p=38137"},"modified":"2026-03-11T19:27:00","modified_gmt":"2026-03-11T22:27:00","slug":"veja-as-profissoes-que-garantem-aposentadoria-aos-33-anos-de-idade","status":"publish","type":"post","link":"https:\/\/diariodocomercio.com.br\/mix\/veja-as-profissoes-que-garantem-aposentadoria-aos-33-anos-de-idade\/","title":{"rendered":"Veja as profiss\u00f5es que garantem aposentadoria aos 33 anos de idade"},"content":{"rendered":"\n<p>Ao longo dos \u00faltimos anos, o debate acerca da <strong>aposentadoria especial<\/strong> para vigilantes vem se intensificando no Brasil. Uma recente decis\u00e3o do Supremo Tribunal Federal (STF), em 13 de fevereiro de 2026, determinou que a atividade de <strong>vigilante <\/strong>n\u00e3o \u00e9 considerada especial para fins de aposentadoria diferenciada. Enquanto isso, alguns grupos continuam com a possibilidade de aposentadoria r\u00e1pida.<\/p>\n\n\n\n<p>Profiss\u00f5es de minera\u00e7\u00e3o subterr\u00e2nea, por exemplo, ainda se beneficiam de uma aposentadoria com apenas <strong>15 anos de contribui\u00e7\u00e3o, <\/strong>devido ao alto n\u00edvel de risco envolvido.<\/p>\n\n\n\n<p>Isso quer dizer que, caso o trabalhador inicie na profiss\u00e3o contemplada aos 18 anos, ele se torna apto \u00e0 aposentadoria especial aos <strong>33,<\/strong> considerando quem tem direito adquirido pelas regras anteriores \u00e0 Reforma da Previd\u00eancia de 2019.<\/p>\n\n\n\n<h2 class=\"wp-block-heading\">Profiss\u00f5es favorecidas pela aposentadoria antecipada<\/h2>\n\n\n\n<p>Enquanto vigilantes enfrentam exig\u00eancias mais rigorosas, sete profiss\u00f5es continuam a dar um passo \u00e0 frente em termos de aposentadoria r\u00e1pida. Os trabalhadores do subsolo, expostos a riscos extremos, mant\u00eam esse direito. As profiss\u00f5es que garantem essa aposentadoria antecipada s\u00e3o:<\/p>\n\n\n\n<ul class=\"wp-block-list\">\n<li>Mineiro de subsolo<\/li>\n\n\n\n<li>Operador de britadeira no subsolo<\/li>\n\n\n\n<li>Carregador de rochas<\/li>\n\n\n\n<li>Cavouqueiro<\/li>\n\n\n\n<li>Choqueiro<\/li>\n\n\n\n<li>Perfurador de rochas<\/li>\n\n\n\n<li>Auxiliar de frente de produ\u00e7\u00e3o<\/li>\n<\/ul>\n\n\n\n<p>Essas ocupa\u00e7\u00f5es mant\u00eam a aposentadoria r\u00e1pida devido \u00e0s condi\u00e7\u00f5es insalubres e aos riscos ocupacionais elevados a que est\u00e3o submetidos. O ambiente de trabalho nocivo justifica a exce\u00e7\u00e3o \u00e0 regra geral, apesar da rigidez em outros casos previdenci\u00e1rios.<\/p>\n\n\n\n<p>A decis\u00e3o do STF sobre os vigilantes ter\u00e1 um impacto direto e imediato sobre o mercado de trabalho, obrigando vigilantes a seguirem regras de transi\u00e7\u00e3o mais duras. A reforma da previd\u00eancia de 2019 j\u00e1 havia estabelecido marcos claros para aposentadorias.<\/p>\n","protected":false},"excerpt":{"rendered":"<p>Profiss\u00f5es continuam a dar um passo \u00e0 frente em termos de aposentadoria r\u00e1pida.<\/p>\n","protected":false},"author":12,"featured_media":30459,"comment_status":"closed","ping_status":"closed","sticky":false,"template":"","format":"standard","meta":{"jnews-multi-image_gallery":[],"jnews_single_post":{"format":"standard"},"jnews_primary_category":[],"jnews_social_meta":[],"jnews_override_counter":[],"jnews_post_split":[],"footnotes":""},"categories":[1],"tags":[],"class_list":["post-38137","post","type-post","status-publish","format-standard","has-post-thumbnail","hentry","category-geral"],"_referencia":"","_links":{"self":[{"href":"https:\/\/diariodocomercio.com.br\/mix\/wp-json\/wp\/v2\/posts\/38137","targetHints":{"allow":["GET"]}}],"collection":[{"href":"https:\/\/diariodocomercio.com.br\/mix\/wp-json\/wp\/v2\/posts"}],"about":[{"href":"https:\/\/diariodocomercio.com.br\/mix\/wp-json\/wp\/v2\/types\/post"}],"author":[{"embeddable":true,"href":"https:\/\/diariodocomercio.com.br\/mix\/wp-json\/wp\/v2\/users\/12"}],"replies":[{"embeddable":true,"href":"https:\/\/diariodocomercio.com.br\/mix\/wp-json\/wp\/v2\/comments?post=38137"}],"version-history":[{"count":1,"href":"https:\/\/diariodocomercio.com.br\/mix\/wp-json\/wp\/v2\/posts\/38137\/revisions"}],"predecessor-version":[{"id":38141,"href":"https:\/\/diariodocomercio.com.br\/mix\/wp-json\/wp\/v2\/posts\/38137\/revisions\/38141"}],"wp:featuredmedia":[{"embeddable":true,"href":"https:\/\/diariodocomercio.com.br\/mix\/wp-json\/wp\/v2\/media\/30459"}],"wp:attachment":[{"href":"https:\/\/diariodocomercio.com.br\/mix\/wp-json\/wp\/v2\/media?parent=38137"}],"wp:term":[{"taxonomy":"category","embeddable":true,"href":"https:\/\/diariodocomercio.com.br\/mix\/wp-json\/wp\/v2\/categories?post=38137"},{"taxonomy":"post_tag","embeddable":true,"href":"https:\/\/diariodocomercio.com.br\/mix\/wp-json\/wp\/v2\/tags?post=38137"}],"curies":[{"name":"wp","href":"https:\/\/api.w.org\/{rel}","templated":true}]}}