{"id":38140,"date":"2026-03-11T19:31:54","date_gmt":"2026-03-11T22:31:54","guid":{"rendered":"https:\/\/diariodocomercio.com.br\/mix\/?p=38140"},"modified":"2026-03-12T09:59:44","modified_gmt":"2026-03-12T12:59:44","slug":"ator-brasileiro-sera-o-apresentador-do-oscar-2026","status":"publish","type":"post","link":"https:\/\/diariodocomercio.com.br\/mix\/ator-brasileiro-sera-o-apresentador-do-oscar-2026\/","title":{"rendered":"Ator brasileiro ser\u00e1 apresentador do Oscar 2026"},"content":{"rendered":"\n<p>O ator brasileiro <strong>Wagner Moura<\/strong> foi anunciado como um dos apresentadores da <strong>98\u00aa edi\u00e7\u00e3o do Oscar<\/strong>, marcada para este domingo (15). O convite foi divulgado pela <strong>Academia de Artes e Ci\u00eancias Cinematogr\u00e1ficas<\/strong> nas redes sociais da institui\u00e7\u00e3o, que confirmou a participa\u00e7\u00e3o do artista na cerim\u00f4nia respons\u00e1vel por premiar os principais destaques do cinema mundial.<\/p>\n\n\n\n<p>Embora a Academia n\u00e3o tenha informado qual categoria ser\u00e1 apresentada pelo ator baiano, o nome de Moura aparece ao lado de outros artistas convidados para a fun\u00e7\u00e3o, como <strong>Nicole Kidman, Pedro Pascal, Ewan McGregor, Sigourney Weaver, Channing Tatum e Jimmy Kimmel<\/strong>.<\/p>\n\n\n\n<p>A presen\u00e7a de Wagner Moura no palco do Oscar ocorre em meio \u00e0 forte expectativa em torno do filme <strong>\u201cO Agente Secreto\u201d<\/strong>, dirigido pelo cineasta pernambucano <strong>Kleber Mendon\u00e7a Filho<\/strong>. O longa \u00e9 um dos destaques da premia\u00e7\u00e3o e concorre a <strong>quatro estatuetas<\/strong>: Melhor Filme, Melhor Filme Internacional, Melhor Elenco e Melhor Ator, categoria na qual Moura disputa o pr\u00eamio.<\/p>\n\n\n\n<p>O desempenho da produ\u00e7\u00e3o tamb\u00e9m chamou aten\u00e7\u00e3o da cr\u00edtica internacional. O site norte-americano <strong>IndieWire<\/strong> classificou \u201cO Agente Secreto\u201d como o <strong>melhor filme entre os indicados \u00e0 principal categoria da premia\u00e7\u00e3o<\/strong>, refor\u00e7ando o favoritismo do longa na corrida pelo Oscar.<\/p>\n\n\n<div class=\"wp-block-image\">\n<figure class=\"aligncenter size-full\"><img decoding=\"async\" width=\"1191\" height=\"813\" src=\"https:\/\/diariodocomercio.com.br\/mix\/wp-content\/uploads\/2025\/12\/image-33.png\" alt=\"Wagner Moura\" class=\"wp-image-27945\" srcset=\"https:\/\/diariodocomercio.com.br\/mix\/wp-content\/uploads\/2025\/12\/image-33.png 1191w, https:\/\/diariodocomercio.com.br\/mix\/wp-content\/uploads\/2025\/12\/image-33-300x205.png 300w, https:\/\/diariodocomercio.com.br\/mix\/wp-content\/uploads\/2025\/12\/image-33-768x524.png 768w, https:\/\/diariodocomercio.com.br\/mix\/wp-content\/uploads\/2025\/12\/image-33-150x102.png 150w, https:\/\/diariodocomercio.com.br\/mix\/wp-content\/uploads\/2025\/12\/image-33-750x512.png 750w, https:\/\/diariodocomercio.com.br\/mix\/wp-content\/uploads\/2025\/12\/image-33-1140x778.png 1140w\" sizes=\"(max-width: 1191px) 100vw, 1191px\" \/><figcaption class=\"wp-element-caption\">(Reprodu\u00e7\u00e3o\/Ricardo Stuckert)<\/figcaption><\/figure>\n<\/div>\n\n\n<h2 class=\"wp-block-heading\"><strong>Tradi\u00e7\u00e3o de vencedores como apresentadores<\/strong><\/h2>\n\n\n\n<p>Seguindo uma tradi\u00e7\u00e3o da premia\u00e7\u00e3o, vencedores das categorias de atua\u00e7\u00e3o do <strong>Oscar 2025<\/strong> tamb\u00e9m integrar\u00e3o o grupo de apresentadores deste ano. Entre eles est\u00e3o <strong>Mikey Madison<\/strong> (Melhor Atriz por <em>Anora<\/em>), <strong>Adrien Brody<\/strong> (Melhor Ator por <em>O Brutalista<\/em>), <strong>Zo\u00eb Salda\u00f1a<\/strong> (Melhor Atriz Coadjuvante por <em>Emilia P\u00e9rez<\/em>) e <strong>Kieran Culkin<\/strong> (Melhor Ator Coadjuvante por <em>A Verdadeira Dor<\/em>).<\/p>\n\n\n\n<p>O an\u00fancio oficial dos indicados ao Oscar 2026 foi realizado em <strong>22 de janeiro<\/strong>, pouco menos de dois meses antes da cerim\u00f4nia.<\/p>\n\n\n\n<h2 class=\"wp-block-heading\"><strong>Momento de destaque para o cinema brasileiro<\/strong><\/h2>\n\n\n\n<p>A presen\u00e7a de Wagner Moura entre os apresentadores ocorre em um momento de grande visibilidade para o cinema nacional. Em <strong>2025<\/strong>, o Brasil conquistou o Oscar de <strong>Melhor Filme Internacional<\/strong> com <strong>\u201cAinda Estou Aqui\u201d<\/strong>, dirigido por <strong>Walter Salles<\/strong>.<\/p>\n\n\n\n<p>O longa tamb\u00e9m acumulou reconhecimento internacional ao longo da temporada de premia\u00e7\u00f5es, incluindo o <strong>Globo de Ouro de Melhor Filme em L\u00edngua N\u00e3o Inglesa<\/strong> e o pr\u00eamio de <strong>Melhor Dire\u00e7\u00e3o no Festival de Cannes<\/strong>.<\/p>\n","protected":false},"excerpt":{"rendered":"<p>O ator brasileiro Wagner Moura foi anunciado como um dos apresentadores da 98\u00aa edi\u00e7\u00e3o do Oscar, marcada para este domingo (15). O convite foi divulgado pela Academia de Artes e Ci\u00eancias Cinematogr\u00e1ficas nas redes sociais da institui\u00e7\u00e3o, que confirmou a participa\u00e7\u00e3o do artista na cerim\u00f4nia respons\u00e1vel por premiar os principais destaques do cinema mundial. Embora [&hellip;]<\/p>\n","protected":false},"author":9,"featured_media":24789,"comment_status":"closed","ping_status":"closed","sticky":false,"template":"","format":"standard","meta":{"jnews-multi-image_gallery":[],"jnews_single_post":{"format":"standard"},"jnews_primary_category":[],"jnews_social_meta":[],"jnews_override_counter":[],"jnews_post_split":[],"footnotes":""},"categories":[1],"tags":[],"class_list":["post-38140","post","type-post","status-publish","format-standard","has-post-thumbnail","hentry","category-geral"],"_referencia":"","_links":{"self":[{"href":"https:\/\/diariodocomercio.com.br\/mix\/wp-json\/wp\/v2\/posts\/38140","targetHints":{"allow":["GET"]}}],"collection":[{"href":"https:\/\/diariodocomercio.com.br\/mix\/wp-json\/wp\/v2\/posts"}],"about":[{"href":"https:\/\/diariodocomercio.com.br\/mix\/wp-json\/wp\/v2\/types\/post"}],"author":[{"embeddable":true,"href":"https:\/\/diariodocomercio.com.br\/mix\/wp-json\/wp\/v2\/users\/9"}],"replies":[{"embeddable":true,"href":"https:\/\/diariodocomercio.com.br\/mix\/wp-json\/wp\/v2\/comments?post=38140"}],"version-history":[{"count":3,"href":"https:\/\/diariodocomercio.com.br\/mix\/wp-json\/wp\/v2\/posts\/38140\/revisions"}],"predecessor-version":[{"id":38185,"href":"https:\/\/diariodocomercio.com.br\/mix\/wp-json\/wp\/v2\/posts\/38140\/revisions\/38185"}],"wp:featuredmedia":[{"embeddable":true,"href":"https:\/\/diariodocomercio.com.br\/mix\/wp-json\/wp\/v2\/media\/24789"}],"wp:attachment":[{"href":"https:\/\/diariodocomercio.com.br\/mix\/wp-json\/wp\/v2\/media?parent=38140"}],"wp:term":[{"taxonomy":"category","embeddable":true,"href":"https:\/\/diariodocomercio.com.br\/mix\/wp-json\/wp\/v2\/categories?post=38140"},{"taxonomy":"post_tag","embeddable":true,"href":"https:\/\/diariodocomercio.com.br\/mix\/wp-json\/wp\/v2\/tags?post=38140"}],"curies":[{"name":"wp","href":"https:\/\/api.w.org\/{rel}","templated":true}]}}