{"id":38148,"date":"2026-03-14T20:03:00","date_gmt":"2026-03-14T23:03:00","guid":{"rendered":"https:\/\/diariodocomercio.com.br\/mix\/?p=38148"},"modified":"2026-03-11T21:12:19","modified_gmt":"2026-03-12T00:12:19","slug":"nao-e-michael-jordan-nem-taylor-swift-a-celebridade-mais-rica-do-mundo-nao-aparece-nas-cameras-e-esta-fora-ate-do-instagram","status":"publish","type":"post","link":"https:\/\/diariodocomercio.com.br\/mix\/nao-e-michael-jordan-nem-taylor-swift-a-celebridade-mais-rica-do-mundo-nao-aparece-nas-cameras-e-esta-fora-ate-do-instagram\/","title":{"rendered":"N\u00e3o \u00e9 Michael Jordan, nem Taylor Swift: a celebridade mais rica do mundo n\u00e3o aparece nas c\u00e2meras e est\u00e1 fora at\u00e9 do Instagram"},"content":{"rendered":"\n<p>A revista <strong>Forbes<\/strong> divulgou a edi\u00e7\u00e3o de 2026 de sua tradicional lista de bilion\u00e1rios e revelou que a <strong>celebridade mais rica do mundo<\/strong> n\u00e3o \u00e9 um atleta nem uma estrela da m\u00fasica. O topo do ranking ficou novamente com o cineasta <strong>Steven Spielberg<\/strong>, cuja fortuna \u00e9 estimada em <strong>US$ 7,1 bilh\u00f5es<\/strong>.<\/p>\n\n\n\n<p>A publica\u00e7\u00e3o aponta que, ao todo, <strong>22 celebridades aparecem na lista deste ano<\/strong>, com patrim\u00f4nio conjunto estimado em <strong>US$ 48,1 bilh\u00f5es<\/strong>, valor superior ao registrado em 2025, quando 18 personalidades somavam cerca de <strong>US$ 39 bilh\u00f5es<\/strong>.<\/p>\n\n\n\n<p>Spielberg, de <strong>79 anos<\/strong>, \u00e9 considerado o <strong>diretor de cinema de maior bilheteria da hist\u00f3ria<\/strong>, respons\u00e1vel por sucessos que marcaram gera\u00e7\u00f5es. Entre suas produ\u00e7\u00f5es mais conhecidas est\u00e3o <strong>\u201cE.T. \u2013 O Extraterrestre\u201d, \u201cJurassic Park\u201d, \u201cTubar\u00e3o\u201d e a franquia \u201cIndiana Jones\u201d<\/strong>.<\/p>\n\n\n\n<p>Al\u00e9m do sucesso nas salas de cinema, parte significativa de sua fortuna vem de acordos comerciais firmados ao longo da carreira. Um dos principais envolve um contrato antigo com a <strong>Universal Studios<\/strong>, que garante ao cineasta uma porcentagem da receita gerada por ingressos vendidos nos parques tem\u00e1ticos da empresa que possuem atra\u00e7\u00f5es inspiradas em seus filmes.<\/p>\n\n\n\n<figure class=\"wp-block-image size-full\"><img decoding=\"async\" width=\"1068\" height=\"580\" src=\"https:\/\/diariodocomercio.com.br\/mix\/wp-content\/uploads\/2026\/03\/image-90.png\" alt=\"\" class=\"wp-image-38160\" srcset=\"https:\/\/diariodocomercio.com.br\/mix\/wp-content\/uploads\/2026\/03\/image-90.png 1068w, https:\/\/diariodocomercio.com.br\/mix\/wp-content\/uploads\/2026\/03\/image-90-300x163.png 300w, https:\/\/diariodocomercio.com.br\/mix\/wp-content\/uploads\/2026\/03\/image-90-768x417.png 768w, https:\/\/diariodocomercio.com.br\/mix\/wp-content\/uploads\/2026\/03\/image-90-150x81.png 150w, https:\/\/diariodocomercio.com.br\/mix\/wp-content\/uploads\/2026\/03\/image-90-750x407.png 750w\" sizes=\"(max-width: 1068px) 100vw, 1068px\" \/><figcaption class=\"wp-element-caption\">(Reprodu\u00e7\u00e3o\/AP)<\/figcaption><\/figure>\n\n\n\n<h2 class=\"wp-block-heading\"><strong>Produtor e empres\u00e1rio do entretenimento<\/strong><\/h2>\n\n\n\n<p>Outra fonte relevante de renda de Spielberg \u00e9 a produtora <strong>Amblin Entertainment<\/strong>, respons\u00e1vel por diversos projetos de cinema e televis\u00e3o ao longo das \u00faltimas d\u00e9cadas.<\/p>\n\n\n\n<p>O diretor tamb\u00e9m \u00e9 <strong>cofundador do est\u00fadio de anima\u00e7\u00e3o DreamWorks<\/strong>, empresa que ajudou a ampliar sua presen\u00e7a no setor de entretenimento e consolidar sua posi\u00e7\u00e3o entre as maiores fortunas do segmento.<\/p>\n\n\n\n<p>Spielberg aparece na lista da Forbes desde <strong>1994<\/strong>, mas apenas em <strong>2025<\/strong> conquistou pela primeira vez o topo do ranking de celebridades mais ricas, posi\u00e7\u00e3o que manteve em 2026.<\/p>\n\n\n\n<h2 class=\"wp-block-heading\"><strong>George Lucas aparece em segundo lugar<\/strong><\/h2>\n\n\n\n<p>Na segunda posi\u00e7\u00e3o da lista est\u00e1 outro nome hist\u00f3rico do cinema: <strong>George Lucas<\/strong>, criador da franquia <strong>Star Wars<\/strong> e colaborador em projetos ligados ao universo de <strong>Indiana Jones<\/strong>.<\/p>\n\n\n\n<p>Segundo a Forbes, o cineasta possui patrim\u00f4nio estimado em <strong>US$ 5,2 bilh\u00f5es<\/strong>, resultado principalmente do sucesso da saga espacial e da venda da <strong>Lucasfilm para a Disney<\/strong>.<\/p>\n\n\n\n<p>Mesmo ap\u00f3s d\u00e9cadas de carreira e in\u00fameros sucessos, Spielberg segue ativo no cinema. Seu pr\u00f3ximo projeto, o thriller de fic\u00e7\u00e3o cient\u00edfica <strong>\u201cDia D\u201d<\/strong>, tem estreia prevista no Brasil para <strong>11 de junho de 2026<\/strong>.<\/p>\n","protected":false},"excerpt":{"rendered":"<p>A revista Forbes divulgou a edi\u00e7\u00e3o de 2026 de sua tradicional lista de bilion\u00e1rios e revelou que a celebridade mais rica do mundo n\u00e3o \u00e9 um atleta nem uma estrela da m\u00fasica. O topo do ranking ficou novamente com o cineasta Steven Spielberg, cuja fortuna \u00e9 estimada em US$ 7,1 bilh\u00f5es. A publica\u00e7\u00e3o aponta que, [&hellip;]<\/p>\n","protected":false},"author":9,"featured_media":17545,"comment_status":"closed","ping_status":"closed","sticky":false,"template":"","format":"standard","meta":{"jnews-multi-image_gallery":[],"jnews_single_post":{"format":"standard"},"jnews_primary_category":[],"jnews_social_meta":[],"jnews_override_counter":[],"jnews_post_split":[],"footnotes":""},"categories":[1],"tags":[],"class_list":["post-38148","post","type-post","status-publish","format-standard","has-post-thumbnail","hentry","category-geral"],"_referencia":"","_links":{"self":[{"href":"https:\/\/diariodocomercio.com.br\/mix\/wp-json\/wp\/v2\/posts\/38148","targetHints":{"allow":["GET"]}}],"collection":[{"href":"https:\/\/diariodocomercio.com.br\/mix\/wp-json\/wp\/v2\/posts"}],"about":[{"href":"https:\/\/diariodocomercio.com.br\/mix\/wp-json\/wp\/v2\/types\/post"}],"author":[{"embeddable":true,"href":"https:\/\/diariodocomercio.com.br\/mix\/wp-json\/wp\/v2\/users\/9"}],"replies":[{"embeddable":true,"href":"https:\/\/diariodocomercio.com.br\/mix\/wp-json\/wp\/v2\/comments?post=38148"}],"version-history":[{"count":1,"href":"https:\/\/diariodocomercio.com.br\/mix\/wp-json\/wp\/v2\/posts\/38148\/revisions"}],"predecessor-version":[{"id":38161,"href":"https:\/\/diariodocomercio.com.br\/mix\/wp-json\/wp\/v2\/posts\/38148\/revisions\/38161"}],"wp:featuredmedia":[{"embeddable":true,"href":"https:\/\/diariodocomercio.com.br\/mix\/wp-json\/wp\/v2\/media\/17545"}],"wp:attachment":[{"href":"https:\/\/diariodocomercio.com.br\/mix\/wp-json\/wp\/v2\/media?parent=38148"}],"wp:term":[{"taxonomy":"category","embeddable":true,"href":"https:\/\/diariodocomercio.com.br\/mix\/wp-json\/wp\/v2\/categories?post=38148"},{"taxonomy":"post_tag","embeddable":true,"href":"https:\/\/diariodocomercio.com.br\/mix\/wp-json\/wp\/v2\/tags?post=38148"}],"curies":[{"name":"wp","href":"https:\/\/api.w.org\/{rel}","templated":true}]}}