{"id":38151,"date":"2026-03-11T20:21:00","date_gmt":"2026-03-11T23:21:00","guid":{"rendered":"https:\/\/diariodocomercio.com.br\/mix\/?p=38151"},"modified":"2026-03-11T19:50:01","modified_gmt":"2026-03-11T22:50:01","slug":"demissao-em-massa-empresa-brasileira-famosa-manda-quase-400-funcionarios-embora","status":"publish","type":"post","link":"https:\/\/diariodocomercio.com.br\/mix\/demissao-em-massa-empresa-brasileira-famosa-manda-quase-400-funcionarios-embora\/","title":{"rendered":"Demiss\u00e3o em massa: empresa brasileira famosa manda quase 400 funcion\u00e1rios embora"},"content":{"rendered":"\n<p>A <strong>Stone<\/strong>, fintech brasileira renomada no setor de tecnologia de pagamentos, anunciou neste m\u00eas de mar\u00e7o a demiss\u00e3o de mais de 300 funcion\u00e1rios. Esse n\u00famero representa aproximadamente 3% de sua for\u00e7a de trabalho, estimada em 14 mil colaboradores.<\/p>\n\n\n\n<p>Sob a lideran\u00e7a do novo CEO, Mateus Scherer, a decis\u00e3o buscria aumentar a efici\u00eancia operacional e intensificar investimentos em intelig\u00eancia artificial para acompanhar a transforma\u00e7\u00e3o digital do mercado.<\/p>\n\n\n\n<p>A reestrutura\u00e7\u00e3o ocorre ap\u00f3s a conclus\u00e3o da venda da Linx para a Totvs, em fevereiro de 2026, disponibilizando R$ 3,08 bilh\u00f5es que ser\u00e3o destinados a dividendos ou recompra de a\u00e7\u00f5es.<\/p>\n\n\n\n<h2 class=\"wp-block-heading\">Nova fase<\/h2>\n\n\n\n<p>O plano de demiss\u00f5es, anunciado internamente, marca o in\u00edcio de uma nova era para a Stone, caracterizada por ajustes internos e pela simplifica\u00e7\u00e3o de processos.<\/p>\n\n\n\n<p>Com longa tradi\u00e7\u00e3o no mercado de maquininhas de pagamento, a fintech foca agora na intelig\u00eancia artificial para aprimorar seus servi\u00e7os e a experi\u00eancia do cliente. A expectativa \u00e9 que a automa\u00e7\u00e3o contribua para a manuten\u00e7\u00e3o da competitividade da empresa.<\/p>\n\n\n\n<p>Os impactos das demiss\u00f5es geraram rea\u00e7\u00f5es diversas. O Sindicato dos Trabalhadores em Tecnologia da Informa\u00e7\u00e3o de S\u00e3o Paulo (SINDPD-SP) manifestou descontentamento, criticando a falta de di\u00e1logo e indicando poss\u00edvel a\u00e7\u00e3o judicial por reintegra\u00e7\u00e3o dos funcion\u00e1rios dispensados. No entanto, a aposta na tecnologia \u00e9 vista como vital para manter a Stone como l\u00edder no mercado din\u00e2mico.<\/p>\n\n\n\n<p>Nos \u00faltimos meses, a Stone apresentou desafios em seus resultados financeiros, refletidos na queda das a\u00e7\u00f5es, apesar de ter registrado um lucro l\u00edquido ajustado de R$ 707 milh\u00f5es no \u00faltimo trimestre de 2025, um crescimento de 12% em rela\u00e7\u00e3o ao per\u00edodo anterior.<\/p>\n\n\n\n<p>A empresa precisa convencer investidores sobre a efic\u00e1cia de sua reorienta\u00e7\u00e3o estrat\u00e9gica, especialmente com a distribui\u00e7\u00e3o planejada dos recursos adquiridos pela venda da Linx.<\/p>\n","protected":false},"excerpt":{"rendered":"<p>O plano de demiss\u00f5es, anunciado internamente, marca o in\u00edcio de uma nova era para a empresa. <\/p>\n","protected":false},"author":12,"featured_media":11800,"comment_status":"closed","ping_status":"closed","sticky":false,"template":"","format":"standard","meta":{"jnews-multi-image_gallery":[],"jnews_single_post":{"format":"standard"},"jnews_primary_category":[],"jnews_social_meta":[],"jnews_override_counter":[],"jnews_post_split":[],"footnotes":""},"categories":[1],"tags":[],"class_list":["post-38151","post","type-post","status-publish","format-standard","has-post-thumbnail","hentry","category-geral"],"_referencia":"","_links":{"self":[{"href":"https:\/\/diariodocomercio.com.br\/mix\/wp-json\/wp\/v2\/posts\/38151","targetHints":{"allow":["GET"]}}],"collection":[{"href":"https:\/\/diariodocomercio.com.br\/mix\/wp-json\/wp\/v2\/posts"}],"about":[{"href":"https:\/\/diariodocomercio.com.br\/mix\/wp-json\/wp\/v2\/types\/post"}],"author":[{"embeddable":true,"href":"https:\/\/diariodocomercio.com.br\/mix\/wp-json\/wp\/v2\/users\/12"}],"replies":[{"embeddable":true,"href":"https:\/\/diariodocomercio.com.br\/mix\/wp-json\/wp\/v2\/comments?post=38151"}],"version-history":[{"count":1,"href":"https:\/\/diariodocomercio.com.br\/mix\/wp-json\/wp\/v2\/posts\/38151\/revisions"}],"predecessor-version":[{"id":38152,"href":"https:\/\/diariodocomercio.com.br\/mix\/wp-json\/wp\/v2\/posts\/38151\/revisions\/38152"}],"wp:featuredmedia":[{"embeddable":true,"href":"https:\/\/diariodocomercio.com.br\/mix\/wp-json\/wp\/v2\/media\/11800"}],"wp:attachment":[{"href":"https:\/\/diariodocomercio.com.br\/mix\/wp-json\/wp\/v2\/media?parent=38151"}],"wp:term":[{"taxonomy":"category","embeddable":true,"href":"https:\/\/diariodocomercio.com.br\/mix\/wp-json\/wp\/v2\/categories?post=38151"},{"taxonomy":"post_tag","embeddable":true,"href":"https:\/\/diariodocomercio.com.br\/mix\/wp-json\/wp\/v2\/tags?post=38151"}],"curies":[{"name":"wp","href":"https:\/\/api.w.org\/{rel}","templated":true}]}}