{"id":38154,"date":"2026-03-14T21:07:00","date_gmt":"2026-03-15T00:07:00","guid":{"rendered":"https:\/\/diariodocomercio.com.br\/mix\/?p=38154"},"modified":"2026-03-11T20:04:48","modified_gmt":"2026-03-11T23:04:48","slug":"o-que-significa-o-amarelo-do-travesseiro-mesmo-quando-a-fronha-esta-limpa","status":"publish","type":"post","link":"https:\/\/diariodocomercio.com.br\/mix\/o-que-significa-o-amarelo-do-travesseiro-mesmo-quando-a-fronha-esta-limpa\/","title":{"rendered":"O que significa o \u2018amarelo\u2019 do travesseiro mesmo quando a fronha est\u00e1 limpa"},"content":{"rendered":"\n<p>O <strong>amarelamento dos travesseiros<\/strong> \u00e9 um fen\u00f4meno comum em ambientes residenciais. Esse processo natural \u00e9 uma consequ\u00eancia do <strong>uso di\u00e1rio <\/strong>e afeta usu\u00e1rios dom\u00e9sticos em geral.<\/p>\n\n\n\n<p>O <strong>suor <\/strong>e a <strong>oleosidade <\/strong>liberados pelo corpo, mesmo com o uso de fronhas, s\u00e3o os principais respons\u00e1veis por essas manchas desagrad\u00e1veis. Res\u00edduos de produtos cosm\u00e9ticos tamb\u00e9m contribuem para esse problema.<\/p>\n\n\n\n<p>A umidade e o suor s\u00e3o dois dos principais vil\u00f5es. Durante a noite, o corpo libera pequenas quantidades de suor para regular a temperatura corporal. Esse suor, mesmo em noites frias, penetra nas fibras do travesseiro, causando manchas amareladas com o tempo.<\/p>\n\n\n\n<p>Ambientes com pouca circula\u00e7\u00e3o de ar agravam a situa\u00e7\u00e3o, pois a umidade n\u00e3o \u00e9 dissipada adequadamente.<\/p>\n\n\n\n<h2 class=\"wp-block-heading\">Efeito dos produtos de beleza<\/h2>\n\n\n\n<p>A oleosidade natural da pele se combina com res\u00edduos de cremes e condicionadores aplicados antes de dormir. Esses res\u00edduos cosm\u00e9ticos transferem-se facilmente para o tecido do travesseiro, acelerando o amarelamento.<\/p>\n\n\n\n<p>Mesmo a lavagem regular das fronhas nem sempre elimina completamente esses res\u00edduos, que requerem limpezas mais profundas.<\/p>\n\n\n\n<h2 class=\"wp-block-heading\">Dicas para evitar o amarelamento<\/h2>\n\n\n\n<p>Prevenir o amarelamento dos travesseiros exige aten\u00e7\u00e3o e cuidados. Utilizar protetores de travesseiro cria uma barreira extra contra a umidade e res\u00edduos.&nbsp;<\/p>\n\n\n\n<p>Arejar o quarto diariamente ajuda a manter a umidade sob controle, assim como lavar os travesseiros regularmente, conforme as recomenda\u00e7\u00f5es do fabricante. Essa pr\u00e1tica mant\u00e9m a apar\u00eancia e a higiene do travesseiro por mais tempo.<\/p>\n\n\n\n<h2 class=\"wp-block-heading\">Quando \u00e9 hora de trocar o travesseiro?<\/h2>\n\n\n\n<p>Manchas n\u00e3o indicam necessariamente que o travesseiro precisa ser descartado. No entanto, sinais de desgaste, como perda de forma ou res\u00edduos acumulados, sugerem a substitui\u00e7\u00e3o.<\/p>\n\n\n\n<p>Especialistas recomendam revisar e, se necess\u00e1rio, trocar o travesseiro a cada <strong>seis meses<\/strong> para garantir conforto e higiene adequados.<\/p>\n","protected":false},"excerpt":{"rendered":"<p>O amarelamento dos travesseiros \u00e9 um fen\u00f4meno comum em ambientes residenciais. <\/p>\n","protected":false},"author":12,"featured_media":38155,"comment_status":"closed","ping_status":"closed","sticky":false,"template":"","format":"standard","meta":{"jnews-multi-image_gallery":[],"jnews_single_post":{"format":"standard"},"jnews_primary_category":[],"jnews_social_meta":[],"jnews_override_counter":[],"jnews_post_split":[],"footnotes":""},"categories":[1],"tags":[],"class_list":["post-38154","post","type-post","status-publish","format-standard","has-post-thumbnail","hentry","category-geral"],"_referencia":"","_links":{"self":[{"href":"https:\/\/diariodocomercio.com.br\/mix\/wp-json\/wp\/v2\/posts\/38154","targetHints":{"allow":["GET"]}}],"collection":[{"href":"https:\/\/diariodocomercio.com.br\/mix\/wp-json\/wp\/v2\/posts"}],"about":[{"href":"https:\/\/diariodocomercio.com.br\/mix\/wp-json\/wp\/v2\/types\/post"}],"author":[{"embeddable":true,"href":"https:\/\/diariodocomercio.com.br\/mix\/wp-json\/wp\/v2\/users\/12"}],"replies":[{"embeddable":true,"href":"https:\/\/diariodocomercio.com.br\/mix\/wp-json\/wp\/v2\/comments?post=38154"}],"version-history":[{"count":1,"href":"https:\/\/diariodocomercio.com.br\/mix\/wp-json\/wp\/v2\/posts\/38154\/revisions"}],"predecessor-version":[{"id":38156,"href":"https:\/\/diariodocomercio.com.br\/mix\/wp-json\/wp\/v2\/posts\/38154\/revisions\/38156"}],"wp:featuredmedia":[{"embeddable":true,"href":"https:\/\/diariodocomercio.com.br\/mix\/wp-json\/wp\/v2\/media\/38155"}],"wp:attachment":[{"href":"https:\/\/diariodocomercio.com.br\/mix\/wp-json\/wp\/v2\/media?parent=38154"}],"wp:term":[{"taxonomy":"category","embeddable":true,"href":"https:\/\/diariodocomercio.com.br\/mix\/wp-json\/wp\/v2\/categories?post=38154"},{"taxonomy":"post_tag","embeddable":true,"href":"https:\/\/diariodocomercio.com.br\/mix\/wp-json\/wp\/v2\/tags?post=38154"}],"curies":[{"name":"wp","href":"https:\/\/api.w.org\/{rel}","templated":true}]}}