{"id":38157,"date":"2026-03-14T22:06:00","date_gmt":"2026-03-15T01:06:00","guid":{"rendered":"https:\/\/diariodocomercio.com.br\/mix\/?p=38157"},"modified":"2026-03-11T20:13:10","modified_gmt":"2026-03-11T23:13:10","slug":"imensa-instalacao-aquatica-sai-dos-eua-enfrenta-ondas-de-10-metros-e-percorre-17-mil-km-ate-a-antartica","status":"publish","type":"post","link":"https:\/\/diariodocomercio.com.br\/mix\/imensa-instalacao-aquatica-sai-dos-eua-enfrenta-ondas-de-10-metros-e-percorre-17-mil-km-ate-a-antartica\/","title":{"rendered":"Imensa instala\u00e7\u00e3o aqu\u00e1tica sai dos EUA, enfrenta ondas de 10 metros e percorre 17 mil km at\u00e9 a Ant\u00e1rtica"},"content":{"rendered":"\n<p>Ap\u00f3s percorrer 17 mil quil\u00f4metros desde Portland, nos <strong>Estados Unidos<\/strong>, uma <strong>estrutura de porto permanente<\/strong> chegou \u00e0 base de McMurdo, na <strong>Ant\u00e1rtica, <\/strong>marcando uma inova\u00e7\u00e3o log\u00edstica crucial. A jornada, iniciada em dezembro de 2025, atravessou os oceanos Pac\u00edfico e Ant\u00e1rtico e durou 69 dias sob condi\u00e7\u00f5es extremas.<\/p>\n\n\n\n<p>O objetivo principal da instala\u00e7\u00e3o \u00e9 garantir a continuidade das opera\u00e7\u00f5es cient\u00edficas de maneira mais segura e eficiente.<\/p>\n\n\n\n<h2 class=\"wp-block-heading\">Novo porto flutuante<\/h2>\n\n\n\n<p>O porto permanente \u00e9 uma estrutura de a\u00e7o flutuante com mais de 100 metros de comprimento. Ele substitui o antigo porto de gelo, aumentando a seguran\u00e7a e estabilidade das opera\u00e7\u00f5es.<\/p>\n\n\n\n<p>Antes, o gelo do porto improvisado tornava-se cada vez mais inst\u00e1vel devido \u00e0s mudan\u00e7as clim\u00e1ticas, dificultando a descarga de suprimentos essenciais para a base de McMurdo. Esta mudan\u00e7a contribui significativamente para a manuten\u00e7\u00e3o das atividades cient\u00edficas no local, especialmente durante o ver\u00e3o ant\u00e1rtico.<\/p>\n\n\n\n<p>Travessia mar\u00edtima<\/p>\n\n\n\n<p>Durante o percurso, a estrutura enfrentou ondas de at\u00e9 <strong>10 metros <\/strong>e ventos violentos. Esses desafios demonstraram a necessidade de uma prepara\u00e7\u00e3o robusta para garantir o sucesso em condi\u00e7\u00f5es adversas.<\/p>\n\n\n\n<p>A resist\u00eancia do porto flutuante reflete a capacidade de adapta\u00e7\u00e3o \u00e0s severidades naturais da regi\u00e3o ant\u00e1rtica, essencial para o desenvolvimento e continuidade das pesquisas na esta\u00e7\u00e3o cient\u00edfica.<\/p>\n\n\n\n<p>A instala\u00e7\u00e3o do porto representa um avan\u00e7o significativo para as opera\u00e7\u00f5es cient\u00edficas e log\u00edsticas na Ant\u00e1rtica. A base de McMurdo, a maior do continente, recebe mais de mil pessoas durante o ver\u00e3o, incluindo cientistas e t\u00e9cnicos que dependem de suprimentos regulares.<\/p>\n\n\n\n<p>A nova infraestrutura facilita a entrada de combust\u00edvel, alimentos e equipamentos, essencial para a pesquisa nas \u00e1reas de ci\u00eancia ambiental, biol\u00f3gica e f\u00edsica.<\/p>\n","protected":false},"excerpt":{"rendered":"<p>Ap\u00f3s percorrer 17 mil quil\u00f4metros, estrutura chegou \u00e0 base de McMurdo, na Ant\u00e1rtica.<\/p>\n","protected":false},"author":12,"featured_media":38158,"comment_status":"closed","ping_status":"closed","sticky":false,"template":"","format":"standard","meta":{"jnews-multi-image_gallery":[],"jnews_single_post":{"format":"standard"},"jnews_primary_category":[],"jnews_social_meta":[],"jnews_override_counter":[],"jnews_post_split":[],"footnotes":""},"categories":[1],"tags":[],"class_list":["post-38157","post","type-post","status-publish","format-standard","has-post-thumbnail","hentry","category-geral"],"_referencia":"","_links":{"self":[{"href":"https:\/\/diariodocomercio.com.br\/mix\/wp-json\/wp\/v2\/posts\/38157","targetHints":{"allow":["GET"]}}],"collection":[{"href":"https:\/\/diariodocomercio.com.br\/mix\/wp-json\/wp\/v2\/posts"}],"about":[{"href":"https:\/\/diariodocomercio.com.br\/mix\/wp-json\/wp\/v2\/types\/post"}],"author":[{"embeddable":true,"href":"https:\/\/diariodocomercio.com.br\/mix\/wp-json\/wp\/v2\/users\/12"}],"replies":[{"embeddable":true,"href":"https:\/\/diariodocomercio.com.br\/mix\/wp-json\/wp\/v2\/comments?post=38157"}],"version-history":[{"count":1,"href":"https:\/\/diariodocomercio.com.br\/mix\/wp-json\/wp\/v2\/posts\/38157\/revisions"}],"predecessor-version":[{"id":38159,"href":"https:\/\/diariodocomercio.com.br\/mix\/wp-json\/wp\/v2\/posts\/38157\/revisions\/38159"}],"wp:featuredmedia":[{"embeddable":true,"href":"https:\/\/diariodocomercio.com.br\/mix\/wp-json\/wp\/v2\/media\/38158"}],"wp:attachment":[{"href":"https:\/\/diariodocomercio.com.br\/mix\/wp-json\/wp\/v2\/media?parent=38157"}],"wp:term":[{"taxonomy":"category","embeddable":true,"href":"https:\/\/diariodocomercio.com.br\/mix\/wp-json\/wp\/v2\/categories?post=38157"},{"taxonomy":"post_tag","embeddable":true,"href":"https:\/\/diariodocomercio.com.br\/mix\/wp-json\/wp\/v2\/tags?post=38157"}],"curies":[{"name":"wp","href":"https:\/\/api.w.org\/{rel}","templated":true}]}}