{"id":38162,"date":"2026-03-11T21:27:02","date_gmt":"2026-03-12T00:27:02","guid":{"rendered":"https:\/\/diariodocomercio.com.br\/mix\/?p=38162"},"modified":"2026-03-11T21:27:04","modified_gmt":"2026-03-12T00:27:04","slug":"luto-falece-aos-47-anos-grande-mc-de-sao-paulo","status":"publish","type":"post","link":"https:\/\/diariodocomercio.com.br\/mix\/luto-falece-aos-47-anos-grande-mc-de-sao-paulo\/","title":{"rendered":"Luto: falece, aos 47 anos, grande MC de S\u00e3o Paulo"},"content":{"rendered":"\n<p>O funkeiro <strong>Danilo Mariano Le\u00e3o Laureano<\/strong>, conhecido artisticamente como <strong>MC Danilo Bolad\u00e3o<\/strong>, morreu na madrugada desta quarta-feira (11), aos <strong>47 anos<\/strong>, em <strong>Santos<\/strong>, no litoral de S\u00e3o Paulo. Segundo familiares, o artista sofreu <strong>tr\u00eas paradas card\u00edacas<\/strong> ap\u00f3s ser levado a um hospital da cidade.<\/p>\n\n\n\n<p>De acordo com relatos da fam\u00edlia, o cantor acordou durante a madrugada com <strong>falta de ar<\/strong> e foi encaminhado para atendimento m\u00e9dico, mas n\u00e3o resistiu \u00e0s complica\u00e7\u00f5es. Danilo deixa <strong>esposa, uma filha e um neto<\/strong>.<\/p>\n\n\n\n<p>Considerado um dos nomes importantes do <strong>funk no litoral paulista<\/strong>, MC Danilo Bolad\u00e3o teve papel decisivo na populariza\u00e7\u00e3o do g\u00eanero na <strong>Baixada Santista<\/strong>, especialmente no final dos anos 1990.<\/p>\n\n\n\n<p>Na \u00e9poca, formou uma dupla de sucesso com <strong>MC Fabinho<\/strong>, conquistando grande p\u00fablico em festas e bailes funk realizados na regi\u00e3o de Santos e cidades vizinhas. A parceria ajudou a consolidar o estilo musical como um fen\u00f4meno popular local.<\/p>\n\n\n<div class=\"wp-block-image\">\n<figure class=\"aligncenter size-full\"><img decoding=\"async\" width=\"900\" height=\"600\" src=\"https:\/\/diariodocomercio.com.br\/mix\/wp-content\/uploads\/2026\/03\/image-92.png\" alt=\"\" class=\"wp-image-38164\" srcset=\"https:\/\/diariodocomercio.com.br\/mix\/wp-content\/uploads\/2026\/03\/image-92.png 900w, https:\/\/diariodocomercio.com.br\/mix\/wp-content\/uploads\/2026\/03\/image-92-300x200.png 300w, https:\/\/diariodocomercio.com.br\/mix\/wp-content\/uploads\/2026\/03\/image-92-768x512.png 768w, https:\/\/diariodocomercio.com.br\/mix\/wp-content\/uploads\/2026\/03\/image-92-150x100.png 150w, https:\/\/diariodocomercio.com.br\/mix\/wp-content\/uploads\/2026\/03\/image-92-750x500.png 750w\" sizes=\"(max-width: 900px) 100vw, 900px\" \/><\/figure>\n<\/div>\n\n\n<h2 class=\"wp-block-heading\"><strong>Carreira tamb\u00e9m teve fase solo<\/strong><\/h2>\n\n\n\n<p>Al\u00e9m da trajet\u00f3ria em dupla, o artista tamb\u00e9m desenvolveu carreira solo e lan\u00e7ou m\u00fasicas que ganharam destaque entre f\u00e3s do g\u00eanero, como <strong>\u201cTempo Louco\u201d<\/strong> e <strong>\u201cEu T\u00f4 Ligado\u201d<\/strong>.<\/p>\n\n\n\n<p>Em <strong>2025<\/strong>, MC Danilo Bolad\u00e3o voltou a se reunir com MC Fabinho para um show especial que celebrou <strong>30 anos de carreira<\/strong>, marcando o reencontro dos dois artistas com o p\u00fablico.<\/p>\n\n\n\n<h2 class=\"wp-block-heading\"><strong>Problemas de sa\u00fade<\/strong><\/h2>\n\n\n\n<p>Segundo pessoas pr\u00f3ximas, o cantor convivia <strong>h\u00e1 cerca de 20 anos com diabetes tipo 1<\/strong>. O diagn\u00f3stico foi descoberto ap\u00f3s ele procurar atendimento m\u00e9dico por dores intensas nas pernas, que surgiram ap\u00f3s um corte ao aparar as unhas dos p\u00e9s.<\/p>\n\n\n\n<p>O vel\u00f3rio de MC Danilo Bolad\u00e3o est\u00e1 marcado para <strong>18h desta quarta-feira (11)<\/strong>, na <strong>Santa Casa de Santos<\/strong>. O sepultamento deve ocorrer na <strong>quinta-feira (12), \u00e0s 9h<\/strong>, no <strong>Cemit\u00e9rio da Areia Branca<\/strong>, tamb\u00e9m na cidade de Santos.<\/p>\n","protected":false},"excerpt":{"rendered":"<p>O funkeiro Danilo Mariano Le\u00e3o Laureano, conhecido artisticamente como MC Danilo Bolad\u00e3o, morreu na madrugada desta quarta-feira (11), aos 47 anos, em Santos, no litoral de S\u00e3o Paulo. Segundo familiares, o artista sofreu tr\u00eas paradas card\u00edacas ap\u00f3s ser levado a um hospital da cidade. De acordo com relatos da fam\u00edlia, o cantor acordou durante a [&hellip;]<\/p>\n","protected":false},"author":9,"featured_media":23113,"comment_status":"closed","ping_status":"closed","sticky":false,"template":"","format":"standard","meta":{"jnews-multi-image_gallery":[],"jnews_single_post":{"format":"standard"},"jnews_primary_category":[],"jnews_social_meta":[],"jnews_override_counter":[],"jnews_post_split":[],"footnotes":""},"categories":[1],"tags":[],"class_list":["post-38162","post","type-post","status-publish","format-standard","has-post-thumbnail","hentry","category-geral"],"_referencia":"","_links":{"self":[{"href":"https:\/\/diariodocomercio.com.br\/mix\/wp-json\/wp\/v2\/posts\/38162","targetHints":{"allow":["GET"]}}],"collection":[{"href":"https:\/\/diariodocomercio.com.br\/mix\/wp-json\/wp\/v2\/posts"}],"about":[{"href":"https:\/\/diariodocomercio.com.br\/mix\/wp-json\/wp\/v2\/types\/post"}],"author":[{"embeddable":true,"href":"https:\/\/diariodocomercio.com.br\/mix\/wp-json\/wp\/v2\/users\/9"}],"replies":[{"embeddable":true,"href":"https:\/\/diariodocomercio.com.br\/mix\/wp-json\/wp\/v2\/comments?post=38162"}],"version-history":[{"count":1,"href":"https:\/\/diariodocomercio.com.br\/mix\/wp-json\/wp\/v2\/posts\/38162\/revisions"}],"predecessor-version":[{"id":38165,"href":"https:\/\/diariodocomercio.com.br\/mix\/wp-json\/wp\/v2\/posts\/38162\/revisions\/38165"}],"wp:featuredmedia":[{"embeddable":true,"href":"https:\/\/diariodocomercio.com.br\/mix\/wp-json\/wp\/v2\/media\/23113"}],"wp:attachment":[{"href":"https:\/\/diariodocomercio.com.br\/mix\/wp-json\/wp\/v2\/media?parent=38162"}],"wp:term":[{"taxonomy":"category","embeddable":true,"href":"https:\/\/diariodocomercio.com.br\/mix\/wp-json\/wp\/v2\/categories?post=38162"},{"taxonomy":"post_tag","embeddable":true,"href":"https:\/\/diariodocomercio.com.br\/mix\/wp-json\/wp\/v2\/tags?post=38162"}],"curies":[{"name":"wp","href":"https:\/\/api.w.org\/{rel}","templated":true}]}}