{"id":38167,"date":"2026-03-12T08:58:48","date_gmt":"2026-03-12T11:58:48","guid":{"rendered":"https:\/\/diariodocomercio.com.br\/mix\/?p=38167"},"modified":"2026-03-12T08:58:51","modified_gmt":"2026-03-12T11:58:51","slug":"rj-sp-e-mg-vivem-momento-de-grande-perigo-e-tragedia-pode-acontecer-a-qualquer-momento-alertam-especialistas","status":"publish","type":"post","link":"https:\/\/diariodocomercio.com.br\/mix\/rj-sp-e-mg-vivem-momento-de-grande-perigo-e-tragedia-pode-acontecer-a-qualquer-momento-alertam-especialistas\/","title":{"rendered":"RJ, SP e MG vivem momento de grande perigo e trag\u00e9dia pode acontecer a qualquer momento, alertam especialistas"},"content":{"rendered":"\n<p>O Inmet (Instituto Nacional de Meteorologia) emitiu um alerta para altos volumes de chuva e &#8220;grande perigo&#8221; em \u00e1reas dos estados Rio de Janeiro, S\u00e3o Paulo e Minas Gerais. As chuvas est\u00e3o previstas para esta quinta-feira (12) e podem variar entre 60 mm e 100 mm. Infelizmente, elas devem trazer poss\u00edveis perigos para as regi\u00f5es, com risco de alagamentos e transbordamentos de rios, al\u00e9m de deslizamentos de terra.<\/p>\n\n\n\n<p>Como explica o UOL, cada mil\u00edmetro de chuva corresponde a um litro por metro quadrado. Ou seja, essa quantidade de \u00e1gua, derramada sob uma superf\u00edcie plana de um metro quadrado, forma uma l\u00e2mina de \u00e1gua de um mil\u00edmetro de altura.<\/p>\n\n\n\n<p>A faixa litor\u00e2nea de S\u00e3o Paulo, em especial, est\u00e1 em alerta de perigo para chuva intensa. Cidades como Peru\u00edbe, Santos, Bertioga, Ubatuba, Ilhabela e Caraguatuba devem receber mais de 120 mm entre hoje e amanh\u00e3 (13). <em>&#8220;Com volumes elevados de precipita\u00e7\u00e3o, aumentam os riscos de alagamentos, inunda\u00e7\u00f5es e deslizamentos de terra, especialmente em \u00e1reas de encosta&#8221;<\/em>, aponta o Climatempo.<\/p>\n\n\n\n<p>O UOL aponta alguns sinais de que voc\u00ea precisa deixar a sua casa imediatamente por risco de deslizamento:<\/p>\n\n\n\n<ul class=\"wp-block-list\">\n<li>Rachaduras em muros ou pared\u00f5es<\/li>\n\n\n\n<li>Escoamento de \u00e1gua com muito barro de encostas;<\/li>\n\n\n\n<li>Ouvir estalos em blocos e rochas ou trincas em solo ou nas paredes;<\/li>\n\n\n\n<li>Portas e janelas emperradas em casa;<\/li>\n\n\n\n<li>Ver postes ou \u00e1rvores inclinados ou muros &#8220;com barriga&#8221;.<\/li>\n<\/ul>\n\n\n\n<h2 class=\"wp-block-heading\">Confira as regi\u00f5es que est\u00e3o no aleta do Inmet:<\/h2>\n\n\n\n<ul class=\"wp-block-list\">\n<li>Sul\/Sudoeste de Minas;<\/li>\n\n\n\n<li>Zona da Mata;<\/li>\n\n\n\n<li>Campo das Vertentes;<\/li>\n\n\n\n<li>Vale do Para\u00edba Paulista;<\/li>\n\n\n\n<li>Macro Metropolitana Paulista;<\/li>\n\n\n\n<li>Metropolitana de S\u00e3o Paulo;<\/li>\n\n\n\n<li>Piracicaba e Campinas;<\/li>\n\n\n\n<li>Sul Fluminense;<\/li>\n\n\n\n<li>Centro Fluminense;<\/li>\n\n\n\n<li>Baixada Fluminense;<\/li>\n\n\n\n<li>Noroeste Fluminense;<\/li>\n\n\n\n<li>Norte Fluminense;<\/li>\n\n\n\n<li>Regi\u00e3o Metropolitana do Rio de Janeiro.<\/li>\n<\/ul>\n\n\n\n<style>@media (min-width: 992px) {\n    .recomendadorV2Area1 {\n        width: 280px;\n    }\n    .recomendadorV2Area2 {\n        padding: 0px 20px;\n        width: calc(100% - 280px);\n    }\n}\n\n@media (max-width: 992px) {\n    .recomendadorV2Button {\n        margin: 0 auto;\n    }\n    .recomendadorV2Area {\n        flex-direction: column;\n        text-align: center;\n    }\n    .recomendadorV2Area2 {\n        padding: 0px 20px;\n    }\n}\n\n.recomendadorV2Area {\n    background: #eeeeee3d;\n    border-radius: 10px;\n    padding: 15px;\n    display: flex;\n    margin: 15px auto;\n    border: 1px solid #00000014;\n    max-width: 800px;\n}\n\n.recomendadorV2Area1 img {\n    width: 280px;\n    height: auto;\n    border-radius: 8px;\n}\n\n.linkrecomendadorv2 {\n    text-decoration: none !important;\n}\n\n.recomendadorV2Area2 .recomendadorV2Type {\n    text-transform: uppercase;\n    font-weight: 500;\n    font-size: 11px;\n    letter-spacing: 2px;\n    color: #666;\n    margin: 12px 0;\n    display: block;\n}\n\n.recomendadorV2Title h2 {\n    padding-top: 0px !important;\n    margin: 0px !important;\n    border-left: none !important;\n    padding-left: 0px !important;\n    line-height: 1.3;\n    color: #000 !important;\n    font-size: 24px;\n    margin-bottom: 12px !important;\n}\n\n.recomendadorV2Desc {\n    color: #333;\n    margin: 12px 0px !important;\n    font-size: 15px;\n    line-height: 1.5;\n}\n\n.recomendadorV2Button {\n    width: auto;\n    max-width: 200px;\n    margin: 0;\n    display: inline-flex;\n    align-items: center;\n    background: #1D3557;\n    border-radius: 8px;\n    color: #fff;\n    height: 36px;\n    justify-content: center;\n    text-align: center;\n    font-size: 14px;\n    padding: 0 20px;\n    transition: background-color 0.2s ease;\n}\n\n.recomendadorV2Button:hover {\n    background: #2a4d7a;\n}\n\n.recomendadorV2Button:after {\n    margin-top: -2px;\n    content: \"\u2192\";\n    padding: 0px 0px 0px 8px;\n}\n\n.recomendadorV2Alert {\n    text-align: left;\n    font-size: 11px;\n    margin-top: 8px;\n    color: #666;\n}\n\n.recomendadorFixedArea {\n    width: 100%;\n    display: flex;\n    justify-content: center;\n    align-items: center;\n}\n\n@media (min-width: 992px) {\n    #recomendadorFixed {\n        width: 32% !important;\n        left: 5%;\n    }\n    .recomendadorCloseFixed{\n        right: inherit !important;\n        left: 378px !important;\n    }\n}\n\n#recomendadorFixed {\n    width: 90%;\n    box-shadow: 0 10px 20px 0px #00000057;\n    display: none;\n    height: 90px;\n    background: #F6F6F6;\n    position: fixed;\n    flex-direction: row;\n    bottom: 10px;\n    z-index: 9999;\n    border-radius: 16px;\n    padding: 7px 10px;\n}\n\n.recomendadorLeftArea {\n    width: 160px;\n}\n\n.recomendadorRightArea h2 {\n    padding-top: 0px;\n    margin: 2px 0px 4px 0px !important;\n    font-weight: 400;\n    text-align: center;\n    padding-left: 0px !important;\n    color: #000 !important;\n    border-left: none !important;\n    line-height: 20px;\n    font-size: 12px !important;\n}\n\n.recomendadorImgFixed {\n    overflow: hidden;\n    padding: 8px 6px;\n    height: 100%;\n}\n\n.recomendadorImgFixed img {\n    height: 100% !important;\n    border-radius: 16px;\n}\n\n.recomendadorRightArea {\n    padding-top: 6px;\n    display: flex;\n    width: calc(100% - 130px);\n    justify-content: space-between;\n    align-items: center;\n    flex-direction: column;\n}\n\n.recomendadorButtonFixed {\n    margin: 0 auto;\n    background: #1D3557;\n    width: 80%;\n    text-align: center;\n    font-size: 10px;\n    color: #FFF;\n    padding: 2px 10px;\n    border-radius: 3px;\n}\n\n.recomendadorButtonFixed:after {\n    margin-top: -3px;\n    content: \"\u2192\";\n    padding: 0px 0px 0px 10px;\n}\n\n.recomendadorAlertFixed {\n    font-weight: 400;\n    text-align: center;\n    color: #484848;\n    font-size: 8px;\n}\n\n.recomendadorCloseFixed {\n    z-index: 99999;\n    display: none;\n    right: 0px;\n    left: inherit;\n    bottom: 99px;\n    position: fixed;\n    justify-content: center;\n    background: #F6F6F6;\n    width: 25px;\n    align-items: center;\n    height: 25px;\n    font-weight: 800;\n    border-radius: 50%;\n    border: 1px solid #EBEBEB;\n}\n\n.recomendadorV2Desc{\n    color: #000000;\n    margin: 20px 0px;\n}\n\n@media (max-width: 576px) {\n    .recomendadorV2Area {\n      padding: 10px;\n      max-width: 100%;\n    }\n  \n    .recomendadorV2Area1 img {\n      width: 100%;\n      border-radius: 6px;\n    }\n  \n    .recomendadorV2Area2 .recomendadorV2Type {\n      font-size: 9px;\n      letter-spacing: 1px;\n      margin: 8px 0;\n    }\n  \n    .recomendadorV2Title h2 {\n      font-size: 18px !important;\n      margin-bottom: 8px !important;\n      line-height: 1.2;\n    }\n  \n    .recomendadorV2Desc {\n      font-size: 14px;\n      margin: 8px 0 !important;\n      line-height: 1.4;\n    }\n  \n    .recomendadorV2Button {\n      font-size: 14px;\n      height: 40px;\n      padding: 0 12px;\n      max-width: 100%;\n      width: 100%;\n    }\n  \n    .recomendadorV2Button:after {\n      padding-left: 6px;\n    }\n  }\n  <\/style>\n        <div class=\"lazyblock-recomendador-v2-2jDGz wp-block-lazyblock-recomendador-v2\">\n        <a class=\"linkrecomendadorv2\" href=\"https:\/\/diariodocomercio.com.br\/mix\/funcionarios-da-disney-acabam-no-hospital-depois-de-sentirem-cheiro-ruim-no-parque\/\">\n            <div class=\"recomendadorV2Area\">\n            <div class=\"recomendadorV2Area1\">\n                <div class=\"recomendadorV2Img\">\n                <img class=\"lazyloaded\" decoding=\"async\" src=\"https:\/\/diariodocomercio.com.br\/mix\/wp-content\/uploads\/2025\/02\/pexels-jmendezrf-12569769-scaled.jpg\" data-src=\"https:\/\/diariodocomercio.com.br\/mix\/wp-content\/uploads\/2025\/02\/pexels-jmendezrf-12569769-scaled.jpg\" alt=\"\">\n                <\/div>\n            <\/div>\n            <div class=\"recomendadorV2Area2\">\n                <div class=\"recomendadorV2Type\">\n                    <span>CASOS ESTRANHOS<\/span>\n                <\/div>\n                <div class=\"recomendadorV2Title\">\n                <h2><span>Funcion\u00e1rios da Disney acabam no hospital depois de sentirem &quot;cheiro ruim&quot; no parque<\/span><\/h2>\n                <\/div>\n                <div class=\"recomendadorV2Desc\">\n                <span>Os parques da Disney se vendem como uma &quot;terra dos sonhos&quot;, cheia de divers\u00e3o e magia\u2026 mas \u00e9 claro que \u2026<\/span>\n                <\/div>\n                <div class=\"recomendadorV2Button\">Leia mais<\/div>\n                <div class=\"recomendadorV2Alert\"><\/div>\n            <\/div>\n            <\/div>\n        <\/a>\n        <div>\n            <div style=\"z-index:99999;\" id=\"buttonClose\" onclick=\"closeRecomendadorFixed()\">\n            <div class=\"recomendadorCloseFixed\">X<\/div>\n            <\/div>\n            <a href=\"https:\/\/diariodocomercio.com.br\/mix\/funcionarios-da-disney-acabam-no-hospital-depois-de-sentirem-cheiro-ruim-no-parque\/\">\n            <div class=\"recomendadorFixedArea\">\n                <div id=\"recomendadorFixed\">\n                <div class=\"recomendadorLeftArea\">\n                    <div class=\"recomendadorImgFixed\">\n                    <img class=\"lazyload\" decoding=\"async\" src=\"https:\/\/diariodocomercio.com.br\/mix\/wp-content\/uploads\/2025\/02\/pexels-jmendezrf-12569769-scaled.jpg\" alt=\"\">\n                    <\/div>\n                <\/div>\n                <div class=\"recomendadorRightArea\">\n                    <div class=\"recomendadorTitleFixed\">\n                    <h2><span>Funcion\u00e1rios da Disney acabam no hospital depois de sentirem &quot;cheiro ruim&quot; no parque<\/span><\/h2>\n                    <\/div>\n                    <div class=\"recomendadorButtonFixed\">Leia mais<\/div>\n                    <div class=\"recomendadorAlertFixed\"><\/div>\n                <\/div>\n                <\/div>\n            <\/div>\n            <\/a>\n        <\/div>\n        <\/div>\n","protected":false},"excerpt":{"rendered":"<p>O Inmet (Instituto Nacional de Meteorologia) emitiu um alerta para altos volumes de chuva e &#8220;grande perigo&#8221; em \u00e1reas dos estados Rio de Janeiro, S\u00e3o Paulo e Minas Gerais. As chuvas est\u00e3o previstas para esta quinta-feira (12) e podem variar entre 60 mm e 100 mm. Infelizmente, elas devem trazer poss\u00edveis perigos para as regi\u00f5es, [&hellip;]<\/p>\n","protected":false},"author":6,"featured_media":38168,"comment_status":"closed","ping_status":"closed","sticky":false,"template":"","format":"standard","meta":{"jnews-multi-image_gallery":[],"jnews_single_post":{"format":"standard"},"jnews_primary_category":[],"jnews_social_meta":[],"jnews_override_counter":[],"jnews_post_split":[],"footnotes":""},"categories":[1],"tags":[],"class_list":["post-38167","post","type-post","status-publish","format-standard","has-post-thumbnail","hentry","category-geral"],"_referencia":"","_links":{"self":[{"href":"https:\/\/diariodocomercio.com.br\/mix\/wp-json\/wp\/v2\/posts\/38167","targetHints":{"allow":["GET"]}}],"collection":[{"href":"https:\/\/diariodocomercio.com.br\/mix\/wp-json\/wp\/v2\/posts"}],"about":[{"href":"https:\/\/diariodocomercio.com.br\/mix\/wp-json\/wp\/v2\/types\/post"}],"author":[{"embeddable":true,"href":"https:\/\/diariodocomercio.com.br\/mix\/wp-json\/wp\/v2\/users\/6"}],"replies":[{"embeddable":true,"href":"https:\/\/diariodocomercio.com.br\/mix\/wp-json\/wp\/v2\/comments?post=38167"}],"version-history":[{"count":1,"href":"https:\/\/diariodocomercio.com.br\/mix\/wp-json\/wp\/v2\/posts\/38167\/revisions"}],"predecessor-version":[{"id":38169,"href":"https:\/\/diariodocomercio.com.br\/mix\/wp-json\/wp\/v2\/posts\/38167\/revisions\/38169"}],"wp:featuredmedia":[{"embeddable":true,"href":"https:\/\/diariodocomercio.com.br\/mix\/wp-json\/wp\/v2\/media\/38168"}],"wp:attachment":[{"href":"https:\/\/diariodocomercio.com.br\/mix\/wp-json\/wp\/v2\/media?parent=38167"}],"wp:term":[{"taxonomy":"category","embeddable":true,"href":"https:\/\/diariodocomercio.com.br\/mix\/wp-json\/wp\/v2\/categories?post=38167"},{"taxonomy":"post_tag","embeddable":true,"href":"https:\/\/diariodocomercio.com.br\/mix\/wp-json\/wp\/v2\/tags?post=38167"}],"curies":[{"name":"wp","href":"https:\/\/api.w.org\/{rel}","templated":true}]}}