{"id":38175,"date":"2026-03-12T09:20:05","date_gmt":"2026-03-12T12:20:05","guid":{"rendered":"https:\/\/diariodocomercio.com.br\/mix\/?p=38175"},"modified":"2026-03-12T09:20:09","modified_gmt":"2026-03-12T12:20:09","slug":"bolsa-familia-atualiza-datas-de-pagamento-para-marco-e-comunica-brasileiros","status":"publish","type":"post","link":"https:\/\/diariodocomercio.com.br\/mix\/bolsa-familia-atualiza-datas-de-pagamento-para-marco-e-comunica-brasileiros\/","title":{"rendered":"Bolsa Fam\u00edlia atualiza datas de pagamento para mar\u00e7o e comunica brasileiros"},"content":{"rendered":"\n<p>O governo federal divulgou o calend\u00e1rio de pagamentos do Bolsa Fam\u00edlia referente ao m\u00eas de mar\u00e7o de 2026. Os repasses come\u00e7am no dia 18 de mar\u00e7o e seguem de forma escalonada at\u00e9 31 de mar\u00e7o, conforme o \u00faltimo d\u00edgito do N\u00famero de Identifica\u00e7\u00e3o Social (NIS) dos benefici\u00e1rios.<\/p>\n\n\n\n<p>Os pagamentos s\u00e3o realizados pela <strong>Caixa Econ\u00f4mica Federal<\/strong> e seguem a ordem definida pelo Minist\u00e9rio do Desenvolvimento e Assist\u00eancia Social (MDS). Benefici\u00e1rios com <strong>NIS final 1<\/strong> recebem primeiro, enquanto aqueles com <strong>NIS final 0<\/strong> ter\u00e3o o valor liberado no \u00faltimo dia do cronograma.<\/p>\n\n\n\n<p>Confira as datas definidas para o pagamento do benef\u00edcio neste m\u00eas:<\/p>\n\n\n\n<ul class=\"wp-block-list\">\n<li>NIS final 1 \u2013 18 de mar\u00e7o<\/li>\n\n\n\n<li>NIS final 2 \u2013 19 de mar\u00e7o<\/li>\n\n\n\n<li>NIS final 3 \u2013 20 de mar\u00e7o<\/li>\n\n\n\n<li>NIS final 4 \u2013 23 de mar\u00e7o<\/li>\n\n\n\n<li>NIS final 5 \u2013 24 de mar\u00e7o<\/li>\n\n\n\n<li>NIS final 6 \u2013 25 de mar\u00e7o<\/li>\n\n\n\n<li>NIS final 7 \u2013 26 de mar\u00e7o<\/li>\n\n\n\n<li>NIS final 8 \u2013 27 de mar\u00e7o<\/li>\n\n\n\n<li>NIS final 9 \u2013 30 de mar\u00e7o<\/li>\n\n\n\n<li>NIS final 0 \u2013 31 de mar\u00e7o<\/li>\n<\/ul>\n\n\n\n<p>Os benefici\u00e1rios podem consultar o n\u00famero do NIS e acompanhar as informa\u00e7\u00f5es sobre o pagamento por meio <strong>dos aplicativos oficiais do programa ou no site do governo federal<\/strong>.<\/p>\n\n\n\n<h2 class=\"wp-block-heading\"><strong>Valor m\u00ednimo \u00e9 de R$ 600 por fam\u00edlia<\/strong><\/h2>\n\n\n\n<p>Atualmente, o <strong>valor m\u00ednimo do Bolsa Fam\u00edlia \u00e9 de R$ 600 por fam\u00edlia<\/strong>. No entanto, o total recebido pode ser maior, dependendo da composi\u00e7\u00e3o familiar.<\/p>\n\n\n\n<p>O programa prev\u00ea adicionais espec\u00edficos, como:<\/p>\n\n\n\n<ul class=\"wp-block-list\">\n<li><strong>R$ 150<\/strong> para fam\u00edlias com <strong>crian\u00e7as de at\u00e9 6 anos<\/strong><\/li>\n\n\n\n<li><strong>R$ 50<\/strong> para <strong>gestantes e jovens entre 7 e 18 anos<\/strong><\/li>\n\n\n\n<li><strong>R$ 50 mensais por seis meses<\/strong> para m\u00e3es de <strong>beb\u00eas de at\u00e9 6 meses<\/strong>, por meio do Benef\u00edcio Vari\u00e1vel Familiar Nutriz<\/li>\n<\/ul>\n\n\n\n<h2 class=\"wp-block-heading\"><strong>Crit\u00e9rios para receber o benef\u00edcio<\/strong><\/h2>\n\n\n\n<p>O Bolsa Fam\u00edlia \u00e9 destinado a fam\u00edlias com <strong>renda mensal de at\u00e9 R$ 218 por pessoa<\/strong>. Para calcular, \u00e9 necess\u00e1rio somar toda a renda da casa e dividir pelo n\u00famero de moradores.<\/p>\n\n\n\n<p>Al\u00e9m do crit\u00e9rio de renda, os benefici\u00e1rios devem cumprir algumas exig\u00eancias para continuar recebendo o aux\u00edlio, entre elas:<\/p>\n\n\n\n<ul class=\"wp-block-list\">\n<li>Manter <strong>crian\u00e7as e adolescentes frequentando a escola<\/strong><\/li>\n\n\n\n<li>Garantir que <strong>gestantes realizem o pr\u00e9-natal<\/strong><\/li>\n\n\n\n<li>Manter <strong>a carteira de vacina\u00e7\u00e3o das crian\u00e7as atualizada<\/strong><\/li>\n<\/ul>\n\n\n\n<p>Para participar do programa, a fam\u00edlia precisa estar registrada no Cadastro \u00danico para Programas Sociais (Cad\u00danico). O cadastro \u00e9 feito nos postos de assist\u00eancia social dos munic\u00edpios.<\/p>\n\n\n\n<p>A inscri\u00e7\u00e3o no Cad\u00danico \u00e9 o primeiro passo para solicitar o benef\u00edcio, mas a inclus\u00e3o no Bolsa Fam\u00edlia depende da an\u00e1lise das informa\u00e7\u00f5es pelo governo federal.<\/p>\n","protected":false},"excerpt":{"rendered":"<p>O governo federal divulgou o calend\u00e1rio de pagamentos do Bolsa Fam\u00edlia referente ao m\u00eas de mar\u00e7o de 2026. Os repasses come\u00e7am no dia 18 de mar\u00e7o e seguem de forma escalonada at\u00e9 31 de mar\u00e7o, conforme o \u00faltimo d\u00edgito do N\u00famero de Identifica\u00e7\u00e3o Social (NIS) dos benefici\u00e1rios. Os pagamentos s\u00e3o realizados pela Caixa Econ\u00f4mica Federal [&hellip;]<\/p>\n","protected":false},"author":9,"featured_media":25660,"comment_status":"closed","ping_status":"closed","sticky":false,"template":"","format":"standard","meta":{"jnews-multi-image_gallery":[],"jnews_single_post":{"format":"standard"},"jnews_primary_category":[],"jnews_social_meta":[],"jnews_override_counter":[],"jnews_post_split":[],"footnotes":""},"categories":[1],"tags":[],"class_list":["post-38175","post","type-post","status-publish","format-standard","has-post-thumbnail","hentry","category-geral"],"_referencia":"","_links":{"self":[{"href":"https:\/\/diariodocomercio.com.br\/mix\/wp-json\/wp\/v2\/posts\/38175","targetHints":{"allow":["GET"]}}],"collection":[{"href":"https:\/\/diariodocomercio.com.br\/mix\/wp-json\/wp\/v2\/posts"}],"about":[{"href":"https:\/\/diariodocomercio.com.br\/mix\/wp-json\/wp\/v2\/types\/post"}],"author":[{"embeddable":true,"href":"https:\/\/diariodocomercio.com.br\/mix\/wp-json\/wp\/v2\/users\/9"}],"replies":[{"embeddable":true,"href":"https:\/\/diariodocomercio.com.br\/mix\/wp-json\/wp\/v2\/comments?post=38175"}],"version-history":[{"count":1,"href":"https:\/\/diariodocomercio.com.br\/mix\/wp-json\/wp\/v2\/posts\/38175\/revisions"}],"predecessor-version":[{"id":38176,"href":"https:\/\/diariodocomercio.com.br\/mix\/wp-json\/wp\/v2\/posts\/38175\/revisions\/38176"}],"wp:featuredmedia":[{"embeddable":true,"href":"https:\/\/diariodocomercio.com.br\/mix\/wp-json\/wp\/v2\/media\/25660"}],"wp:attachment":[{"href":"https:\/\/diariodocomercio.com.br\/mix\/wp-json\/wp\/v2\/media?parent=38175"}],"wp:term":[{"taxonomy":"category","embeddable":true,"href":"https:\/\/diariodocomercio.com.br\/mix\/wp-json\/wp\/v2\/categories?post=38175"},{"taxonomy":"post_tag","embeddable":true,"href":"https:\/\/diariodocomercio.com.br\/mix\/wp-json\/wp\/v2\/tags?post=38175"}],"curies":[{"name":"wp","href":"https:\/\/api.w.org\/{rel}","templated":true}]}}